{"id":977,"date":"2019-09-17T09:53:24","date_gmt":"2019-09-17T08:53:24","guid":{"rendered":"https:\/\/labozero.wordpress.com\/?p=977"},"modified":"2019-09-17T09:53:24","modified_gmt":"2019-09-17T08:53:24","slug":"parce-que","status":"publish","type":"post","link":"https:\/\/www.labozero.org\/index.php\/2019\/09\/17\/parce-que\/","title":{"rendered":"Parce que !"},"content":{"rendered":"<p>Parce que ce matin, la magnifique cabane en bois de notre voisine Linda a \u00e9t\u00e9 d\u00e9truite \u00e0 la pelleteuse\u00a0 et que nous n&rsquo;avons plus de nouvelles d&rsquo;elle.<\/p>\n<p><img loading=\"lazy\" decoding=\"async\" class=\"alignnone size-full wp-image-978 aligncenter\" src=\"https:\/\/www.labozero.org\/wp-content\/uploads\/2019\/09\/img_0886.jpg\" alt=\"IMG_0886\" width=\"480\" height=\"640\" srcset=\"https:\/\/www.labozero.org\/wp-content\/uploads\/2019\/09\/img_0886.jpg 480w, https:\/\/www.labozero.org\/wp-content\/uploads\/2019\/09\/img_0886-225x300.jpg 225w\" sizes=\"auto, (max-width: 480px) 100vw, 480px\" \/><\/p>\n<p>Parce qu&rsquo;il n&rsquo;y a plus beaucoup de place pour les po\u00e8tes.<\/p>\n<p>Parce que nous sommes parfois tristes, parfois en col\u00e8re mais que nous ne perdrons pas espoir.<\/p>\n<p>Parce que le monde du b\u00e9ton est dur et inconfortable.<\/p>\n<p>Parce que nous sommes convaincus de l&rsquo;urgence \u00e9cologique et sociale.<\/p>\n<p>Parce que nous ne courberons pas l&rsquo;\u00e9chine devant l&rsquo;injustice.<\/p>\n<p>Parce que m\u00eame \u00e9puis\u00e9s nous poursuivrons notre combat.<\/p>\n<p>Parce que nous avons tous besoin de cr\u00e9er de vrais liens.<\/p>\n<p>Parce qu&rsquo;il faut qu&rsquo;il y ai de plus en plus de lieux o\u00f9 l&rsquo;humain et la nature ont vraiment leur place.<\/p>\n<p>Parce que nous sommes un peu fou, on l&rsquo;avoue volontiers&#8230;<\/p>\n<p>Parce que lorsqu&rsquo;on nous menace de fermeture, on ne plie pas mais au contraire on se tient droit, les bras ouverts.<\/p>\n<p>Parce que l&rsquo;\u00e9nergie, c&rsquo;est vous qui nous la donnez.<\/p>\n<p>Parce qu\u2019on veut que ce lieu vive envers et contre la b\u00eatise institutionnelle.<\/p>\n<p style=\"text-align:center;\"><strong><span style=\"color:#008000;\">NOUS OUVRONS D\u00c9SORMAIS LE JEUDI DE 18H \u00e0 21H !!!!<\/span><\/strong><\/p>\n<p>L&rsquo;atelier d&rsquo;auto-r\u00e9paration et de construction, la tisanerie (avec toujours un truc \u00e0 boire et parfois un truc \u00e0 grignoter), la librairie gratuite, la biblioth\u00e8que, ludoth\u00e8que, l&rsquo;atelier tawashis et ce que tout ce que vous voudrez proposer !<\/p>\n<p>L&rsquo;AMAP des 4 chemins sera pr\u00e9sente de 18 \u00e0 20h pour sa distribution hebdomadaire.<\/p>\n<p>A jeudi !!<\/p>\n<p>&nbsp;<\/p>\n","protected":false},"excerpt":{"rendered":"<p>Parce que ce matin, la magnifique cabane en bois de notre voisine Linda a \u00e9t\u00e9 d\u00e9truite \u00e0 la pelleteuse\u00a0 et que nous n&rsquo;avons plus de nouvelles d&rsquo;elle. Parce qu&rsquo;il n&rsquo;y a plus beaucoup de place pour les po\u00e8tes. Parce que nous sommes parfois tristes, parfois en col\u00e8re mais que nous ne perdrons pas espoir. Parce que le monde du b\u00e9ton est dur et inconfortable. Parce que nous sommes convaincus de l&rsquo;urgence \u00e9cologique et sociale. Parce que nous ne courberons pas l&rsquo;\u00e9chine devant l&rsquo;injustice. Parce que m\u00eame \u00e9puis\u00e9s nous poursuivrons notre combat. Parce que nous avons tous besoin de cr\u00e9er de vrais liens. Parce qu&rsquo;il faut qu&rsquo;il y ai de plus en plus de lieux o\u00f9 l&rsquo;humain et la nature ont vraiment leur place. Parce que nous sommes un peu fou, on l&rsquo;avoue volontiers&#8230; Parce que lorsqu&rsquo;on nous menace de fermeture, on ne plie pas mais au contraire on se tient droit, les bras ouverts. Parce que l&rsquo;\u00e9nergie, c&rsquo;est vous qui nous la donnez. Parce qu\u2019on veut que ce lieu vive envers et contre la b\u00eatise institutionnelle. NOUS OUVRONS D\u00c9SORMAIS LE JEUDI DE 18H \u00e0 21H !!!! L&rsquo;atelier d&rsquo;auto-r\u00e9paration et de construction, la tisanerie (avec toujours un truc \u00e0 boire et parfois un truc \u00e0 grignoter), la librairie gratuite, la biblioth\u00e8que, ludoth\u00e8que, l&rsquo;atelier tawashis et ce que tout ce que vous voudrez proposer ! L&rsquo;AMAP des 4 chemins sera pr\u00e9sente de 18 \u00e0 20h pour sa distribution hebdomadaire. A jeudi !! &nbsp;<\/p>\n","protected":false},"author":2,"featured_media":0,"comment_status":"open","ping_status":"open","sticky":false,"template":"","format":"standard","meta":{"rop_custom_images_group":[],"rop_custom_messages_group":[],"rop_publish_now":"initial","rop_publish_now_accounts":[],"rop_publish_now_history":[],"rop_publish_now_status":"pending","_themeisle_gutenberg_block_has_review":false,"_jetpack_memberships_contains_paid_content":false,"footnotes":""},"categories":[1],"tags":[],"class_list":["post-977","post","type-post","status-publish","format-standard","hentry","category-non-classe"],"jetpack_featured_media_url":"","jetpack-related-posts":[{"id":2960,"url":"https:\/\/www.labozero.org\/index.php\/2022\/02\/22\/des-news\/","url_meta":{"origin":977,"position":0},"title":"Des News !","author":"labozero","date":"22 f\u00e9vrier, 2022","format":false,"excerpt":"La Gratuiterie revient \u00e0 Pantin !!! Parce qu\u2019il est grand temps d\u2019arr\u00eater d'acheter du neuf, parce que notre terre n'a plus les moyens de sur-produire, parce que les faux circuits de r\u00e9emploi subventionn\u00e9s et polluants ca suffit, parce qu\u2019on en a assez de se faire imposer des modes et des\u2026","rel":"","context":"Dans &quot;Non class\u00e9&quot;","block_context":{"text":"Non class\u00e9","link":"https:\/\/www.labozero.org\/index.php\/category\/non-classe\/"},"img":{"alt_text":"","src":"https:\/\/i0.wp.com\/www.labozero.org\/wp-content\/uploads\/2022\/02\/274484241_512417020340878_2707239973649677442_n-150x150.jpg?resize=350%2C200&ssl=1","width":350,"height":200,"srcset":"https:\/\/i0.wp.com\/www.labozero.org\/wp-content\/uploads\/2022\/02\/274484241_512417020340878_2707239973649677442_n-150x150.jpg?resize=350%2C200&ssl=1 1x, https:\/\/i0.wp.com\/www.labozero.org\/wp-content\/uploads\/2022\/02\/274484241_512417020340878_2707239973649677442_n-150x150.jpg?resize=525%2C300&ssl=1 1.5x, https:\/\/i0.wp.com\/www.labozero.org\/wp-content\/uploads\/2022\/02\/274484241_512417020340878_2707239973649677442_n-150x150.jpg?resize=700%2C400&ssl=1 2x, https:\/\/i0.wp.com\/www.labozero.org\/wp-content\/uploads\/2022\/02\/274484241_512417020340878_2707239973649677442_n-150x150.jpg?resize=1050%2C600&ssl=1 3x, https:\/\/i0.wp.com\/www.labozero.org\/wp-content\/uploads\/2022\/02\/274484241_512417020340878_2707239973649677442_n-150x150.jpg?resize=1400%2C800&ssl=1 4x"},"classes":[]},{"id":111,"url":"https:\/\/www.labozero.org\/index.php\/2018\/09\/19\/atelier-du-dimanche-23-septembre\/","url_meta":{"origin":977,"position":1},"title":"Atelier du dimanche 23 Septembre","author":"labozero","date":"19 septembre, 2018","format":false,"excerpt":"Parce que c'est la rentr\u00e9e, et que vous cherchez une alternative \u00e9cologique et saine \u00e0 la colle synth\u00e9tique des enfants (emball\u00e9e dans une s\u00e9rie de d\u00e9chets plastique). Parce que\u00a0 vous voulez retapisser votre chambre, car vous avez un stock de bocaux r\u00e9alis\u00e9s cet \u00e9t\u00e9 et que vous ne savez pas\u2026","rel":"","context":"Dans &quot;Non class\u00e9&quot;","block_context":{"text":"Non class\u00e9","link":"https:\/\/www.labozero.org\/index.php\/category\/non-classe\/"},"img":{"alt_text":"","src":"https:\/\/i0.wp.com\/www.labozero.org\/wp-content\/uploads\/2018\/09\/img_0418.jpg?resize=350%2C200&ssl=1","width":350,"height":200,"srcset":"https:\/\/i0.wp.com\/www.labozero.org\/wp-content\/uploads\/2018\/09\/img_0418.jpg?resize=350%2C200&ssl=1 1x, https:\/\/i0.wp.com\/www.labozero.org\/wp-content\/uploads\/2018\/09\/img_0418.jpg?resize=525%2C300&ssl=1 1.5x, https:\/\/i0.wp.com\/www.labozero.org\/wp-content\/uploads\/2018\/09\/img_0418.jpg?resize=700%2C400&ssl=1 2x, https:\/\/i0.wp.com\/www.labozero.org\/wp-content\/uploads\/2018\/09\/img_0418.jpg?resize=1050%2C600&ssl=1 3x"},"classes":[]},{"id":2840,"url":"https:\/\/www.labozero.org\/index.php\/2022\/01\/17\/gratuiterie-a-pantin\/","url_meta":{"origin":977,"position":2},"title":"Gratuiterie \u00e0 Pantin","author":"labozero","date":"17 janvier, 2022","format":false,"excerpt":"RDV dimanche 23 janvier entre 14 et 18h pour une gratuiterie en ext\u00e9rieur \u00e0 Pantin (si il fait beau) ! Venez d\u00e9nicher des v\u00eatements femme et homme, de la vaisselle, des bibelots, du linge de maison et quelques affaires enfants. Comme toujours, une seule condition : le partage bienveillant !\u2026","rel":"","context":"Dans &quot;Non class\u00e9&quot;","block_context":{"text":"Non class\u00e9","link":"https:\/\/www.labozero.org\/index.php\/category\/non-classe\/"},"img":{"alt_text":"","src":"https:\/\/i0.wp.com\/www.labozero.org\/wp-content\/uploads\/2022\/01\/Grille-dentree-du-LEO-credit-photo-Gary-Libot-min-scaled.jpg?resize=350%2C200&ssl=1","width":350,"height":200,"srcset":"https:\/\/i0.wp.com\/www.labozero.org\/wp-content\/uploads\/2022\/01\/Grille-dentree-du-LEO-credit-photo-Gary-Libot-min-scaled.jpg?resize=350%2C200&ssl=1 1x, https:\/\/i0.wp.com\/www.labozero.org\/wp-content\/uploads\/2022\/01\/Grille-dentree-du-LEO-credit-photo-Gary-Libot-min-scaled.jpg?resize=525%2C300&ssl=1 1.5x, https:\/\/i0.wp.com\/www.labozero.org\/wp-content\/uploads\/2022\/01\/Grille-dentree-du-LEO-credit-photo-Gary-Libot-min-scaled.jpg?resize=700%2C400&ssl=1 2x, https:\/\/i0.wp.com\/www.labozero.org\/wp-content\/uploads\/2022\/01\/Grille-dentree-du-LEO-credit-photo-Gary-Libot-min-scaled.jpg?resize=1050%2C600&ssl=1 3x, https:\/\/i0.wp.com\/www.labozero.org\/wp-content\/uploads\/2022\/01\/Grille-dentree-du-LEO-credit-photo-Gary-Libot-min-scaled.jpg?resize=1400%2C800&ssl=1 4x"},"classes":[]},{"id":663,"url":"https:\/\/www.labozero.org\/index.php\/2019\/02\/26\/bricolette-musique-et-tintamar-a-la-friche\/","url_meta":{"origin":977,"position":3},"title":"Bricolette, musique et Tintamar \u00e0 la friche !","author":"labozero","date":"26 f\u00e9vrier, 2019","format":false,"excerpt":"\u00a0 Ca bouge et ca swing en ce mois de Mars au 1 rue Bouquet \u00e0 Noisy le sec ! \u00a0 Venez prendre le soleil avec nous, jardiner, siroter une tisane, faire vos emplettes gratos mais surtout venez profiter de la pr\u00e9sence de zicos allum\u00e9s pour inventer et bricoler ensemble\u2026","rel":"","context":"Dans &quot;Non class\u00e9&quot;","block_context":{"text":"Non class\u00e9","link":"https:\/\/www.labozero.org\/index.php\/category\/non-classe\/"},"img":{"alt_text":"","src":"https:\/\/i0.wp.com\/www.labozero.org\/wp-content\/uploads\/2019\/02\/affiche-150.jpg?resize=350%2C200&ssl=1","width":350,"height":200,"srcset":"https:\/\/i0.wp.com\/www.labozero.org\/wp-content\/uploads\/2019\/02\/affiche-150.jpg?resize=350%2C200&ssl=1 1x, https:\/\/i0.wp.com\/www.labozero.org\/wp-content\/uploads\/2019\/02\/affiche-150.jpg?resize=525%2C300&ssl=1 1.5x, https:\/\/i0.wp.com\/www.labozero.org\/wp-content\/uploads\/2019\/02\/affiche-150.jpg?resize=700%2C400&ssl=1 2x, https:\/\/i0.wp.com\/www.labozero.org\/wp-content\/uploads\/2019\/02\/affiche-150.jpg?resize=1050%2C600&ssl=1 3x, https:\/\/i0.wp.com\/www.labozero.org\/wp-content\/uploads\/2019\/02\/affiche-150.jpg?resize=1400%2C800&ssl=1 4x"},"classes":[]},{"id":1065,"url":"https:\/\/www.labozero.org\/index.php\/2019\/11\/04\/soiree-cine-docu-jeudi-soir\/","url_meta":{"origin":977,"position":4},"title":"Soir\u00e9e cin\u00e9\/docu jeudi soir","author":"labozero","date":"4 novembre, 2019","format":false,"excerpt":"Le jeudi l'atelier g\u00e9ant est ouvert de 18 \u00e0 21h pour recevoir l'Amp des 4 chemins, des r\u00e9parateurs de toutes sortes et des gourmands de passage. Cette semaine on propose \u00e0 partir de 20h la diffusion du film de Yannis Youlountas sortit en 2015 \"Je lutte donc je suis\". C'est\u2026","rel":"","context":"Dans &quot;Non class\u00e9&quot;","block_context":{"text":"Non class\u00e9","link":"https:\/\/www.labozero.org\/index.php\/category\/non-classe\/"},"img":{"alt_text":"","src":"https:\/\/i0.wp.com\/www.labozero.org\/wp-content\/uploads\/2019\/11\/affiche_du_film_je_lutte_donc_je_suis.jpg?resize=350%2C200&ssl=1","width":350,"height":200},"classes":[]},{"id":4165,"url":"https:\/\/www.labozero.org\/index.php\/2023\/01\/20\/intersquat-festival-lisf-cest-nous\/","url_meta":{"origin":977,"position":5},"title":"InterSquat Festival : L&rsquo;ISF c&rsquo;est nous !","author":"labozero","date":"20 janvier, 2023","format":false,"excerpt":"Festival Intersquat contre la loi anti-squat du 21 au 29 janvier 2023 en r\u00e9gion parisienne ! \"Le 31 janvier, la proposition de loi n\u00b0360 \"visant \u00e0 prot\u00e9ger les logements contre l'occupation illicite\" sera d\u00e9battue au S\u00e9nat. D\u00e9pos\u00e9e le 18 octobre par les d\u00e9put\u00e9s Kasbarian et Berg\u00e9 (LREM), elle a d\u00e9j\u00e0\u2026","rel":"","context":"Dans &quot;Non class\u00e9&quot;","block_context":{"text":"Non class\u00e9","link":"https:\/\/www.labozero.org\/index.php\/category\/non-classe\/"},"img":{"alt_text":"","src":"https:\/\/i0.wp.com\/www.labozero.org\/wp-content\/uploads\/2023\/01\/signal-2023-01-17-13-20-06-127.jpg?resize=350%2C200&ssl=1","width":350,"height":200,"srcset":"https:\/\/i0.wp.com\/www.labozero.org\/wp-content\/uploads\/2023\/01\/signal-2023-01-17-13-20-06-127.jpg?resize=350%2C200&ssl=1 1x, https:\/\/i0.wp.com\/www.labozero.org\/wp-content\/uploads\/2023\/01\/signal-2023-01-17-13-20-06-127.jpg?resize=525%2C300&ssl=1 1.5x, https:\/\/i0.wp.com\/www.labozero.org\/wp-content\/uploads\/2023\/01\/signal-2023-01-17-13-20-06-127.jpg?resize=700%2C400&ssl=1 2x, https:\/\/i0.wp.com\/www.labozero.org\/wp-content\/uploads\/2023\/01\/signal-2023-01-17-13-20-06-127.jpg?resize=1050%2C600&ssl=1 3x, https:\/\/i0.wp.com\/www.labozero.org\/wp-content\/uploads\/2023\/01\/signal-2023-01-17-13-20-06-127.jpg?resize=1400%2C800&ssl=1 4x"},"classes":[]}],"jetpack_shortlink":"https:\/\/wp.me\/pbPs9A-fL","jetpack_sharing_enabled":true,"_links":{"self":[{"href":"https:\/\/www.labozero.org\/index.php\/wp-json\/wp\/v2\/posts\/977","targetHints":{"allow":["GET"]}}],"collection":[{"href":"https:\/\/www.labozero.org\/index.php\/wp-json\/wp\/v2\/posts"}],"about":[{"href":"https:\/\/www.labozero.org\/index.php\/wp-json\/wp\/v2\/types\/post"}],"author":[{"embeddable":true,"href":"https:\/\/www.labozero.org\/index.php\/wp-json\/wp\/v2\/users\/2"}],"replies":[{"embeddable":true,"href":"https:\/\/www.labozero.org\/index.php\/wp-json\/wp\/v2\/comments?post=977"}],"version-history":[{"count":0,"href":"https:\/\/www.labozero.org\/index.php\/wp-json\/wp\/v2\/posts\/977\/revisions"}],"wp:attachment":[{"href":"https:\/\/www.labozero.org\/index.php\/wp-json\/wp\/v2\/media?parent=977"}],"wp:term":[{"taxonomy":"category","embeddable":true,"href":"https:\/\/www.labozero.org\/index.php\/wp-json\/wp\/v2\/categories?post=977"},{"taxonomy":"post_tag","embeddable":true,"href":"https:\/\/www.labozero.org\/index.php\/wp-json\/wp\/v2\/tags?post=977"}],"curies":[{"name":"wp","href":"https:\/\/api.w.org\/{rel}","templated":true}]}}