{"id":887,"date":"2019-07-17T09:46:34","date_gmt":"2019-07-17T08:46:34","guid":{"rendered":"https:\/\/labozero.wordpress.com\/?p=887"},"modified":"2019-07-17T09:46:34","modified_gmt":"2019-07-17T08:46:34","slug":"la-gratuiterie-ambulante-speciale-enfants-revient","status":"publish","type":"post","link":"https:\/\/www.labozero.org\/index.php\/2019\/07\/17\/la-gratuiterie-ambulante-speciale-enfants-revient\/","title":{"rendered":"La Gratuiterie Ambulante sp\u00e9ciale enfants revient !"},"content":{"rendered":"<p style=\"text-align:center;\">Programmation du week end :<\/p>\n<p>Samedi :<\/p>\n<p style=\"text-align:justify;\">Retrouvez-nous \u00e0 la friche, profitez du soleil et remplissez les placards de vos petits d&rsquo;hommes. De 6 mois (et oui le 0\/3 mois est r\u00e9serv\u00e9 pour un petit bagage d&rsquo;amour ) \u00e0 16 ans ils seront tous g\u00e2t\u00e9s. V\u00eatements, chaussures mais aussi un peu de jouets et peluches .<\/p>\n<p>Pr\u00e9pa en cours :<\/p>\n<div id='gallery-1' class='gallery galleryid-887 gallery-columns-3 gallery-size-thumbnail'><figure class='gallery-item'>\n\t\t\t<div class='gallery-icon landscape'>\n\t\t\t\t<a href='https:\/\/www.labozero.org\/index.php\/2019\/07\/17\/la-gratuiterie-ambulante-speciale-enfants-revient\/img_0807\/'><img loading=\"lazy\" decoding=\"async\" width=\"150\" height=\"150\" src=\"https:\/\/www.labozero.org\/wp-content\/uploads\/2019\/07\/img_0807-150x150.jpg\" class=\"attachment-thumbnail size-thumbnail\" alt=\"\" \/><\/a>\n\t\t\t<\/div><\/figure><figure class='gallery-item'>\n\t\t\t<div class='gallery-icon portrait'>\n\t\t\t\t<a href='https:\/\/www.labozero.org\/index.php\/2019\/07\/17\/la-gratuiterie-ambulante-speciale-enfants-revient\/img_0808\/'><img loading=\"lazy\" decoding=\"async\" width=\"150\" height=\"150\" src=\"https:\/\/www.labozero.org\/wp-content\/uploads\/2019\/07\/img_0808-150x150.jpg\" class=\"attachment-thumbnail size-thumbnail\" alt=\"\" \/><\/a>\n\t\t\t<\/div><\/figure><figure class='gallery-item'>\n\t\t\t<div class='gallery-icon landscape'>\n\t\t\t\t<a href='https:\/\/www.labozero.org\/index.php\/2019\/07\/17\/la-gratuiterie-ambulante-speciale-enfants-revient\/img_0809\/'><img loading=\"lazy\" decoding=\"async\" width=\"150\" height=\"150\" src=\"https:\/\/www.labozero.org\/wp-content\/uploads\/2019\/07\/img_0809-150x150.jpg\" class=\"attachment-thumbnail size-thumbnail\" alt=\"\" \/><\/a>\n\t\t\t<\/div><\/figure>\n\t\t<\/div>\n\n<p style=\"text-align:justify;\">Michel bricolera au jardin m\u00eame si la s\u00e9cheresse a fait des ravages sur nos plantations&#8230; c&rsquo;est le bon moment pour observer quelles plantes s&rsquo;adaptent\u00a0 au changement climatique, \u00e9changer sur d&rsquo;\u00e9ventuelles solutions, imaginer le jardin de demain&#8230;<\/p>\n<p style=\"text-align:justify;\">Boissons fraiches bio et maison \u00e0 prix libre pour supporter le soleil \ud83d\ude09<\/p>\n<p style=\"text-align:center;\"><span style=\"color:#008080;\"><strong>C&rsquo;est \u00e0 la friche de Noisy-le-sec, au 1 rue Bouquet entre 15 et 17h.<\/strong><\/span><\/p>\n<p>&nbsp;<\/p>\n<p>Dimanche :<\/p>\n<p style=\"text-align:justify;\">Ouverture hebdomadaire de l&rsquo;Atelier G\u00e9ant \u00e0 Pantin : venez apprendre \u00e0 r\u00e9parer les objets du quotidien : v\u00e9los, ordis mais aussi \u00e9lectrom\u00e9nager, meubles&#8230;<\/p>\n<p style=\"text-align:justify;\">Le succ\u00e8s de l&rsquo;atelier couture \u00d8d\u00e9chet nous pousse \u00e0 continuer : ce dimanche rejoignez St\u00e9phanie qui partagera une fois encore sa passion avec vous. Au programme exp\u00e9rimentation des couches lavables et si \u00e7a ne vous botte pas d&rsquo;autres projets sont r\u00e9alisables (coton \u00e0 d\u00e9maquiller, serviettes hygi\u00e9niques, r\u00e9parations&#8230;). Il y a quelques machines \u00e0 coudre sur place mais si vous en avez une, elle est bienvenue. Pour les tissus nous avons un peu de r\u00e9cup&rsquo;&#8230;\u00a0 <strong>RDV \u00e0 15h.<\/strong><\/p>\n<p style=\"text-align:justify;\">L&rsquo;atelier autonome de tawashis reste en place pour occuper enfants et grands.<\/p>\n<p style=\"text-align:justify;\">Nos deux points de collectes sont actifs, n&rsquo;h\u00e9sitez pas \u00e0 nous apporter produits d&rsquo;hygi\u00e8ne, couches, v\u00eatements&#8230;..<\/p>\n<p style=\"text-align:justify;\">Et toujours la cantoch&rsquo; bio pour le go\u00fbter, les boissons et le diner !<\/p>\n<p style=\"text-align:center;\"><span style=\"color:#008080;\"><strong>\u00c7a se passe au 20 avenue Edouard Vaillant \u00e0 Pantin entre 15 et 21h.<\/strong><\/span><\/p>\n","protected":false},"excerpt":{"rendered":"<p>Programmation du week end : Samedi : Retrouvez-nous \u00e0 la friche, profitez du soleil et remplissez les placards de vos petits d&rsquo;hommes. De 6 mois (et oui le 0\/3 mois est r\u00e9serv\u00e9 pour un petit bagage d&rsquo;amour ) \u00e0 16 ans ils seront tous g\u00e2t\u00e9s. V\u00eatements, chaussures mais aussi un peu de jouets et peluches . Pr\u00e9pa en cours : Michel bricolera au jardin m\u00eame si la s\u00e9cheresse a fait des ravages sur nos plantations&#8230; c&rsquo;est le bon moment pour observer quelles plantes s&rsquo;adaptent\u00a0 au changement climatique, \u00e9changer sur d&rsquo;\u00e9ventuelles solutions, imaginer le jardin de demain&#8230; Boissons fraiches bio et maison \u00e0 prix libre pour supporter le soleil \ud83d\ude09 C&rsquo;est \u00e0 la friche de Noisy-le-sec, au 1 rue Bouquet entre 15 et 17h. &nbsp; Dimanche : Ouverture hebdomadaire de l&rsquo;Atelier G\u00e9ant \u00e0 Pantin : venez apprendre \u00e0 r\u00e9parer les objets du quotidien : v\u00e9los, ordis mais aussi \u00e9lectrom\u00e9nager, meubles&#8230; Le succ\u00e8s de l&rsquo;atelier couture \u00d8d\u00e9chet nous pousse \u00e0 continuer : ce dimanche rejoignez St\u00e9phanie qui partagera une fois encore sa passion avec vous. Au programme exp\u00e9rimentation des couches lavables et si \u00e7a ne vous botte pas d&rsquo;autres projets sont r\u00e9alisables (coton \u00e0 d\u00e9maquiller, serviettes hygi\u00e9niques, r\u00e9parations&#8230;). Il y a quelques machines \u00e0 coudre sur place mais si vous en avez une, elle est bienvenue. Pour les tissus nous avons un peu de r\u00e9cup&rsquo;&#8230;\u00a0 RDV \u00e0 15h. L&rsquo;atelier autonome de tawashis reste en place pour occuper enfants et grands. Nos deux points de collectes sont actifs, n&rsquo;h\u00e9sitez pas \u00e0 nous apporter produits d&rsquo;hygi\u00e8ne, couches, v\u00eatements&#8230;.. Et toujours la cantoch&rsquo; bio pour le go\u00fbter, les boissons et le diner ! \u00c7a se passe au 20 avenue Edouard Vaillant \u00e0 Pantin entre 15 et 21h.<\/p>\n","protected":false},"author":2,"featured_media":0,"comment_status":"open","ping_status":"open","sticky":false,"template":"","format":"standard","meta":{"rop_custom_images_group":[],"rop_custom_messages_group":[],"rop_publish_now":"initial","rop_publish_now_accounts":[],"rop_publish_now_history":[],"rop_publish_now_status":"pending","_themeisle_gutenberg_block_has_review":false,"_jetpack_memberships_contains_paid_content":false,"footnotes":""},"categories":[1],"tags":[],"class_list":["post-887","post","type-post","status-publish","format-standard","hentry","category-non-classe"],"jetpack_featured_media_url":"","jetpack-related-posts":[{"id":663,"url":"https:\/\/www.labozero.org\/index.php\/2019\/02\/26\/bricolette-musique-et-tintamar-a-la-friche\/","url_meta":{"origin":887,"position":0},"title":"Bricolette, musique et Tintamar \u00e0 la friche !","author":"labozero","date":"26 f\u00e9vrier, 2019","format":false,"excerpt":"\u00a0 Ca bouge et ca swing en ce mois de Mars au 1 rue Bouquet \u00e0 Noisy le sec ! \u00a0 Venez prendre le soleil avec nous, jardiner, siroter une tisane, faire vos emplettes gratos mais surtout venez profiter de la pr\u00e9sence de zicos allum\u00e9s pour inventer et bricoler ensemble\u2026","rel":"","context":"Dans &quot;Non class\u00e9&quot;","block_context":{"text":"Non class\u00e9","link":"https:\/\/www.labozero.org\/index.php\/category\/non-classe\/"},"img":{"alt_text":"","src":"https:\/\/i0.wp.com\/www.labozero.org\/wp-content\/uploads\/2019\/02\/affiche-150.jpg?resize=350%2C200&ssl=1","width":350,"height":200,"srcset":"https:\/\/i0.wp.com\/www.labozero.org\/wp-content\/uploads\/2019\/02\/affiche-150.jpg?resize=350%2C200&ssl=1 1x, https:\/\/i0.wp.com\/www.labozero.org\/wp-content\/uploads\/2019\/02\/affiche-150.jpg?resize=525%2C300&ssl=1 1.5x, https:\/\/i0.wp.com\/www.labozero.org\/wp-content\/uploads\/2019\/02\/affiche-150.jpg?resize=700%2C400&ssl=1 2x, https:\/\/i0.wp.com\/www.labozero.org\/wp-content\/uploads\/2019\/02\/affiche-150.jpg?resize=1050%2C600&ssl=1 3x, https:\/\/i0.wp.com\/www.labozero.org\/wp-content\/uploads\/2019\/02\/affiche-150.jpg?resize=1400%2C800&ssl=1 4x"},"classes":[]},{"id":264,"url":"https:\/\/www.labozero.org\/index.php\/2018\/11\/02\/on-retourne-jardiner-a-la-friche\/","url_meta":{"origin":887,"position":1},"title":"On retourne jardiner \u00e0 la friche","author":"labozero","date":"2 novembre, 2018","format":false,"excerpt":"Demain nous allons \u00e0 la friche gratter et nourrir les butes pour le printemps prochain. N'h\u00e9sitez pas \u00e0 apporter vos outils et des boutures ! Nous pr\u00e9parerons une tisane pour se r\u00e9chauffer. RDV \u00e0 15h devant le LE\u00d8. A demain ! \u00a0","rel":"","context":"Dans &quot;Non class\u00e9&quot;","block_context":{"text":"Non class\u00e9","link":"https:\/\/www.labozero.org\/index.php\/category\/non-classe\/"},"img":{"alt_text":"cropped-img_0587","src":"https:\/\/i0.wp.com\/www.labozero.org\/wp-content\/uploads\/2018\/10\/cropped-img_0587.jpg?resize=350%2C200&ssl=1","width":350,"height":200},"classes":[]},{"id":735,"url":"https:\/\/www.labozero.org\/index.php\/2019\/04\/18\/ce-week-end-a-la-friche\/","url_meta":{"origin":887,"position":2},"title":"Ce week end \u00e0 la friche :","author":"labozero","date":"18 avril, 2019","format":false,"excerpt":"Samedi c'est avec la Gratuiterie Ambulante sp\u00e9ciale enfants que nous vous retrouverons. Vous pouvez d\u00e9sormais nous ramener vos stocks d'affaires \u00e0 donner, nous avons de nouveau la place de les stocker ;) . Michel revient lui aussi pour jardiner avec vous, il y a des capucines tub\u00e9reuses \u00e0 diviser, de\u2026","rel":"","context":"Dans &quot;Non class\u00e9&quot;","block_context":{"text":"Non class\u00e9","link":"https:\/\/www.labozero.org\/index.php\/category\/non-classe\/"},"img":{"alt_text":"IMG_1534","src":"https:\/\/i0.wp.com\/www.labozero.org\/wp-content\/uploads\/2019\/04\/img_1534.jpg?resize=350%2C200&ssl=1","width":350,"height":200},"classes":[]},{"id":1628,"url":"https:\/\/www.labozero.org\/index.php\/2020\/06\/26\/les-petits-pains-solidaires-du-mois-de-juillet\/","url_meta":{"origin":887,"position":3},"title":"Les petits pains solidaires du mois de juillet","author":"labozero","date":"26 juin, 2020","format":false,"excerpt":"V\u00e9loma, l'association qui nous a fabriqu\u00e9 notre super charrette de Gratuiterie Ambulante, est aussi la joyeuse propri\u00e9taire d'un magnifique four \u00e0 pains que nous accueillons tout le mois de juillet. Premi\u00e8re fourn\u00e9e aujourd'hui. Les pains seront distribu\u00e9s aux 20 mamans chanceuses qui viendront chercher leur petit bagage cet apr\u00e8s midi.\u2026","rel":"","context":"Dans &quot;Non class\u00e9&quot;","block_context":{"text":"Non class\u00e9","link":"https:\/\/www.labozero.org\/index.php\/category\/non-classe\/"},"img":{"alt_text":"","src":"https:\/\/i0.wp.com\/www.labozero.org\/wp-content\/uploads\/2020\/06\/P6261301.jpg?resize=350%2C200&ssl=1","width":350,"height":200,"srcset":"https:\/\/i0.wp.com\/www.labozero.org\/wp-content\/uploads\/2020\/06\/P6261301.jpg?resize=350%2C200&ssl=1 1x, https:\/\/i0.wp.com\/www.labozero.org\/wp-content\/uploads\/2020\/06\/P6261301.jpg?resize=525%2C300&ssl=1 1.5x, https:\/\/i0.wp.com\/www.labozero.org\/wp-content\/uploads\/2020\/06\/P6261301.jpg?resize=700%2C400&ssl=1 2x, https:\/\/i0.wp.com\/www.labozero.org\/wp-content\/uploads\/2020\/06\/P6261301.jpg?resize=1050%2C600&ssl=1 3x, https:\/\/i0.wp.com\/www.labozero.org\/wp-content\/uploads\/2020\/06\/P6261301.jpg?resize=1400%2C800&ssl=1 4x"},"classes":[]},{"id":1442,"url":"https:\/\/www.labozero.org\/index.php\/2020\/04\/11\/un-an-du-leo-avenue-edouard-vaillant-bilan-de-lag-et-de-la-colo-des-bricolos-ecolos\/","url_meta":{"origin":887,"position":4},"title":"Un an du LE\u00d8 avenue Edouard Vaillant, bilan de l&rsquo;AG et de la colo des bricolos \u00e9colos.","author":"labozero","date":"11 avril, 2020","format":false,"excerpt":"Assembl\u00e9e g\u00e9n\u00e9rale de Mars 2020 Pr\u00e9sents\u00a0: Amelie, Michel, Stephanie, Y\u00e9dr\u00e9, Luciole, Stephane ,H\u00e9l\u00e8ne, Thomas, Kalev, Igor. \u00c9lection de la nouvelle pr\u00e9sident.e de l'association\u00a0au consensus: St\u00e9phanie Doguet Bilan financier\u00a0: de l'argent avanc\u00e9 mais pas de dette avec le reste de la subvention 2019 d'est ensemble qui arrive Bilan des actions du\u2026","rel":"","context":"Dans &quot;Non class\u00e9&quot;","block_context":{"text":"Non class\u00e9","link":"https:\/\/www.labozero.org\/index.php\/category\/non-classe\/"},"img":{"alt_text":"","src":"https:\/\/i0.wp.com\/www.labozero.org\/wp-content\/uploads\/2019\/09\/verriecc80re-nuit.jpg?resize=350%2C200&ssl=1","width":350,"height":200,"srcset":"https:\/\/i0.wp.com\/www.labozero.org\/wp-content\/uploads\/2019\/09\/verriecc80re-nuit.jpg?resize=350%2C200&ssl=1 1x, https:\/\/i0.wp.com\/www.labozero.org\/wp-content\/uploads\/2019\/09\/verriecc80re-nuit.jpg?resize=525%2C300&ssl=1 1.5x, https:\/\/i0.wp.com\/www.labozero.org\/wp-content\/uploads\/2019\/09\/verriecc80re-nuit.jpg?resize=700%2C400&ssl=1 2x"},"classes":[]},{"id":438,"url":"https:\/\/www.labozero.org\/index.php\/2018\/12\/18\/samedi-a-la-friche\/","url_meta":{"origin":887,"position":5},"title":"Samedi \u00e0 la friche&#8230;","author":"labozero","date":"18 d\u00e9cembre, 2018","format":false,"excerpt":"Pour le dernier samedi avant No\u00ebl, nous avons convi\u00e9 \u00e0 la friche o\u00f9 nous jardinons les tricoteuses de \"R\u00eavons la culture\" (lien) pour recueillir ensemble des dons pour les femmes et leurs b\u00e9b\u00e9s en situation de grande pr\u00e9carit\u00e9. Elles ont fabriqu\u00e9 couvertures et petits v\u00eatements pour l'association \"un petit bagage\u2026","rel":"","context":"Dans &quot;Non class\u00e9&quot;","block_context":{"text":"Non class\u00e9","link":"https:\/\/www.labozero.org\/index.php\/category\/non-classe\/"},"img":{"alt_text":"8df9de_f8d5f01f1f6b4e61bded38e80a12c864~mv2_d_3790_2414_s_4_2","src":"https:\/\/i0.wp.com\/www.labozero.org\/wp-content\/uploads\/2018\/12\/8df9de_f8d5f01f1f6b4e61bded38e80a12c864mv2_d_3790_2414_s_4_2.png?resize=350%2C200&ssl=1","width":350,"height":200},"classes":[]}],"jetpack_shortlink":"https:\/\/wp.me\/pbPs9A-ej","jetpack_sharing_enabled":true,"_links":{"self":[{"href":"https:\/\/www.labozero.org\/index.php\/wp-json\/wp\/v2\/posts\/887","targetHints":{"allow":["GET"]}}],"collection":[{"href":"https:\/\/www.labozero.org\/index.php\/wp-json\/wp\/v2\/posts"}],"about":[{"href":"https:\/\/www.labozero.org\/index.php\/wp-json\/wp\/v2\/types\/post"}],"author":[{"embeddable":true,"href":"https:\/\/www.labozero.org\/index.php\/wp-json\/wp\/v2\/users\/2"}],"replies":[{"embeddable":true,"href":"https:\/\/www.labozero.org\/index.php\/wp-json\/wp\/v2\/comments?post=887"}],"version-history":[{"count":0,"href":"https:\/\/www.labozero.org\/index.php\/wp-json\/wp\/v2\/posts\/887\/revisions"}],"wp:attachment":[{"href":"https:\/\/www.labozero.org\/index.php\/wp-json\/wp\/v2\/media?parent=887"}],"wp:term":[{"taxonomy":"category","embeddable":true,"href":"https:\/\/www.labozero.org\/index.php\/wp-json\/wp\/v2\/categories?post=887"},{"taxonomy":"post_tag","embeddable":true,"href":"https:\/\/www.labozero.org\/index.php\/wp-json\/wp\/v2\/tags?post=887"}],"curies":[{"name":"wp","href":"https:\/\/api.w.org\/{rel}","templated":true}]}}