{"id":860,"date":"2019-07-03T11:12:51","date_gmt":"2019-07-03T10:12:51","guid":{"rendered":"https:\/\/labozero.wordpress.com\/?p=860"},"modified":"2019-07-03T11:12:51","modified_gmt":"2019-07-03T10:12:51","slug":"fig-quand-les-archis-refont-le-monde","status":"publish","type":"post","link":"https:\/\/www.labozero.org\/index.php\/2019\/07\/03\/fig-quand-les-archis-refont-le-monde\/","title":{"rendered":"Fig. quand les \u00ab\u00a0archis\u00a0\u00bb refont le monde !"},"content":{"rendered":"<p><a href=\"http:\/\/revue-fig.com\/edition\">Fig. <\/a>c&rsquo;est une revue d\u2019architecture ind\u00e9pendante qui nous a contact\u00e9 il y a quelques mois pour que nous participions \u00e0 leur prochain num\u00e9ro \u00ab\u00a0Oxymore\u00a0\u00bb. C&rsquo;est une fois de plus <a href=\"http:\/\/igorbabou.fr\/\" target=\"_blank\" rel=\"noopener noreferrer\">Igor Babou<\/a> qui s&rsquo;est mis au travail pour \u00e9crire cet article de fond.<\/p>\n<div id='gallery-1' class='gallery galleryid-860 gallery-columns-3 gallery-size-thumbnail'><figure class='gallery-item'>\n\t\t\t<div class='gallery-icon portrait'>\n\t\t\t\t<a href='https:\/\/www.labozero.org\/index.php\/2019\/07\/03\/fig-quand-les-archis-refont-le-monde\/img_0780\/'><img loading=\"lazy\" decoding=\"async\" width=\"150\" height=\"150\" src=\"https:\/\/www.labozero.org\/wp-content\/uploads\/2019\/07\/img_0780-150x150.jpg\" class=\"attachment-thumbnail size-thumbnail\" alt=\"\" \/><\/a>\n\t\t\t<\/div><\/figure><figure class='gallery-item'>\n\t\t\t<div class='gallery-icon landscape'>\n\t\t\t\t<a href='https:\/\/www.labozero.org\/index.php\/2019\/07\/03\/fig-quand-les-archis-refont-le-monde\/img_0781\/'><img loading=\"lazy\" decoding=\"async\" width=\"150\" height=\"150\" src=\"https:\/\/www.labozero.org\/wp-content\/uploads\/2019\/07\/img_0781-150x150.jpg\" class=\"attachment-thumbnail size-thumbnail\" alt=\"\" \/><\/a>\n\t\t\t<\/div><\/figure><figure class='gallery-item'>\n\t\t\t<div class='gallery-icon landscape'>\n\t\t\t\t<a href='https:\/\/www.labozero.org\/index.php\/2019\/07\/03\/fig-quand-les-archis-refont-le-monde\/img_0782\/'><img loading=\"lazy\" decoding=\"async\" width=\"150\" height=\"150\" src=\"https:\/\/www.labozero.org\/wp-content\/uploads\/2019\/07\/img_0782-150x150.jpg\" class=\"attachment-thumbnail size-thumbnail\" alt=\"\" \/><\/a>\n\t\t\t<\/div><\/figure>\n\t\t<\/div>\n\n<p>Ils nous ont fait l&rsquo;honneur de nous laisser l&rsquo;ouverture de la revue : 20 pages pour parler d&rsquo;\u00e9cologie, de vivre ensemble, de politique et surtout du LE\u00d8.<\/p>\n<p>Quelques extraits pour vous donner envie de lire l&rsquo;article au complet \ud83d\ude09 :<\/p>\n<p style=\"text-align:justify;\">\u00ab\u00a0Dans les discussions, le discours anticapitaliste des animateurs s\u2019\u00e9nonce en dehors de tout cadre partisan : leur positionnement \u00e9cologiste est d\u00e9fendu comme une pratique ancr\u00e9e dans le quotidien, et non dans des th\u00e9ories politiques, et c\u2019est cet ancrage dans le quotidien qui est revendiqu\u00e9 comme profond\u00e9ment \u00ab politique \u00bb et oppos\u00e9 \u00e0 la politique politicienne \u2013 y compris l\u2019\u00e9cologie politique qui ne sert pas ici de r\u00e9f\u00e9rence.\u00a0\u00bb<\/p>\n<p style=\"text-align:justify;\">\u00ab\u00a0Le projet du LE\u00d8 semble antinomique avec le contexte industriel dans lequel il est situ\u00e9. Comment parler d\u2019\u00e9cologie dans un tel cadre ? A\u0300 cette question exprimant ma perplexit\u00e9, le couple d\u2019animateurs du squat r\u00e9pond que c\u2019est justement dans un quartier de ce type qu\u2019il fallait s\u2019installer pour mener une activit\u00e9 de sensibilisation aux enjeux environnementaux : dans un quartier plus ais\u00e9, cela aurait \u00e9t\u00e9 \u00ab trop facile \u00bb dans la mesure ou\u0300 il ne s\u2019agit pas de s\u2019adresser seulement \u00e0 la classe moyenne \u00e9duqu\u00e9e.\u00a0\u00bb<\/p>\n<p style=\"text-align:justify;\">\u00ab\u00a0On voudrait rendre impossible la transition \u00e9cologique et la participation citoyenne qu\u2019on ne s\u2019y prendrait pas autrement. Dans un moment ou\u0300 l\u2019urgence environnementale exigerait qu\u2019on construise collectivement une nouvelle \u00ab composition des mondes \u00bb (Descola, 2014) articulant les soci\u00e9t\u00e9s au reste du vivant et aux non-humains \u2013 t\u00e2che O\u0302 combien difficile \u2013 aucun dispositif juridique, politique ou d\u2019am\u00e9nagement du territoire ne permet d\u2019accueillir de simples initiatives citoyennes visant a\u0300 l\u2019\u00e9mancipation et a\u0300 la sensibilisation aux enjeux environnementaux.\u00a0\u00bb<\/p>\n<p>Une fois encore, un grand merci Igor !<\/p>\n<p>Fig. c&rsquo;est une revue de gens passionn\u00e9s et engag\u00e9s qui d\u00e9fendent nos valeurs et les diffusent n&rsquo;h\u00e9sitez pas \u00e0 les soutenir ! Pour acheter le num\u00e9ro 5 c&rsquo;est par <a href=\"https:\/\/revuefig.bigcartel.com\/?fbclid=IwAR1OGvtCzOWGNQyL51E8WSCSmmrgAwwkG1ShlJcgJgoKqlx4fqj64UzZfDo\">ICI.<\/a><\/p>\n","protected":false},"excerpt":{"rendered":"<p>Fig. c&rsquo;est une revue d\u2019architecture ind\u00e9pendante qui nous a contact\u00e9 il y a quelques mois pour que nous participions \u00e0 leur prochain num\u00e9ro \u00ab\u00a0Oxymore\u00a0\u00bb. C&rsquo;est une fois de plus Igor Babou qui s&rsquo;est mis au travail pour \u00e9crire cet article de fond. Ils nous ont fait l&rsquo;honneur de nous laisser l&rsquo;ouverture de la revue : 20 pages pour parler d&rsquo;\u00e9cologie, de vivre ensemble, de politique et surtout du LE\u00d8. Quelques extraits pour vous donner envie de lire l&rsquo;article au complet \ud83d\ude09 : \u00ab\u00a0Dans les discussions, le discours anticapitaliste des animateurs s\u2019\u00e9nonce en dehors de tout cadre partisan : leur positionnement \u00e9cologiste est d\u00e9fendu comme une pratique ancr\u00e9e dans le quotidien, et non dans des th\u00e9ories politiques, et c\u2019est cet ancrage dans le quotidien qui est revendiqu\u00e9 comme profond\u00e9ment \u00ab politique \u00bb et oppos\u00e9 \u00e0 la politique politicienne \u2013 y compris l\u2019\u00e9cologie politique qui ne sert pas ici de r\u00e9f\u00e9rence.\u00a0\u00bb \u00ab\u00a0Le projet du LE\u00d8 semble antinomique avec le contexte industriel dans lequel il est situ\u00e9. Comment parler d\u2019\u00e9cologie dans un tel cadre ? A\u0300 cette question exprimant ma perplexit\u00e9, le couple d\u2019animateurs du squat r\u00e9pond que c\u2019est justement dans un quartier de ce type qu\u2019il fallait s\u2019installer pour mener une activit\u00e9 de sensibilisation aux enjeux environnementaux : dans un quartier plus ais\u00e9, cela aurait \u00e9t\u00e9 \u00ab trop facile \u00bb dans la mesure ou\u0300 il ne s\u2019agit pas de s\u2019adresser seulement \u00e0 la classe moyenne \u00e9duqu\u00e9e.\u00a0\u00bb \u00ab\u00a0On voudrait rendre impossible la transition \u00e9cologique et la participation citoyenne qu\u2019on ne s\u2019y prendrait pas autrement. Dans un moment ou\u0300 l\u2019urgence environnementale exigerait qu\u2019on construise collectivement une nouvelle \u00ab composition des mondes \u00bb (Descola, 2014) articulant les soci\u00e9t\u00e9s au reste du vivant et aux non-humains \u2013 t\u00e2che O\u0302 combien difficile \u2013 aucun dispositif juridique, politique ou d\u2019am\u00e9nagement du territoire ne permet d\u2019accueillir de simples initiatives citoyennes visant a\u0300 l\u2019\u00e9mancipation et a\u0300 la sensibilisation aux enjeux environnementaux.\u00a0\u00bb Une fois encore, un grand merci Igor ! Fig. c&rsquo;est une revue de gens passionn\u00e9s et engag\u00e9s qui d\u00e9fendent nos valeurs et les diffusent n&rsquo;h\u00e9sitez pas \u00e0 les soutenir ! Pour acheter le num\u00e9ro 5 c&rsquo;est par ICI.<\/p>\n","protected":false},"author":2,"featured_media":0,"comment_status":"open","ping_status":"open","sticky":false,"template":"","format":"standard","meta":{"rop_custom_images_group":[],"rop_custom_messages_group":[],"rop_publish_now":"initial","rop_publish_now_accounts":[],"rop_publish_now_history":[],"rop_publish_now_status":"pending","_themeisle_gutenberg_block_has_review":false,"_jetpack_memberships_contains_paid_content":false,"footnotes":""},"categories":[1],"tags":[],"class_list":["post-860","post","type-post","status-publish","format-standard","hentry","category-non-classe"],"jetpack_featured_media_url":"","jetpack-related-posts":[{"id":1243,"url":"https:\/\/www.labozero.org\/index.php\/2020\/01\/25\/un-monde-a-defendre-lhistoire-du-jour-du-dsxl\/","url_meta":{"origin":860,"position":0},"title":"Un monde \u00e0 d\u00e9fendre : l&rsquo;histoire du jour de la DSXL.","author":"labozero","date":"25 janvier, 2020","format":false,"excerpt":"Alors qu'ils avaient pr\u00e9vu une s\u00e9rie de soir\u00e9es acousmatique\u00a0 organis\u00e9e par Denis Dufour, du conservatoire \u00e0 rayonnement r\u00e9gional de Paris, (\u00e9l\u00e8ve de Pierre Schaeffer en son temps, qui a depuis 60 ans poursuivit ses travaux sur l'acousmatique et notamment cr\u00e9\u00e9 \"l'acousmonium MOTUS\". L'acousmatique, c'est la diffusion d'une \u0153uvre sur orchestre\u2026","rel":"","context":"Dans &quot;Non class\u00e9&quot;","block_context":{"text":"Non class\u00e9","link":"https:\/\/www.labozero.org\/index.php\/category\/non-classe\/"},"img":{"alt_text":"","src":"https:\/\/i0.wp.com\/www.labozero.org\/wp-content\/uploads\/2019\/12\/p1010935-150x150.jpg?resize=350%2C200&ssl=1","width":350,"height":200,"srcset":"https:\/\/i0.wp.com\/www.labozero.org\/wp-content\/uploads\/2019\/12\/p1010935-150x150.jpg?resize=350%2C200&ssl=1 1x, https:\/\/i0.wp.com\/www.labozero.org\/wp-content\/uploads\/2019\/12\/p1010935-150x150.jpg?resize=525%2C300&ssl=1 1.5x, https:\/\/i0.wp.com\/www.labozero.org\/wp-content\/uploads\/2019\/12\/p1010935-150x150.jpg?resize=700%2C400&ssl=1 2x"},"classes":[]},{"id":6467,"url":"https:\/\/www.labozero.org\/index.php\/2026\/02\/18\/silence\/","url_meta":{"origin":860,"position":1},"title":"Silence !","author":"labozero","date":"18 f\u00e9vrier, 2026","format":false,"excerpt":"Ce 17 f\u00e9vrier une minute de silence a \u00e9t\u00e9 observ\u00e9e \u00e0 l'assembl\u00e9e nationale suite au d\u00e9c\u00e8s d'un militant d\u2019extr\u00eame droite, nazi, fasciste, raciste et violent (infos sur son parcours dans l'article de Streetpress ). Une vie est une vie, et personne ne devrait mourir pour ses id\u00e9es, dois-t-on pour autant\u2026","rel":"","context":"Dans &quot;Non class\u00e9&quot;","block_context":{"text":"Non class\u00e9","link":"https:\/\/www.labozero.org\/index.php\/category\/non-classe\/"},"img":{"alt_text":"","src":"https:\/\/i0.wp.com\/www.labozero.org\/wp-content\/uploads\/2026\/02\/WhatsApp-Image-2026-02-18-at-11.17.27-150x150.jpeg?resize=350%2C200&ssl=1","width":350,"height":200,"srcset":"https:\/\/i0.wp.com\/www.labozero.org\/wp-content\/uploads\/2026\/02\/WhatsApp-Image-2026-02-18-at-11.17.27-150x150.jpeg?resize=350%2C200&ssl=1 1x, https:\/\/i0.wp.com\/www.labozero.org\/wp-content\/uploads\/2026\/02\/WhatsApp-Image-2026-02-18-at-11.17.27-150x150.jpeg?resize=525%2C300&ssl=1 1.5x, https:\/\/i0.wp.com\/www.labozero.org\/wp-content\/uploads\/2026\/02\/WhatsApp-Image-2026-02-18-at-11.17.27-150x150.jpeg?resize=700%2C400&ssl=1 2x"},"classes":[]},{"id":4403,"url":"https:\/\/www.labozero.org\/index.php\/2023\/03\/22\/tribune\/","url_meta":{"origin":860,"position":2},"title":"Tribune !","author":"labozero","date":"22 mars, 2023","format":false,"excerpt":"Solidaires, nous sommes co-signataires de cette tribune parrue recemment sur M\u00e9diapart Nous sommes syndicalistes, activistes dans des collectifs de l\u2019\u00e9cologie radicale, sociale ou populaire, militant\u00b7es politiques, personnalit\u00e9s.\u00a0 Depuis 15 jours, les salari\u00e9\u00b7es du secteur des d\u00e9chets, \u00e9boueuses et \u00e9boueurs, balayeurs, chauffeurs, ripeurs, ouvri\u00e8res et ouvriers des centres de tri, salari\u00e9\u00b7es\u2026","rel":"","context":"Dans &quot;Non class\u00e9&quot;","block_context":{"text":"Non class\u00e9","link":"https:\/\/www.labozero.org\/index.php\/category\/non-classe\/"},"img":{"alt_text":"","src":"","width":0,"height":0},"classes":[]},{"id":983,"url":"https:\/\/www.labozero.org\/index.php\/2019\/09\/28\/prets\/","url_meta":{"origin":860,"position":3},"title":"Pr\u00eats","author":"labozero","date":"28 septembre, 2019","format":false,"excerpt":"Pr\u00eats \u00e0 aller au proc\u00e8s mardi matin et fiers de d\u00e9fendre notre lutte, notre vision du monde \u00e9cologique et solidaire. Nous irons la t\u00eate haute et le coeur plein d'espoir. Nous verrons si la justice est encore juste dans notre pays. Nous y croyons encore, un peu ;) . Fi\u00e8res\u2026","rel":"","context":"Dans &quot;Non class\u00e9&quot;","block_context":{"text":"Non class\u00e9","link":"https:\/\/www.labozero.org\/index.php\/category\/non-classe\/"},"img":{"alt_text":"","src":"https:\/\/i0.wp.com\/www.labozero.org\/wp-content\/uploads\/2019\/09\/verriecc80re-nuit.jpg?resize=350%2C200&ssl=1","width":350,"height":200,"srcset":"https:\/\/i0.wp.com\/www.labozero.org\/wp-content\/uploads\/2019\/09\/verriecc80re-nuit.jpg?resize=350%2C200&ssl=1 1x, https:\/\/i0.wp.com\/www.labozero.org\/wp-content\/uploads\/2019\/09\/verriecc80re-nuit.jpg?resize=525%2C300&ssl=1 1.5x, https:\/\/i0.wp.com\/www.labozero.org\/wp-content\/uploads\/2019\/09\/verriecc80re-nuit.jpg?resize=700%2C400&ssl=1 2x"},"classes":[]},{"id":4452,"url":"https:\/\/www.labozero.org\/index.php\/2023\/04\/05\/a-suivre\/","url_meta":{"origin":860,"position":4},"title":"A Suivre&#8230;","author":"labozero","date":"5 avril, 2023","format":false,"excerpt":"Le LE\u00d8 maintient son soutien \u00e0 tou.tes les millitant.es \u00e9cologistes ou solidaires qui mettent leurs vies en danger pour d\u00e9fendre nos droits et en particulier \u00e0 celles et ceux qui ont subit une r\u00e9pression polici\u00e8re d\u00e9m\u00e9sur\u00e9e \u00e0 Sainte Soline. On pense en particulier aux Soul\u00e8vements de la terre et D\u00e9fense\u2026","rel":"","context":"Dans &quot;Non class\u00e9&quot;","block_context":{"text":"Non class\u00e9","link":"https:\/\/www.labozero.org\/index.php\/category\/non-classe\/"},"img":{"alt_text":"","src":"https:\/\/i0.wp.com\/www.labozero.org\/wp-content\/uploads\/2023\/04\/339515196_957993595216232_4123591732688013178_n.jpg?resize=350%2C200&ssl=1","width":350,"height":200,"srcset":"https:\/\/i0.wp.com\/www.labozero.org\/wp-content\/uploads\/2023\/04\/339515196_957993595216232_4123591732688013178_n.jpg?resize=350%2C200&ssl=1 1x, https:\/\/i0.wp.com\/www.labozero.org\/wp-content\/uploads\/2023\/04\/339515196_957993595216232_4123591732688013178_n.jpg?resize=525%2C300&ssl=1 1.5x, https:\/\/i0.wp.com\/www.labozero.org\/wp-content\/uploads\/2023\/04\/339515196_957993595216232_4123591732688013178_n.jpg?resize=700%2C400&ssl=1 2x, https:\/\/i0.wp.com\/www.labozero.org\/wp-content\/uploads\/2023\/04\/339515196_957993595216232_4123591732688013178_n.jpg?resize=1050%2C600&ssl=1 3x, https:\/\/i0.wp.com\/www.labozero.org\/wp-content\/uploads\/2023\/04\/339515196_957993595216232_4123591732688013178_n.jpg?resize=1400%2C800&ssl=1 4x"},"classes":[]},{"id":399,"url":"https:\/\/www.labozero.org\/index.php\/2018\/12\/11\/une-tribune-sur-mediapart-la-classe\/","url_meta":{"origin":860,"position":5},"title":"Une tribune sur M\u00e9diapart&#8230; la classe !","author":"labozero","date":"11 d\u00e9cembre, 2018","format":false,"excerpt":"Un grand merci \u00e0 Igor pour ton soutien mais aussi pour ta pr\u00e9sence bienveillante sans laquelle nous n'aurions sans doute pas tenus la distance. Merci pour toutes les discutions qui nous ont permis de penser notre action, de prendre de la distance et d'\u00e9voluer. Merci de d\u00e9fendre nos id\u00e9es, nos\u2026","rel":"","context":"Dans &quot;Non class\u00e9&quot;","block_context":{"text":"Non class\u00e9","link":"https:\/\/www.labozero.org\/index.php\/category\/non-classe\/"},"img":{"alt_text":"","src":"","width":0,"height":0},"classes":[]}],"jetpack_shortlink":"https:\/\/wp.me\/pbPs9A-dS","jetpack_sharing_enabled":true,"_links":{"self":[{"href":"https:\/\/www.labozero.org\/index.php\/wp-json\/wp\/v2\/posts\/860","targetHints":{"allow":["GET"]}}],"collection":[{"href":"https:\/\/www.labozero.org\/index.php\/wp-json\/wp\/v2\/posts"}],"about":[{"href":"https:\/\/www.labozero.org\/index.php\/wp-json\/wp\/v2\/types\/post"}],"author":[{"embeddable":true,"href":"https:\/\/www.labozero.org\/index.php\/wp-json\/wp\/v2\/users\/2"}],"replies":[{"embeddable":true,"href":"https:\/\/www.labozero.org\/index.php\/wp-json\/wp\/v2\/comments?post=860"}],"version-history":[{"count":0,"href":"https:\/\/www.labozero.org\/index.php\/wp-json\/wp\/v2\/posts\/860\/revisions"}],"wp:attachment":[{"href":"https:\/\/www.labozero.org\/index.php\/wp-json\/wp\/v2\/media?parent=860"}],"wp:term":[{"taxonomy":"category","embeddable":true,"href":"https:\/\/www.labozero.org\/index.php\/wp-json\/wp\/v2\/categories?post=860"},{"taxonomy":"post_tag","embeddable":true,"href":"https:\/\/www.labozero.org\/index.php\/wp-json\/wp\/v2\/tags?post=860"}],"curies":[{"name":"wp","href":"https:\/\/api.w.org\/{rel}","templated":true}]}}