{"id":84,"date":"2018-08-16T20:36:25","date_gmt":"2018-08-16T19:36:25","guid":{"rendered":"https:\/\/labozero.wordpress.com\/?p=57"},"modified":"2018-08-16T20:36:25","modified_gmt":"2018-08-16T19:36:25","slug":"portes-ouvertes-du-leo","status":"publish","type":"post","link":"https:\/\/www.labozero.org\/index.php\/2018\/08\/16\/portes-ouvertes-du-leo\/","title":{"rendered":"Portes ouvertes du LE\u00d8"},"content":{"rendered":"<p><img loading=\"lazy\" decoding=\"async\" class=\"alignnone size-full wp-image-58\" src=\"https:\/\/www.labozero.org\/wp-content\/uploads\/2018\/08\/38806842_280994612703827_4977612284244262912_o2.jpg\" alt=\"38806842_280994612703827_4977612284244262912_o(2)\" width=\"1240\" height=\"1754\" \/><\/p>\n<p>&nbsp;<\/p>\n","protected":false},"excerpt":{"rendered":"<p>&nbsp;<\/p>\n","protected":false},"author":2,"featured_media":0,"comment_status":"open","ping_status":"open","sticky":false,"template":"","format":"standard","meta":{"rop_custom_images_group":[],"rop_custom_messages_group":[],"rop_publish_now":"initial","rop_publish_now_accounts":[],"rop_publish_now_history":[],"rop_publish_now_status":"pending","_themeisle_gutenberg_block_has_review":false,"_jetpack_memberships_contains_paid_content":false,"footnotes":""},"categories":[1],"tags":[],"class_list":["post-84","post","type-post","status-publish","format-standard","hentry","category-non-classe"],"jetpack_featured_media_url":"","jetpack-related-posts":[{"id":182,"url":"https:\/\/www.labozero.org\/index.php\/2018\/08\/27\/portes-ouvertes-deuxieme-cession\/","url_meta":{"origin":84,"position":0},"title":"Portes ouvertes deuxi\u00e8me cession","author":"labozero","date":"27 ao\u00fbt, 2018","format":false,"excerpt":"Dimanche 2 septembre de 14h30 \u00e0 18h30 une deuxi\u00e8me occasion de nous rencontrer (avant la mise en place des RDV r\u00e9guliers) pour parler de l'AMAP, proposer vos activit\u00e9s mais pas que ! Au programme: - 15h00-16h30 : balades d\u00e9couverte \"les plantes sauvages comestibles et m\u00e9dicinales du L\u00e9\u00d8\" - 16h30 :\u2026","rel":"","context":"Dans &quot;Non class\u00e9&quot;","block_context":{"text":"Non class\u00e9","link":"https:\/\/www.labozero.org\/index.php\/category\/non-classe\/"},"img":{"alt_text":"","src":"https:\/\/i0.wp.com\/www.labozero.org\/wp-content\/uploads\/2018\/08\/39990250_296703901132898_777657528916901888_o.jpg?resize=350%2C200&ssl=1","width":350,"height":200,"srcset":"https:\/\/i0.wp.com\/www.labozero.org\/wp-content\/uploads\/2018\/08\/39990250_296703901132898_777657528916901888_o.jpg?resize=350%2C200&ssl=1 1x, https:\/\/i0.wp.com\/www.labozero.org\/wp-content\/uploads\/2018\/08\/39990250_296703901132898_777657528916901888_o.jpg?resize=525%2C300&ssl=1 1.5x, https:\/\/i0.wp.com\/www.labozero.org\/wp-content\/uploads\/2018\/08\/39990250_296703901132898_777657528916901888_o.jpg?resize=700%2C400&ssl=1 2x"},"classes":[]},{"id":119,"url":"https:\/\/www.labozero.org\/index.php\/2018\/10\/24\/un-autre-labo-au-leo\/","url_meta":{"origin":84,"position":1},"title":"Un autre labo au LE\u00d8 !","author":"labozero","date":"24 octobre, 2018","format":false,"excerpt":"Pour faire suite \u00e0 la rencontre avec Isabelle du Laboratoire de la non violence active de Noisy le Sec, nous vous proposons de venir d\u00e9couvrir son action par le biais d'un atelier de relaxation : \"Une pratique utilisable en toutes circonstances, qui se termine avec une pens\u00e9e positive\". D'autres interventions\u2026","rel":"","context":"Dans &quot;Non class\u00e9&quot;","block_context":{"text":"Non class\u00e9","link":"https:\/\/www.labozero.org\/index.php\/category\/non-classe\/"},"img":{"alt_text":"","src":"","width":0,"height":0},"classes":[]},{"id":1715,"url":"https:\/\/www.labozero.org\/index.php\/2020\/09\/01\/la-prog-de-la-rentree-elle-decoiffe-sec\/","url_meta":{"origin":84,"position":2},"title":"La prog&rsquo; de la rentr\u00e9e&#8230; elle d\u00e9coiffe sec !","author":"labozero","date":"1 septembre, 2020","format":false,"excerpt":"D\u00e9j\u00e0 un grand merci \u00e0 toutes celles et ceux qui nous ont envoy\u00e9 leur t\u00e9moignage (+de 150), ils nous ont fait chaud au c\u0153ur et nous ont donn\u00e9 le courage n\u00e9cessaire pour constituer notre dossier de d\u00e9fense. Cet \u00e9t\u00e9 nous avons f\u00eat\u00e9 la sortie du livre d'Igor Babou sur le\u2026","rel":"","context":"Dans &quot;Non class\u00e9&quot;","block_context":{"text":"Non class\u00e9","link":"https:\/\/www.labozero.org\/index.php\/category\/non-classe\/"},"img":{"alt_text":"","src":"https:\/\/i0.wp.com\/www.labozero.org\/wp-content\/uploads\/2020\/09\/RDP.jpg?resize=350%2C200&ssl=1","width":350,"height":200,"srcset":"https:\/\/i0.wp.com\/www.labozero.org\/wp-content\/uploads\/2020\/09\/RDP.jpg?resize=350%2C200&ssl=1 1x, https:\/\/i0.wp.com\/www.labozero.org\/wp-content\/uploads\/2020\/09\/RDP.jpg?resize=525%2C300&ssl=1 1.5x, https:\/\/i0.wp.com\/www.labozero.org\/wp-content\/uploads\/2020\/09\/RDP.jpg?resize=700%2C400&ssl=1 2x"},"classes":[]},{"id":325,"url":"https:\/\/www.labozero.org\/index.php\/2018\/11\/23\/ce-dimanche-la-deuxieme-tonne\/","url_meta":{"origin":84,"position":3},"title":"Ce dimanche, la deuxi\u00e8me tonne !!!!","author":"labozero","date":"23 novembre, 2018","format":false,"excerpt":"Malgr\u00e9 la menace d'expulsion le LE\u00d8 vit ! Vous \u00eates toujours aussi nombreux \u00e0 venir \u00e0 chaque ouverture, \u00e0 apporter des dons pour la Gratuiterie et ce dimanche nous f\u00eaterons comme il se doit le passage de la deuxi\u00e8me tonne, controns ensemble ce non \u00e9v\u00e8nement capitaliste qu'est le Black Friday\u2026","rel":"","context":"Dans &quot;Non class\u00e9&quot;","block_context":{"text":"Non class\u00e9","link":"https:\/\/www.labozero.org\/index.php\/category\/non-classe\/"},"img":{"alt_text":"","src":"https:\/\/i0.wp.com\/www.labozero.org\/wp-content\/uploads\/2018\/11\/greenfriday-gaspillage_recyclage-150x150.jpg?resize=350%2C200&ssl=1","width":350,"height":200,"srcset":"https:\/\/i0.wp.com\/www.labozero.org\/wp-content\/uploads\/2018\/11\/greenfriday-gaspillage_recyclage-150x150.jpg?resize=350%2C200&ssl=1 1x, https:\/\/i0.wp.com\/www.labozero.org\/wp-content\/uploads\/2018\/11\/greenfriday-gaspillage_recyclage-150x150.jpg?resize=525%2C300&ssl=1 1.5x"},"classes":[]},{"id":2245,"url":"https:\/\/www.labozero.org\/index.php\/2021\/07\/24\/on-annule-et-on-reflechi\/","url_meta":{"origin":84,"position":4},"title":"On annule et on r\u00e9fl\u00e9chi !","author":"labozero","date":"24 juillet, 2021","format":false,"excerpt":"A la vue des nouvelles mesures, et ne pouvant garantir une jauge \u00e0 moins de 50 personnes dans nos locaux, nous avons choisi de fermer le LEO au public afin de privil\u00e9gier la poursuite de nos activit\u00e9s solidaires et d'\u00e9cologie exp\u00e9rimentale, sans danger. L'assembl\u00e9e g\u00e9n\u00e9rale extraordinaire est report\u00e9e \u00e0 des\u2026","rel":"","context":"Dans &quot;Non class\u00e9&quot;","block_context":{"text":"Non class\u00e9","link":"https:\/\/www.labozero.org\/index.php\/category\/non-classe\/"},"img":{"alt_text":"","src":"","width":0,"height":0},"classes":[]},{"id":373,"url":"https:\/\/www.labozero.org\/index.php\/2018\/11\/30\/dernier-week-end-au-leo\/","url_meta":{"origin":84,"position":5},"title":"Dernier week end au LE\u00d8","author":"labozero","date":"30 novembre, 2018","format":false,"excerpt":"Demain, samedi nous allons jardiner : apporter du compost, mettre en place des nouvelles plantes (merci \u00e0 Rapid'Flore) et installer\u00a0 la nouvelle affiche d'Adriana. RDV \u00e0 14h50 devant le LE\u00d8, ou 15h \u00e0 la friche. Paulo \u00e0 pris ses quartiers d'hiver \u00e0 Romainville, avec des jolies poulettes ! Dimanche de\u2026","rel":"","context":"Dans &quot;Non class\u00e9&quot;","block_context":{"text":"Non class\u00e9","link":"https:\/\/www.labozero.org\/index.php\/category\/non-classe\/"},"img":{"alt_text":"DSCN9993.JPG","src":"https:\/\/i0.wp.com\/www.labozero.org\/wp-content\/uploads\/2018\/11\/dscn99931.jpg?resize=350%2C200&ssl=1","width":350,"height":200,"srcset":"https:\/\/i0.wp.com\/www.labozero.org\/wp-content\/uploads\/2018\/11\/dscn99931.jpg?resize=350%2C200&ssl=1 1x, https:\/\/i0.wp.com\/www.labozero.org\/wp-content\/uploads\/2018\/11\/dscn99931.jpg?resize=525%2C300&ssl=1 1.5x, https:\/\/i0.wp.com\/www.labozero.org\/wp-content\/uploads\/2018\/11\/dscn99931.jpg?resize=700%2C400&ssl=1 2x, https:\/\/i0.wp.com\/www.labozero.org\/wp-content\/uploads\/2018\/11\/dscn99931.jpg?resize=1050%2C600&ssl=1 3x, https:\/\/i0.wp.com\/www.labozero.org\/wp-content\/uploads\/2018\/11\/dscn99931.jpg?resize=1400%2C800&ssl=1 4x"},"classes":[]}],"jetpack_shortlink":"https:\/\/wp.me\/pbPs9A-1m","jetpack_sharing_enabled":true,"_links":{"self":[{"href":"https:\/\/www.labozero.org\/index.php\/wp-json\/wp\/v2\/posts\/84","targetHints":{"allow":["GET"]}}],"collection":[{"href":"https:\/\/www.labozero.org\/index.php\/wp-json\/wp\/v2\/posts"}],"about":[{"href":"https:\/\/www.labozero.org\/index.php\/wp-json\/wp\/v2\/types\/post"}],"author":[{"embeddable":true,"href":"https:\/\/www.labozero.org\/index.php\/wp-json\/wp\/v2\/users\/2"}],"replies":[{"embeddable":true,"href":"https:\/\/www.labozero.org\/index.php\/wp-json\/wp\/v2\/comments?post=84"}],"version-history":[{"count":0,"href":"https:\/\/www.labozero.org\/index.php\/wp-json\/wp\/v2\/posts\/84\/revisions"}],"wp:attachment":[{"href":"https:\/\/www.labozero.org\/index.php\/wp-json\/wp\/v2\/media?parent=84"}],"wp:term":[{"taxonomy":"category","embeddable":true,"href":"https:\/\/www.labozero.org\/index.php\/wp-json\/wp\/v2\/categories?post=84"},{"taxonomy":"post_tag","embeddable":true,"href":"https:\/\/www.labozero.org\/index.php\/wp-json\/wp\/v2\/tags?post=84"}],"curies":[{"name":"wp","href":"https:\/\/api.w.org\/{rel}","templated":true}]}}