{"id":806,"date":"2019-06-05T13:15:25","date_gmt":"2019-06-05T12:15:25","guid":{"rendered":"https:\/\/labozero.wordpress.com\/?p=806"},"modified":"2019-06-05T13:15:25","modified_gmt":"2019-06-05T12:15:25","slug":"week-end-des-8-et-9-juin","status":"publish","type":"post","link":"https:\/\/www.labozero.org\/index.php\/2019\/06\/05\/week-end-des-8-et-9-juin\/","title":{"rendered":"Week end des 8 et 9 juin"},"content":{"rendered":"<p>Plein de choses pour ce week end :<\/p>\n<p><img loading=\"lazy\" decoding=\"async\" class=\"alignnone size-full wp-image-807\" src=\"https:\/\/www.labozero.org\/wp-content\/uploads\/2019\/06\/2019-04-05_093250lapartdes-autres.png\" alt=\"2019-04-05_093250lapartdes autres.png\" width=\"646\" height=\"795\" srcset=\"https:\/\/www.labozero.org\/wp-content\/uploads\/2019\/06\/2019-04-05_093250lapartdes-autres.png 646w, https:\/\/www.labozero.org\/wp-content\/uploads\/2019\/06\/2019-04-05_093250lapartdes-autres-244x300.png 244w\" sizes=\"auto, (max-width: 646px) 100vw, 646px\" \/><\/p>\n<p>&nbsp;<\/p>\n<p style=\"text-align:justify;\"><strong>Samedi \u00e0 Pantin :<\/strong> ouverture exceptionnelle de \u00ab\u00a0l&rsquo;Atelier G\u00e9ant\u00a0\u00bb, on accueille la <a href=\"http:\/\/cyclocoop.org\/index.php\/les-ateliers\/pantin\" target=\"_blank\" rel=\"noopener noreferrer\">cyclofficine<\/a> de Pantin pour un atelier de rue dans le cadre de la f\u00eate de quartier des 4 chemins. Venez r\u00e9parer votre v\u00e9lo entre 14 et 17h au 20 av Edouard Vaillant.<\/p>\n<p><strong>Samedi \u00e0 la friche de Noisy<\/strong> : La Gratuiterie Ambulante sera pr\u00e9sente entre 15 et 17h.<\/p>\n<p>&nbsp;<\/p>\n<p>&nbsp;<\/p>\n<p><strong>Dimanche \u00e0 Pantin :<\/strong><\/p>\n<ul>\n<li><a href=\"https:\/\/labozero.wordpress.com\/latelier-dauto-reparation-et-de-construction\/\">L&rsquo;atelier<\/a> sera ouvert pour les bricoleurs entre <span style=\"text-decoration:underline;\">15 et 18h.<\/span><\/li>\n<li>La <a href=\"https:\/\/labozero.wordpress.com\/la-gratuiterie-du-leo\/\">Gratuiterie<\/a> Ambulante fera escale \u00e0 Pantin pour l&rsquo;apr\u00e8s midi. Vous pouvez apporter les v\u00eatements et objets en bon \u00e9tat qui encombrent vos placards et en adopter des nouveaux \ud83d\ude09 .<\/li>\n<li>Comme toujours deux points de collecte pour <a href=\"https:\/\/www.facebook.com\/vestiairemigrants\/\">le vestaire des migrants<\/a> et <a href=\"https:\/\/www.unpetitbagagedamour.org\/\">un petit bagage d&rsquo;amour<\/a>.<\/li>\n<li style=\"text-align:justify;\">A partir de 18h : projection du documentaire \u00a0\u00bb La part des autres\u00a0\u00bb. Un film \u00e9crit et r\u00e9alis\u00e9 par Jean-Baptiste Delpias et Olivier Payage, dans le cadre du <a href=\"http:\/\/www.civam.org\/index.php\/actualites\/650-accessible-les-premiers-resultats\">projet \u00ab Accessible \u00bb\u00a0<\/a>.\u00a0Il pose un regard sur l\u2019appauvrissement tant des producteurs que des consommateurs et interroge\u00a0les conditions d\u2019un acc\u00e8s digne pour tous \u00e0 une alimentation de qualit\u00e9 et durable. Suivi d&rsquo;un d\u00e9bat (\u00e0 confirmer).<\/li>\n<li>La tisanerie et une petite cantoch&rsquo; pour le soir : tout est bio et \u00e0 prix libre.<\/li>\n<\/ul>\n<p>Bon week end \u00e0 tous !<\/p>\n","protected":false},"excerpt":{"rendered":"<p>Plein de choses pour ce week end : &nbsp; Samedi \u00e0 Pantin : ouverture exceptionnelle de \u00ab\u00a0l&rsquo;Atelier G\u00e9ant\u00a0\u00bb, on accueille la cyclofficine de Pantin pour un atelier de rue dans le cadre de la f\u00eate de quartier des 4 chemins. Venez r\u00e9parer votre v\u00e9lo entre 14 et 17h au 20 av Edouard Vaillant. Samedi \u00e0 la friche de Noisy : La Gratuiterie Ambulante sera pr\u00e9sente entre 15 et 17h. &nbsp; &nbsp; Dimanche \u00e0 Pantin : L&rsquo;atelier sera ouvert pour les bricoleurs entre 15 et 18h. La Gratuiterie Ambulante fera escale \u00e0 Pantin pour l&rsquo;apr\u00e8s midi. Vous pouvez apporter les v\u00eatements et objets en bon \u00e9tat qui encombrent vos placards et en adopter des nouveaux \ud83d\ude09 . Comme toujours deux points de collecte pour le vestaire des migrants et un petit bagage d&rsquo;amour. A partir de 18h : projection du documentaire \u00a0\u00bb La part des autres\u00a0\u00bb. Un film \u00e9crit et r\u00e9alis\u00e9 par Jean-Baptiste Delpias et Olivier Payage, dans le cadre du projet \u00ab Accessible \u00bb\u00a0.\u00a0Il pose un regard sur l\u2019appauvrissement tant des producteurs que des consommateurs et interroge\u00a0les conditions d\u2019un acc\u00e8s digne pour tous \u00e0 une alimentation de qualit\u00e9 et durable. Suivi d&rsquo;un d\u00e9bat (\u00e0 confirmer). La tisanerie et une petite cantoch&rsquo; pour le soir : tout est bio et \u00e0 prix libre. Bon week end \u00e0 tous !<\/p>\n","protected":false},"author":2,"featured_media":0,"comment_status":"open","ping_status":"open","sticky":false,"template":"","format":"standard","meta":{"rop_custom_images_group":[],"rop_custom_messages_group":[],"rop_publish_now":"initial","rop_publish_now_accounts":[],"rop_publish_now_history":[],"rop_publish_now_status":"pending","_themeisle_gutenberg_block_has_review":false,"footnotes":""},"categories":[1],"tags":[],"class_list":["post-806","post","type-post","status-publish","format-standard","hentry","category-non-classe"],"jetpack_featured_media_url":"","_links":{"self":[{"href":"https:\/\/www.labozero.org\/index.php\/wp-json\/wp\/v2\/posts\/806","targetHints":{"allow":["GET"]}}],"collection":[{"href":"https:\/\/www.labozero.org\/index.php\/wp-json\/wp\/v2\/posts"}],"about":[{"href":"https:\/\/www.labozero.org\/index.php\/wp-json\/wp\/v2\/types\/post"}],"author":[{"embeddable":true,"href":"https:\/\/www.labozero.org\/index.php\/wp-json\/wp\/v2\/users\/2"}],"replies":[{"embeddable":true,"href":"https:\/\/www.labozero.org\/index.php\/wp-json\/wp\/v2\/comments?post=806"}],"version-history":[{"count":0,"href":"https:\/\/www.labozero.org\/index.php\/wp-json\/wp\/v2\/posts\/806\/revisions"}],"wp:attachment":[{"href":"https:\/\/www.labozero.org\/index.php\/wp-json\/wp\/v2\/media?parent=806"}],"wp:term":[{"taxonomy":"category","embeddable":true,"href":"https:\/\/www.labozero.org\/index.php\/wp-json\/wp\/v2\/categories?post=806"},{"taxonomy":"post_tag","embeddable":true,"href":"https:\/\/www.labozero.org\/index.php\/wp-json\/wp\/v2\/tags?post=806"}],"curies":[{"name":"wp","href":"https:\/\/api.w.org\/{rel}","templated":true}]}}