{"id":6228,"date":"2025-12-10T17:37:34","date_gmt":"2025-12-10T16:37:34","guid":{"rendered":"https:\/\/www.labozero.org\/?p=6228"},"modified":"2025-12-10T17:37:36","modified_gmt":"2025-12-10T16:37:36","slug":"agenda-de-fin-dannee","status":"publish","type":"post","link":"https:\/\/www.labozero.org\/index.php\/2025\/12\/10\/agenda-de-fin-dannee\/","title":{"rendered":"Agenda de fin d&rsquo;ann\u00e9e"},"content":{"rendered":"\n<p><\/p>\n\n\n\n<p class=\"has-text-align-center has-luminous-vivid-amber-to-luminous-vivid-orange-gradient-background has-background\"><strong>ATTENTION : Nous mettons en pause les collectes solidaires                                                  du 25 D\u00e9cembre au 31 Janvier 2026. <\/strong><\/p>\n\n\n\n<p><strong><em>Pour rappel les d\u00e9p\u00f4ts dans la cour et en dehors des temps de collectes nous mettent en difficult\u00e9s et ne sont pas accept\u00e9s.<\/em><\/strong><\/p>\n\n\n<div class=\"wp-block-image\">\n<figure class=\"aligncenter size-large\"><img loading=\"lazy\" decoding=\"async\" width=\"1024\" height=\"771\" src=\"https:\/\/www.labozero.org\/wp-content\/uploads\/2025\/12\/WhatsApp-Image-2025-12-10-at-17.30.50-1024x771.jpeg\" alt=\"\" class=\"wp-image-6231\" srcset=\"https:\/\/www.labozero.org\/wp-content\/uploads\/2025\/12\/WhatsApp-Image-2025-12-10-at-17.30.50-1024x771.jpeg 1024w, https:\/\/www.labozero.org\/wp-content\/uploads\/2025\/12\/WhatsApp-Image-2025-12-10-at-17.30.50-300x226.jpeg 300w, https:\/\/www.labozero.org\/wp-content\/uploads\/2025\/12\/WhatsApp-Image-2025-12-10-at-17.30.50-768x578.jpeg 768w, https:\/\/www.labozero.org\/wp-content\/uploads\/2025\/12\/WhatsApp-Image-2025-12-10-at-17.30.50-1536x1156.jpeg 1536w, https:\/\/www.labozero.org\/wp-content\/uploads\/2025\/12\/WhatsApp-Image-2025-12-10-at-17.30.50-1568x1180.jpeg 1568w, https:\/\/www.labozero.org\/wp-content\/uploads\/2025\/12\/WhatsApp-Image-2025-12-10-at-17.30.50-1320x993.jpeg 1320w, https:\/\/www.labozero.org\/wp-content\/uploads\/2025\/12\/WhatsApp-Image-2025-12-10-at-17.30.50.jpeg 1600w\" sizes=\"auto, (max-width: 1024px) 100vw, 1024px\" \/><\/figure>\n<\/div>\n\n\n<p>Voil\u00e0 les prochain \u00e9v\u00e8nement :<\/p>\n\n\n\n<ul class=\"wp-block-list\">\n<li>Jeudi 11 D\u00e9cembre <strong>Atelier \u00ab\u00a0Machine\u00a0\u00bb<\/strong> \u00e0 la micro-folie (uniquement sur inscription)<\/li>\n\n\n\n<li>Dimanche 14 D\u00e9cembre <strong>Balade v\u00e9lo d\u00e9butant.tes<\/strong> <em>sur inscription \u00e0 michel@lamachine.org<\/em>. RDV \u00e0 10h au 56 bvd de la r\u00e9publique.<\/li>\n\n\n\n<li>Lundi 15 D\u00e9cembre <strong>Atelier d\u2019auto-r\u00e9paration<\/strong> de 14h \u00e0 16h30 \u00e0 la Petite Ruche.<\/li>\n\n\n\n<li>Mercredi 17 D\u00e9cembre <strong>Gratuiterie<\/strong> pour le Noel solidaire du service social de la ville.<\/li>\n\n\n\n<li>Mercredi 17 d\u00e9cembre <strong>Collecte solidaire <\/strong>de 18h \u00e0 20h au 56 BVD de la r\u00e9publique.<\/li>\n\n\n\n<li>Jeudi 18 D\u00e9cembre <strong>Atelier \u00ab\u00a0La Machine\u00a0\u00bb<\/strong> sur inscription, \u00e0 la Petite Ruche.<\/li>\n\n\n\n<li>Vendredi 19 D\u00e9cembre <strong>Gratuiterie<\/strong> \u00e0 la Contremarque de 9h30 \u00e0 12h.<\/li>\n\n\n\n<li>Dimanche 21 D\u00e9cembre \u00ab\u00a0<strong>Atelier d&rsquo;auto-r\u00e9paration de v\u00e9lo\u00a0\u00bb<\/strong> \u00e0 10h au 56 Bvd de la r\u00e9publique avec l&rsquo;association Aux pignons sur rue.<\/li>\n\n\n\n<li>Mercredi 24 D\u00e9cembre <strong>Derni\u00e8re collecte solidaire<\/strong> de 18h \u00e0 20h au 56 bvd de la r\u00e9publique.<\/li>\n\n\n\n<li>Dimanche 28 D\u00e9cembre <strong>Balade v\u00e9lo d\u00e9butant.tes<\/strong> <em>sur inscription \u00e0 michel@lamachine.org<\/em>. RDV \u00e0 10h au 56 bvd de la r\u00e9publique.<\/li>\n\n\n\n<li>Mercredi 31 D\u00e9cembre <strong>Gratuiterie<\/strong> \u00e0 20H30 dans le cadre du R\u00e9veillon solidaire de la Ville.<\/li>\n<\/ul>\n\n\n\n<figure class=\"wp-block-gallery has-nested-images columns-default is-cropped wp-block-gallery-1 is-layout-flex wp-block-gallery-is-layout-flex\">\n<figure class=\"wp-block-image size-large\"><img loading=\"lazy\" decoding=\"async\" width=\"771\" height=\"1024\" data-id=\"6230\" src=\"https:\/\/www.labozero.org\/wp-content\/uploads\/2025\/12\/WhatsApp-Image-2025-12-10-at-17.31.15-771x1024.jpeg\" alt=\"\" class=\"wp-image-6230\" srcset=\"https:\/\/www.labozero.org\/wp-content\/uploads\/2025\/12\/WhatsApp-Image-2025-12-10-at-17.31.15-771x1024.jpeg 771w, https:\/\/www.labozero.org\/wp-content\/uploads\/2025\/12\/WhatsApp-Image-2025-12-10-at-17.31.15-226x300.jpeg 226w, https:\/\/www.labozero.org\/wp-content\/uploads\/2025\/12\/WhatsApp-Image-2025-12-10-at-17.31.15-768x1021.jpeg 768w, https:\/\/www.labozero.org\/wp-content\/uploads\/2025\/12\/WhatsApp-Image-2025-12-10-at-17.31.15-1156x1536.jpeg 1156w, https:\/\/www.labozero.org\/wp-content\/uploads\/2025\/12\/WhatsApp-Image-2025-12-10-at-17.31.15.jpeg 1204w\" sizes=\"auto, (max-width: 771px) 100vw, 771px\" \/><\/figure>\n\n\n\n<figure class=\"wp-block-image size-large\"><img loading=\"lazy\" decoding=\"async\" width=\"1024\" height=\"771\" data-id=\"6229\" src=\"https:\/\/www.labozero.org\/wp-content\/uploads\/2025\/12\/WhatsApp-Image-2025-12-10-at-17.31.151-1024x771.jpeg\" alt=\"\" class=\"wp-image-6229\" srcset=\"https:\/\/www.labozero.org\/wp-content\/uploads\/2025\/12\/WhatsApp-Image-2025-12-10-at-17.31.151-1024x771.jpeg 1024w, https:\/\/www.labozero.org\/wp-content\/uploads\/2025\/12\/WhatsApp-Image-2025-12-10-at-17.31.151-300x226.jpeg 300w, https:\/\/www.labozero.org\/wp-content\/uploads\/2025\/12\/WhatsApp-Image-2025-12-10-at-17.31.151-768x578.jpeg 768w, https:\/\/www.labozero.org\/wp-content\/uploads\/2025\/12\/WhatsApp-Image-2025-12-10-at-17.31.151-1536x1156.jpeg 1536w, https:\/\/www.labozero.org\/wp-content\/uploads\/2025\/12\/WhatsApp-Image-2025-12-10-at-17.31.151-1568x1180.jpeg 1568w, https:\/\/www.labozero.org\/wp-content\/uploads\/2025\/12\/WhatsApp-Image-2025-12-10-at-17.31.151-1320x993.jpeg 1320w, https:\/\/www.labozero.org\/wp-content\/uploads\/2025\/12\/WhatsApp-Image-2025-12-10-at-17.31.151.jpeg 1600w\" sizes=\"auto, (max-width: 1024px) 100vw, 1024px\" \/><\/figure>\n<\/figure>\n\n\n\n<p><\/p>\n\n\n\n<p>Rappel pour les collectes : <\/p>\n\n\n\n<p class=\"has-text-align-center has-luminous-vivid-amber-to-luminous-vivid-orange-gradient-background has-background\"><strong>ATTENTION : Nous mettons en pause les collectes solidaires                                                  du 25 D\u00e9cembre au 31 Janvier 2026. <\/strong><\/p>\n\n\n\n<p><strong><em> Les d\u00e9p\u00f4ts dans la cour et en dehors des temps de collectes nous mettent en difficult\u00e9s et ne sont pas accept\u00e9s.<\/em><\/strong><\/p>\n\n\n\n<p><em>Pour rappel vos dons sont soigneusement tri\u00e9s et partag\u00e9s selon des ordres de priorit\u00e9 pr\u00e9cis : les plus jolis v\u00eatements\/chaussures enfants et femmes, la vaisselle, le petit \u00e9lectrom\u00e9nager, le mat\u00e9riel de pu\u00e9riculture, les couches, les produits d\u2019hygi\u00e8ne\u2026 sont distribu\u00e9s en colis solidaires \u00e0 des personnes orient\u00e9es par des travailleurs sociaux ou des assos partenaires. Les v\u00eatements ado, petites tailles hommes et baskets en bon \u00e9tat sont redonn\u00e9s \u00e0 l\u2019asso <a href=\"https:\/\/www.lesmidisdumie.fr\/\">les Midis du Mie<\/a> pour les mineurs isol\u00e9s ou aux assos de maraudes. Les couvertures ou duvets sont donn\u00e9es aux personnes sans abris, vivant dans les camps, squats ou habitats pr\u00e9caires. Et ce qui reste est redistribu\u00e9 lors des gratuiteries. Concernant les livres, nous conservons les livres enfants en bon \u00e9tat pour mettre \u00e0 disposition une biblioth\u00e8que gratuite lors des RDV pour les colis solidaires, le reste est mis dans la bo\u00eete \u00e0 livres situ\u00e9e devant notre local.<\/em><\/p>\n\n\n\n<p><strong>Alerte ! Pour les colis solidaires nous manquons particuli\u00e8rement de :<\/strong><\/p>\n\n\n\n<ul class=\"wp-block-list\">\n<li>V\u00eatements Naissance, 1 mois, 3 mois<\/li>\n\n\n\n<li>V\u00eatements et manteaux 2, 3, 4 ans<\/li>\n\n\n\n<li>Gigoteuses, petites couvertures, combis pilotes et petits manteaux<\/li>\n\n\n\n<li>Poussettes, portes b\u00e9b\u00e9s, baignoires, pot\u2026<\/li>\n\n\n\n<li>Lait maternis\u00e9 1, 2 et 3 et couches 3, 4, 5 et +<\/li>\n\n\n\n<li>Produits d\u2019hygi\u00e8ne de base : savon, shampoing, brosses \u00e0 dent, dentifrice<\/li>\n\n\n\n<li>T\u00e9l\u00e9phones portables et petits ordis ou tablettes m\u00eame \u00e0 r\u00e9parer.<\/li>\n\n\n\n<li>Duvets et toiles de tentes.<\/li>\n<\/ul>\n\n\n\n<p>A bient\u00f4t !<\/p>\n\n\n\n<p><\/p>\n","protected":false},"excerpt":{"rendered":"<p>ATTENTION : Nous mettons en pause les collectes solidaires du 25 D\u00e9cembre au 31 Janvier 2026. Pour rappel les d\u00e9p\u00f4ts dans la cour et en dehors des temps de collectes nous mettent en difficult\u00e9s et ne sont pas accept\u00e9s. Voil\u00e0 les prochain \u00e9v\u00e8nement : Rappel pour les collectes : ATTENTION : Nous mettons en pause les collectes solidaires du 25 D\u00e9cembre au 31 Janvier 2026. Les d\u00e9p\u00f4ts dans la cour et en dehors des temps de collectes nous mettent en difficult\u00e9s et ne sont pas accept\u00e9s. Pour rappel vos dons sont soigneusement tri\u00e9s et partag\u00e9s selon des ordres de priorit\u00e9 pr\u00e9cis : les plus jolis v\u00eatements\/chaussures enfants et femmes, la vaisselle, le petit \u00e9lectrom\u00e9nager, le mat\u00e9riel de pu\u00e9riculture, les couches, les produits d\u2019hygi\u00e8ne\u2026 sont distribu\u00e9s en colis solidaires \u00e0 des personnes orient\u00e9es par des travailleurs sociaux ou des assos partenaires. Les v\u00eatements ado, petites tailles hommes et baskets en bon \u00e9tat sont redonn\u00e9s \u00e0 l\u2019asso les Midis du Mie pour les mineurs isol\u00e9s ou aux assos de maraudes. Les couvertures ou duvets sont donn\u00e9es aux personnes sans abris, vivant dans les camps, squats ou habitats pr\u00e9caires. Et ce qui reste est redistribu\u00e9 lors des gratuiteries. Concernant les livres, nous conservons les livres enfants en bon \u00e9tat pour mettre \u00e0 disposition une biblioth\u00e8que gratuite lors des RDV pour les colis solidaires, le reste est mis dans la bo\u00eete \u00e0 livres situ\u00e9e devant notre local. Alerte ! Pour les colis solidaires nous manquons particuli\u00e8rement de : A bient\u00f4t !<\/p>\n","protected":false},"author":2,"featured_media":6232,"comment_status":"closed","ping_status":"closed","sticky":false,"template":"","format":"standard","meta":{"rop_custom_images_group":[],"rop_custom_messages_group":[],"rop_publish_now":"initial","rop_publish_now_accounts":[],"rop_publish_now_history":[],"rop_publish_now_status":"pending","_themeisle_gutenberg_block_has_review":false,"_jetpack_memberships_contains_paid_content":false,"footnotes":""},"categories":[1],"tags":[],"class_list":["post-6228","post","type-post","status-publish","format-standard","has-post-thumbnail","hentry","category-non-classe"],"jetpack_featured_media_url":"https:\/\/www.labozero.org\/wp-content\/uploads\/2025\/12\/WhatsApp-Image-2025-12-10-at-17.28.07.jpeg","jetpack-related-posts":[{"id":5363,"url":"https:\/\/www.labozero.org\/index.php\/2023\/09\/18\/premiere-collecte\/","url_meta":{"origin":6228,"position":0},"title":"Premi\u00e8re collecte !","author":"labozero","date":"18 septembre, 2023","format":false,"excerpt":"Bonjour \u00e0 tous.tes ! Ca y est, nous organisons enfin notre premi\u00e8re collecte \u00e0 l'occasion de la f\u00eate des Fondus de Merlan : Nous serons pr\u00e9sent.es avec la Gratuiterie et nous collecterons \u00e9galement : V\u00eatements et chaussures enfants (hiver) Petit mat\u00e9riel scolaire : sacs, cahiers, crayons, trousses... Mat\u00e9riel de pu\u00e9riculture\u2026","rel":"","context":"Dans &quot;Non class\u00e9&quot;","block_context":{"text":"Non class\u00e9","link":"https:\/\/www.labozero.org\/index.php\/category\/non-classe\/"},"img":{"alt_text":"","src":"https:\/\/i0.wp.com\/www.labozero.org\/wp-content\/uploads\/2023\/09\/374929827_287945993989518_6747082621493537629_n.jpg?resize=350%2C200&ssl=1","width":350,"height":200,"srcset":"https:\/\/i0.wp.com\/www.labozero.org\/wp-content\/uploads\/2023\/09\/374929827_287945993989518_6747082621493537629_n.jpg?resize=350%2C200&ssl=1 1x, https:\/\/i0.wp.com\/www.labozero.org\/wp-content\/uploads\/2023\/09\/374929827_287945993989518_6747082621493537629_n.jpg?resize=525%2C300&ssl=1 1.5x, https:\/\/i0.wp.com\/www.labozero.org\/wp-content\/uploads\/2023\/09\/374929827_287945993989518_6747082621493537629_n.jpg?resize=700%2C400&ssl=1 2x"},"classes":[]},{"id":5478,"url":"https:\/\/www.labozero.org\/index.php\/2023\/11\/06\/les-infos-de-la-semaine-3\/","url_meta":{"origin":6228,"position":1},"title":"Les infos de la semaine","author":"labozero","date":"6 novembre, 2023","format":false,"excerpt":"Beaucoup d'arrivages ces derniers jours et avec eux beaucoup de remerciements \u00e0 faire, commen\u00e7ons par cela : Merci au collectif qui a organis\u00e9 la Gratiferia du 15 Octobre dernier pour le soin pris \u00e0 trier et conditionner les restes que nous avons r\u00e9cup\u00e9r\u00e9 ! Un grand merci \u00e0 la LOUVE\u2026","rel":"","context":"Dans &quot;Non class\u00e9&quot;","block_context":{"text":"Non class\u00e9","link":"https:\/\/www.labozero.org\/index.php\/category\/non-classe\/"},"img":{"alt_text":"","src":"https:\/\/i0.wp.com\/www.labozero.org\/wp-content\/uploads\/2023\/11\/WhatsApp-Image-2023-11-04-at-11.32.29.jpeg?resize=350%2C200&ssl=1","width":350,"height":200,"srcset":"https:\/\/i0.wp.com\/www.labozero.org\/wp-content\/uploads\/2023\/11\/WhatsApp-Image-2023-11-04-at-11.32.29.jpeg?resize=350%2C200&ssl=1 1x, https:\/\/i0.wp.com\/www.labozero.org\/wp-content\/uploads\/2023\/11\/WhatsApp-Image-2023-11-04-at-11.32.29.jpeg?resize=525%2C300&ssl=1 1.5x, https:\/\/i0.wp.com\/www.labozero.org\/wp-content\/uploads\/2023\/11\/WhatsApp-Image-2023-11-04-at-11.32.29.jpeg?resize=700%2C400&ssl=1 2x, https:\/\/i0.wp.com\/www.labozero.org\/wp-content\/uploads\/2023\/11\/WhatsApp-Image-2023-11-04-at-11.32.29.jpeg?resize=1050%2C600&ssl=1 3x"},"classes":[]},{"id":2691,"url":"https:\/\/www.labozero.org\/index.php\/2021\/11\/18\/collecte-solidaire-a-noisy-le-sec\/","url_meta":{"origin":6228,"position":2},"title":"Collecte solidaire \u00e0 Noisy-le-sec","author":"labozero","date":"18 novembre, 2021","format":false,"excerpt":"Le Samedi 4 d\u00e9cembre entre 11 et 13h nous organisons une collecte solidaire \u00e0 la friche de Noisy au 1 rue Bouquet. Cela va nous permettre de garnir les colis un peu plus g\u00e9n\u00e9reusement pour les f\u00eates de fin d'ann\u00e9es. Pour rappel, chaque mois nous distribuons une centaine de colis\u2026","rel":"","context":"Dans &quot;Non class\u00e9&quot;","block_context":{"text":"Non class\u00e9","link":"https:\/\/www.labozero.org\/index.php\/category\/non-classe\/"},"img":{"alt_text":"","src":"https:\/\/i0.wp.com\/www.labozero.org\/wp-content\/uploads\/2021\/11\/20210925_104745.jpg?resize=350%2C200&ssl=1","width":350,"height":200},"classes":[]},{"id":5698,"url":"https:\/\/www.labozero.org\/index.php\/2024\/05\/08\/appel-a-dons-solidaires\/","url_meta":{"origin":6228,"position":3},"title":"Appel \u00e0 dons solidaires !","author":"labozero","date":"8 mai, 2024","format":false,"excerpt":"Nous profitons de ce jour de calme pour vous solliciter : Nos stocks de v\u00eatements enfants pour les colis solidaires sont assez bas ! Pour rappel nous distribuons des colis de premi\u00e8re n\u00e9cessit\u00e9 pour les familles pr\u00e9caris\u00e9es orient\u00e9es par des travailleuses sociales comprenant : v\u00eatements, produits d'hygi\u00e8ne, mat\u00e9riel de pu\u00e9riculture,\u2026","rel":"","context":"Dans &quot;Non class\u00e9&quot;","block_context":{"text":"Non class\u00e9","link":"https:\/\/www.labozero.org\/index.php\/category\/non-classe\/"},"img":{"alt_text":"","src":"https:\/\/i0.wp.com\/www.labozero.org\/wp-content\/uploads\/2024\/05\/WhatsApp-Image-2024-05-08-at-09.04.58.jpeg?resize=350%2C200&ssl=1","width":350,"height":200,"srcset":"https:\/\/i0.wp.com\/www.labozero.org\/wp-content\/uploads\/2024\/05\/WhatsApp-Image-2024-05-08-at-09.04.58.jpeg?resize=350%2C200&ssl=1 1x, https:\/\/i0.wp.com\/www.labozero.org\/wp-content\/uploads\/2024\/05\/WhatsApp-Image-2024-05-08-at-09.04.58.jpeg?resize=525%2C300&ssl=1 1.5x, https:\/\/i0.wp.com\/www.labozero.org\/wp-content\/uploads\/2024\/05\/WhatsApp-Image-2024-05-08-at-09.04.58.jpeg?resize=700%2C400&ssl=1 2x, https:\/\/i0.wp.com\/www.labozero.org\/wp-content\/uploads\/2024\/05\/WhatsApp-Image-2024-05-08-at-09.04.58.jpeg?resize=1050%2C600&ssl=1 3x, https:\/\/i0.wp.com\/www.labozero.org\/wp-content\/uploads\/2024\/05\/WhatsApp-Image-2024-05-08-at-09.04.58.jpeg?resize=1400%2C800&ssl=1 4x"},"classes":[]},{"id":5878,"url":"https:\/\/www.labozero.org\/index.php\/2024\/12\/11\/des-nouvelles-3\/","url_meta":{"origin":6228,"position":4},"title":"Des nouvelles !","author":"labozero","date":"11 d\u00e9cembre, 2024","format":false,"excerpt":"Petit rappel des prochains RDV pour les gratuiteries : Aujourd'hui dans le cadre de la Semaine du Faire pour Vivre Ensemble \u00e0 Noisy \u00e0 l\u2019\u00e9cole Brossolette \u2013 14 rue Pierre Brossolette \u00e0 partir de 16h. Samedi 15 D\u00e9cembre a partir de 14h dans le cadre de la Gratiferia place du\u2026","rel":"","context":"Dans &quot;Non class\u00e9&quot;","block_context":{"text":"Non class\u00e9","link":"https:\/\/www.labozero.org\/index.php\/category\/non-classe\/"},"img":{"alt_text":"","src":"https:\/\/i0.wp.com\/www.labozero.org\/wp-content\/uploads\/2024\/12\/WhatsApp-Image-2024-12-11-at-12.35.101-e1733916980862.jpeg?resize=350%2C200&ssl=1","width":350,"height":200,"srcset":"https:\/\/i0.wp.com\/www.labozero.org\/wp-content\/uploads\/2024\/12\/WhatsApp-Image-2024-12-11-at-12.35.101-e1733916980862.jpeg?resize=350%2C200&ssl=1 1x, https:\/\/i0.wp.com\/www.labozero.org\/wp-content\/uploads\/2024\/12\/WhatsApp-Image-2024-12-11-at-12.35.101-e1733916980862.jpeg?resize=525%2C300&ssl=1 1.5x, https:\/\/i0.wp.com\/www.labozero.org\/wp-content\/uploads\/2024\/12\/WhatsApp-Image-2024-12-11-at-12.35.101-e1733916980862.jpeg?resize=700%2C400&ssl=1 2x"},"classes":[]},{"id":1834,"url":"https:\/\/www.labozero.org\/index.php\/2020\/11\/21\/le-quotidien-des-echanges-des-collectes-des-dons-et-un-livre\/","url_meta":{"origin":6228,"position":5},"title":"Le quotidien : des \u00e9changes, des collectes, des dons et un livre !","author":"labozero","date":"21 novembre, 2020","format":false,"excerpt":"La mobilisation est forte et la solidarit\u00e9 encore plus. Les luttes s'enchainent, se bousculent m\u00eame d\u00e9sormais : contre les lois liberticides, contre les violences polici\u00e8res, contre la b\u00e9tonnisation des JO... mais aussi contre l'oubli et la maltraitance de tout un pan de la population. Cette semaine a \u00e9t\u00e9 riche et\u2026","rel":"","context":"Dans &quot;Non class\u00e9&quot;","block_context":{"text":"Non class\u00e9","link":"https:\/\/www.labozero.org\/index.php\/category\/non-classe\/"},"img":{"alt_text":"","src":"https:\/\/i0.wp.com\/www.labozero.org\/wp-content\/uploads\/2020\/11\/20201121_113500_resized.jpg?resize=350%2C200&ssl=1","width":350,"height":200,"srcset":"https:\/\/i0.wp.com\/www.labozero.org\/wp-content\/uploads\/2020\/11\/20201121_113500_resized.jpg?resize=350%2C200&ssl=1 1x, https:\/\/i0.wp.com\/www.labozero.org\/wp-content\/uploads\/2020\/11\/20201121_113500_resized.jpg?resize=525%2C300&ssl=1 1.5x, https:\/\/i0.wp.com\/www.labozero.org\/wp-content\/uploads\/2020\/11\/20201121_113500_resized.jpg?resize=700%2C400&ssl=1 2x, https:\/\/i0.wp.com\/www.labozero.org\/wp-content\/uploads\/2020\/11\/20201121_113500_resized.jpg?resize=1050%2C600&ssl=1 3x, https:\/\/i0.wp.com\/www.labozero.org\/wp-content\/uploads\/2020\/11\/20201121_113500_resized.jpg?resize=1400%2C800&ssl=1 4x"},"classes":[]}],"jetpack_shortlink":"https:\/\/wp.me\/pbPs9A-1Cs","jetpack_sharing_enabled":true,"_links":{"self":[{"href":"https:\/\/www.labozero.org\/index.php\/wp-json\/wp\/v2\/posts\/6228","targetHints":{"allow":["GET"]}}],"collection":[{"href":"https:\/\/www.labozero.org\/index.php\/wp-json\/wp\/v2\/posts"}],"about":[{"href":"https:\/\/www.labozero.org\/index.php\/wp-json\/wp\/v2\/types\/post"}],"author":[{"embeddable":true,"href":"https:\/\/www.labozero.org\/index.php\/wp-json\/wp\/v2\/users\/2"}],"replies":[{"embeddable":true,"href":"https:\/\/www.labozero.org\/index.php\/wp-json\/wp\/v2\/comments?post=6228"}],"version-history":[{"count":1,"href":"https:\/\/www.labozero.org\/index.php\/wp-json\/wp\/v2\/posts\/6228\/revisions"}],"predecessor-version":[{"id":6233,"href":"https:\/\/www.labozero.org\/index.php\/wp-json\/wp\/v2\/posts\/6228\/revisions\/6233"}],"wp:featuredmedia":[{"embeddable":true,"href":"https:\/\/www.labozero.org\/index.php\/wp-json\/wp\/v2\/media\/6232"}],"wp:attachment":[{"href":"https:\/\/www.labozero.org\/index.php\/wp-json\/wp\/v2\/media?parent=6228"}],"wp:term":[{"taxonomy":"category","embeddable":true,"href":"https:\/\/www.labozero.org\/index.php\/wp-json\/wp\/v2\/categories?post=6228"},{"taxonomy":"post_tag","embeddable":true,"href":"https:\/\/www.labozero.org\/index.php\/wp-json\/wp\/v2\/tags?post=6228"}],"curies":[{"name":"wp","href":"https:\/\/api.w.org\/{rel}","templated":true}]}}