{"id":6198,"date":"2025-11-06T16:41:55","date_gmt":"2025-11-06T15:41:55","guid":{"rendered":"https:\/\/www.labozero.org\/?p=6198"},"modified":"2025-11-06T16:41:56","modified_gmt":"2025-11-06T15:41:56","slug":"agenda-de-novembre","status":"publish","type":"post","link":"https:\/\/www.labozero.org\/index.php\/2025\/11\/06\/agenda-de-novembre\/","title":{"rendered":"Agenda de Novembre"},"content":{"rendered":"\n<p class=\"wp-block-paragraph\">Voil\u00e0 le programme :<\/p>\n\n\n\n<ul class=\"wp-block-list\">\n<li>Mardi 11 <strong>Gratuiterie<\/strong> de 15h \u00e0 17h dans la cour au 56 BVD de la r\u00e9publique.<\/li>\n\n\n\n<li>Mercredi 12 <strong>Collecte solidaire <\/strong>de 18h \u00e0 20h au 56 BVD de la r\u00e9publique.<\/li>\n\n\n\n<li>Dimanche 16 <strong>Balade v\u00e9lo d\u00e9butant.tes<\/strong> <em>sur inscription \u00e0 michel@lamachine.org<\/em>. RDV \u00e0 10h au 56 bvd de la r\u00e9publique.<\/li>\n\n\n\n<li>Mardi 18 <strong>Atelier d&rsquo;auto-r\u00e9paration<\/strong> \u00e0 la Contremarque de 10h \u00e0 12h.<\/li>\n\n\n\n<li>Mercredi 19 <strong>Collecte solidaire <\/strong>de 18h \u00e0 20h au 56 BVD de la r\u00e9publique.<\/li>\n\n\n\n<li>Jeudi 20 <strong>Atelier \u00ab\u00a0La Machine\u00a0\u00bb<\/strong> sur inscription, \u00e0 la Grande Ourcq.<\/li>\n\n\n\n<li>Samedi 22 <strong>Gratuiterie<\/strong> de 15h \u00e0 17h dans la cour au 56 BVD de la r\u00e9publique.<\/li>\n\n\n\n<li>Dimanche 23 <strong>Balade v\u00e9lo d\u00e9butant.tes<\/strong> <em>sur inscription \u00e0 michel@lamachine.org<\/em>. RDV \u00e0 10h au 56 bvd de la r\u00e9publique.<\/li>\n\n\n\n<li>Lundi 24 <strong>Atelier d&rsquo;auto-r\u00e9paration<\/strong> de 14h \u00e0 16h30 \u00e0 la Petite Ruche.<\/li>\n\n\n\n<li>Mercredi 26 <strong>Collecte solidaire <\/strong>de 18h \u00e0 20h au 56 BVD de la r\u00e9publique.<\/li>\n\n\n\n<li>Samedi 29 <strong>Gratuiterie<\/strong> de 15h \u00e0 17h dans la cour au 56 BVD de la r\u00e9publique.<\/li>\n\n\n\n<li>Dimanche 30 <strong>Balade v\u00e9lo d\u00e9butant.tes<\/strong> <em>sur inscription \u00e0 michel@lamachine.org<\/em>. RDV \u00e0 10h au 56 bvd de la r\u00e9publique.<\/li>\n\n\n\n<li>Mardi 2 D\u00e9cembre <strong>Atelier d&rsquo;auto-r\u00e9paration<\/strong> \u00e0 la Contremarque de 10h \u00e0 12h.<\/li>\n\n\n\n<li>Mercredi 3 D\u00e9cembre <strong>Gratuiterie <\/strong>de 10h \u00e0 12h \u00e0 la Petite Ruche.<\/li>\n\n\n\n<li>Mercredi 3 D\u00e9cembre <strong>Collecte solidaire <\/strong>de 18h \u00e0 20h au 56 BVD de la r\u00e9publique.<\/li>\n\n\n\n<li>Jeudi 4 D\u00e9cembre <strong>Atelier d&rsquo;auto-r\u00e9paration de v\u00e9los<\/strong> au Refuge de 13H30 \u00e0 16h15.<\/li>\n<\/ul>\n\n\n\n<figure class=\"wp-block-gallery has-nested-images columns-2 is-cropped wp-block-gallery-1 is-layout-flex wp-block-gallery-is-layout-flex\">\n<figure class=\"wp-block-image size-large\"><img loading=\"lazy\" decoding=\"async\" width=\"768\" height=\"1024\" data-id=\"6199\" src=\"https:\/\/www.labozero.org\/wp-content\/uploads\/2025\/11\/WhatsApp-Image-2025-10-16-at-20.46.031-768x1024.jpeg\" alt=\"\" class=\"wp-image-6199\" srcset=\"https:\/\/www.labozero.org\/wp-content\/uploads\/2025\/11\/WhatsApp-Image-2025-10-16-at-20.46.031-768x1024.jpeg 768w, https:\/\/www.labozero.org\/wp-content\/uploads\/2025\/11\/WhatsApp-Image-2025-10-16-at-20.46.031-225x300.jpeg 225w, https:\/\/www.labozero.org\/wp-content\/uploads\/2025\/11\/WhatsApp-Image-2025-10-16-at-20.46.031-1152x1536.jpeg 1152w, https:\/\/www.labozero.org\/wp-content\/uploads\/2025\/11\/WhatsApp-Image-2025-10-16-at-20.46.031.jpeg 1200w\" sizes=\"auto, (max-width: 768px) 100vw, 768px\" \/><\/figure>\n\n\n\n<figure class=\"wp-block-image size-large\"><img loading=\"lazy\" decoding=\"async\" width=\"768\" height=\"1024\" data-id=\"6200\" src=\"https:\/\/www.labozero.org\/wp-content\/uploads\/2025\/11\/WhatsApp-Image-2025-10-16-at-20.46.03-768x1024.jpeg\" alt=\"\" class=\"wp-image-6200\" srcset=\"https:\/\/www.labozero.org\/wp-content\/uploads\/2025\/11\/WhatsApp-Image-2025-10-16-at-20.46.03-768x1024.jpeg 768w, https:\/\/www.labozero.org\/wp-content\/uploads\/2025\/11\/WhatsApp-Image-2025-10-16-at-20.46.03-225x300.jpeg 225w, https:\/\/www.labozero.org\/wp-content\/uploads\/2025\/11\/WhatsApp-Image-2025-10-16-at-20.46.03-1152x1536.jpeg 1152w, https:\/\/www.labozero.org\/wp-content\/uploads\/2025\/11\/WhatsApp-Image-2025-10-16-at-20.46.03.jpeg 1200w\" sizes=\"auto, (max-width: 768px) 100vw, 768px\" \/><\/figure>\n\n\n\n<figure class=\"wp-block-image size-large\"><img loading=\"lazy\" decoding=\"async\" width=\"1024\" height=\"750\" data-id=\"6201\" src=\"https:\/\/www.labozero.org\/wp-content\/uploads\/2025\/11\/WhatsApp-Image-2025-10-16-at-20.45.30-1024x750.jpeg\" alt=\"\" class=\"wp-image-6201\" srcset=\"https:\/\/www.labozero.org\/wp-content\/uploads\/2025\/11\/WhatsApp-Image-2025-10-16-at-20.45.30-1024x750.jpeg 1024w, https:\/\/www.labozero.org\/wp-content\/uploads\/2025\/11\/WhatsApp-Image-2025-10-16-at-20.45.30-300x220.jpeg 300w, https:\/\/www.labozero.org\/wp-content\/uploads\/2025\/11\/WhatsApp-Image-2025-10-16-at-20.45.30-768x563.jpeg 768w, https:\/\/www.labozero.org\/wp-content\/uploads\/2025\/11\/WhatsApp-Image-2025-10-16-at-20.45.30-1536x1125.jpeg 1536w, https:\/\/www.labozero.org\/wp-content\/uploads\/2025\/11\/WhatsApp-Image-2025-10-16-at-20.45.30-1568x1149.jpeg 1568w, https:\/\/www.labozero.org\/wp-content\/uploads\/2025\/11\/WhatsApp-Image-2025-10-16-at-20.45.30-1320x967.jpeg 1320w, https:\/\/www.labozero.org\/wp-content\/uploads\/2025\/11\/WhatsApp-Image-2025-10-16-at-20.45.30.jpeg 1600w\" sizes=\"auto, (max-width: 1024px) 100vw, 1024px\" \/><\/figure>\n<\/figure>\n\n\n\n<p class=\"has-text-align-center has-blush-bordeaux-gradient-background has-background wp-block-paragraph\"><strong>Concernant les collectes solidaires :<\/strong><\/p>\n\n\n\n<p class=\"wp-block-paragraph\"><strong>Nous collectons chaque mercredi au 56 bvd de la r\u00e9publique, de 18h \u00e0 20h les v\u00eatements, chaussures, livres, vaisselle, linge de maison, objets d\u00e9co et le petit \u00e9lectrom\u00e9nager.<\/strong> Le tout PROPRE et en BON ETAT. En cas de doute sur don, notamment les objets volumineux envoyez nous un mail pr\u00e9alablement \u00e0 leo@lamachine.org.                                            <strong>Nous ne collectons pas \u00e0 domicile. <\/strong><\/p>\n\n\n\n<p class=\"wp-block-paragraph\"><em>Pour rappel vos dons sont soigneusement tri\u00e9s et partag\u00e9s selon des ordres de priorit\u00e9 pr\u00e9cis : les plus jolis v\u00eatements\/chaussures enfants et femmes, la vaisselle, le petit \u00e9lectrom\u00e9nager, le mat\u00e9riel de pu\u00e9riculture, les couches, les produits d\u2019hygi\u00e8ne\u2026 sont distribu\u00e9s en colis solidaires \u00e0 des personnes orient\u00e9es par des travailleurs sociaux ou des assos partenaires. Les v\u00eatements ado, petites tailles hommes et baskets en bon \u00e9tat sont redonn\u00e9s \u00e0 l\u2019asso <a href=\"https:\/\/www.lesmidisdumie.fr\/\">les Midis du Mie<\/a> pour les mineurs isol\u00e9s ou aux assos de maraudes. Les couvertures ou duvets sont donn\u00e9es aux personnes sans abris, vivant dans les camps, squats ou habitats pr\u00e9caires. Et ce qui reste est redistribu\u00e9 lors des gratuiteries. Concernant les livres, nous conservons les livres enfants en bon \u00e9tat pour mettre \u00e0 disposition une biblioth\u00e8que gratuite lors des RDV pour les colis solidaires, le reste est mis dans la bo\u00eete \u00e0 livres situ\u00e9e devant notre local.<\/em><\/p>\n\n\n\n<p class=\"has-blush-bordeaux-gradient-background has-background wp-block-paragraph\"><strong>Alerte ! Pour les colis solidaires nous manquons particuli\u00e8rement de :<\/strong><\/p>\n\n\n\n<ul class=\"wp-block-list\">\n<li>V\u00eatements Naissance, 1 mois, 3 mois<\/li>\n\n\n\n<li>V\u00eatements et manteaux 2, 3, 4 ans <\/li>\n\n\n\n<li>Gigoteuses, petites couvertures, combis pilotes et petits manteaux<\/li>\n\n\n\n<li>Poussettes, portes b\u00e9b\u00e9s, baignoires, pot&#8230;<\/li>\n\n\n\n<li>Lait maternis\u00e9 1, 2 et 3 et couches 3, 4, 5 et +<\/li>\n\n\n\n<li>Produits d\u2019hygi\u00e8ne de base : savon, shampoing, brosses \u00e0 dent, dentifrice<\/li>\n\n\n\n<li>T\u00e9l\u00e9phones portables et petits ordis ou tablettes m\u00eame \u00e0 r\u00e9parer.<\/li>\n\n\n\n<li>Duvets et toiles de tentes.<\/li>\n<\/ul>\n\n\n\n<p class=\"wp-block-paragraph\">A bient\u00f4t !<\/p>\n","protected":false},"excerpt":{"rendered":"<p>Voil\u00e0 le programme : Concernant les collectes solidaires : Nous collectons chaque mercredi au 56 bvd de la r\u00e9publique, de 18h \u00e0 20h les v\u00eatements, chaussures, livres, vaisselle, linge de maison, objets d\u00e9co et le petit \u00e9lectrom\u00e9nager. Le tout PROPRE et en BON ETAT. En cas de doute sur don, notamment les objets volumineux envoyez nous un mail pr\u00e9alablement \u00e0 leo@lamachine.org. Nous ne collectons pas \u00e0 domicile. Pour rappel vos dons sont soigneusement tri\u00e9s et partag\u00e9s selon des ordres de priorit\u00e9 pr\u00e9cis : les plus jolis v\u00eatements\/chaussures enfants et femmes, la vaisselle, le petit \u00e9lectrom\u00e9nager, le mat\u00e9riel de pu\u00e9riculture, les couches, les produits d\u2019hygi\u00e8ne\u2026 sont distribu\u00e9s en colis solidaires \u00e0 des personnes orient\u00e9es par des travailleurs sociaux ou des assos partenaires. Les v\u00eatements ado, petites tailles hommes et baskets en bon \u00e9tat sont redonn\u00e9s \u00e0 l\u2019asso les Midis du Mie pour les mineurs isol\u00e9s ou aux assos de maraudes. Les couvertures ou duvets sont donn\u00e9es aux personnes sans abris, vivant dans les camps, squats ou habitats pr\u00e9caires. Et ce qui reste est redistribu\u00e9 lors des gratuiteries. Concernant les livres, nous conservons les livres enfants en bon \u00e9tat pour mettre \u00e0 disposition une biblioth\u00e8que gratuite lors des RDV pour les colis solidaires, le reste est mis dans la bo\u00eete \u00e0 livres situ\u00e9e devant notre local. Alerte ! Pour les colis solidaires nous manquons particuli\u00e8rement de : A bient\u00f4t !<\/p>\n","protected":false},"author":2,"featured_media":0,"comment_status":"closed","ping_status":"closed","sticky":false,"template":"","format":"standard","meta":{"rop_custom_images_group":[],"rop_custom_messages_group":[],"rop_publish_now":"initial","rop_publish_now_accounts":[],"rop_publish_now_history":[],"rop_publish_now_status":"pending","_themeisle_gutenberg_block_has_review":false,"footnotes":""},"categories":[1],"tags":[],"class_list":["post-6198","post","type-post","status-publish","format-standard","hentry","category-non-classe"],"jetpack_featured_media_url":"","_links":{"self":[{"href":"https:\/\/www.labozero.org\/index.php\/wp-json\/wp\/v2\/posts\/6198","targetHints":{"allow":["GET"]}}],"collection":[{"href":"https:\/\/www.labozero.org\/index.php\/wp-json\/wp\/v2\/posts"}],"about":[{"href":"https:\/\/www.labozero.org\/index.php\/wp-json\/wp\/v2\/types\/post"}],"author":[{"embeddable":true,"href":"https:\/\/www.labozero.org\/index.php\/wp-json\/wp\/v2\/users\/2"}],"replies":[{"embeddable":true,"href":"https:\/\/www.labozero.org\/index.php\/wp-json\/wp\/v2\/comments?post=6198"}],"version-history":[{"count":1,"href":"https:\/\/www.labozero.org\/index.php\/wp-json\/wp\/v2\/posts\/6198\/revisions"}],"predecessor-version":[{"id":6202,"href":"https:\/\/www.labozero.org\/index.php\/wp-json\/wp\/v2\/posts\/6198\/revisions\/6202"}],"wp:attachment":[{"href":"https:\/\/www.labozero.org\/index.php\/wp-json\/wp\/v2\/media?parent=6198"}],"wp:term":[{"taxonomy":"category","embeddable":true,"href":"https:\/\/www.labozero.org\/index.php\/wp-json\/wp\/v2\/categories?post=6198"},{"taxonomy":"post_tag","embeddable":true,"href":"https:\/\/www.labozero.org\/index.php\/wp-json\/wp\/v2\/tags?post=6198"}],"curies":[{"name":"wp","href":"https:\/\/api.w.org\/{rel}","templated":true}]}}