{"id":6107,"date":"2025-10-20T13:06:44","date_gmt":"2025-10-20T11:06:44","guid":{"rendered":"https:\/\/www.labozero.org\/?p=6107"},"modified":"2025-10-22T14:14:29","modified_gmt":"2025-10-22T12:14:29","slug":"infos-et-point-de-vue","status":"publish","type":"post","link":"https:\/\/www.labozero.org\/index.php\/2025\/10\/20\/infos-et-point-de-vue\/","title":{"rendered":"Infos et point de vue"},"content":{"rendered":"\n<p>Nous souhaitons revenir sur le d\u00e9bat qui a eu lieu au march\u00e9 paysan la semaine derni\u00e8re, malheureusement nous n&rsquo;avons pas pu y prendre part faute de temps et nous le regrettons, mais le sujet nous anime fortement et nous tenons \u00e0 partager notre point de vue. On remercie les Comptoirs de l&rsquo;Est d&rsquo;avoir propos\u00e9 ce temps d&rsquo;\u00e9change autour du th\u00e8me \u00ab\u00a0zero d\u00e9chet et gaspillage alimentaire\u00a0\u00bb :<\/p>\n\n\n\n<p>Pour commencer revenons sur les chiffres pr\u00e9sent\u00e9s sur le tr\u00e8s s\u00e9rieux site du <a href=\"https:\/\/www.statistiques.developpement-durable.gouv.fr\/dechets-et-gaspillage-alimentaires-en-france-en-2023\" data-type=\"link\" data-id=\"https:\/\/www.statistiques.developpement-durable.gouv.fr\/dechets-et-gaspillage-alimentaires-en-france-en-2023\">SDES <\/a>(Statistique publique de l\u2019\u00e9nergie, des transports, du logement et de l&rsquo;environnement):<\/p>\n\n\n\n<p>\u00ab\u00a0En France, la plus grosse partie des d\u00e9chets alimentaires est g\u00e9n\u00e9r\u00e9e par les m\u00e9nages au stade de la consommation \u00e0 domicile (43 %, soit 61 kg par habitant \u2013 kg\/hab.). Vient ensuite l\u2019\u00e9tape de la transformation (24 %), <strong>suivie de la production primaire (13 %)<\/strong>, de la consommation hors domicile (restauration commerciale et collective) et enfin de la distribution. Cette derni\u00e8re repr\u00e9sente 9 % des d\u00e9chets alimentaires.\u00a0\u00bb<\/p>\n\n\n\n<figure class=\"wp-block-image size-large\"><img loading=\"lazy\" decoding=\"async\" width=\"723\" height=\"1024\" src=\"https:\/\/www.labozero.org\/wp-content\/uploads\/2025\/10\/statistiques_sdes_dechets_gaspillage_alimentaires_france_2023_infographie-723x1024.png\" alt=\"\" class=\"wp-image-6108\" srcset=\"https:\/\/www.labozero.org\/wp-content\/uploads\/2025\/10\/statistiques_sdes_dechets_gaspillage_alimentaires_france_2023_infographie-723x1024.png 723w, https:\/\/www.labozero.org\/wp-content\/uploads\/2025\/10\/statistiques_sdes_dechets_gaspillage_alimentaires_france_2023_infographie-212x300.png 212w, https:\/\/www.labozero.org\/wp-content\/uploads\/2025\/10\/statistiques_sdes_dechets_gaspillage_alimentaires_france_2023_infographie-768x1088.png 768w, https:\/\/www.labozero.org\/wp-content\/uploads\/2025\/10\/statistiques_sdes_dechets_gaspillage_alimentaires_france_2023_infographie-1084x1536.png 1084w, https:\/\/www.labozero.org\/wp-content\/uploads\/2025\/10\/statistiques_sdes_dechets_gaspillage_alimentaires_france_2023_infographie.png 1200w\" sizes=\"auto, (max-width: 723px) 100vw, 723px\" \/><\/figure>\n\n\n\n<p>Comme on peut le voir, une partie des surplus de productions ne sont pas compt\u00e9s dans l&rsquo;\u00e9quation et notamment les produits non r\u00e9colt\u00e9s par l&rsquo;industrie agricole. Sur le site de <a href=\"https:\/\/fne.asso.fr\/dossiers\/lutter-contre-le-gaspillage-alimentaire-dans-les-milieux-agricoles\" data-type=\"link\" data-id=\"https:\/\/fne.asso.fr\/dossiers\/lutter-contre-le-gaspillage-alimentaire-dans-les-milieux-agricoles\">France Nature Environnement<\/a> on peut lire : \u00ab\u00a0Pertes, surproductions, produits d\u00e9class\u00e9s\u2026 Dans les activit\u00e9s agricoles (mara\u00eechage, \u00e9levage, p\u00eache\u2026), le gaspillage alimentaire correspond \u00e0 toute la nourriture destin\u00e9e \u00e0 la consommation humaine qui a \u00e9t\u00e9 non r\u00e9colt\u00e9e, perdue, \u00e9cart\u00e9e ou jet\u00e9e. D\u2019apr\u00e8s une <a href=\"https:\/\/www.fne.asso.fr\/communiques\/gaspillage-alimentaire-l%E2%80%99ademe-confirme-la-co-responsabilite-de-tous-les-acteurs\">\u00e9tude de l\u2019ADEME<\/a>, ce gaspillage repr\u00e9sente, en volume, <strong>32% du gaspillage g\u00e9n\u00e9r\u00e9 tout au long de la cha\u00eene alimentaire<\/strong>, soit pr\u00e8s d\u2019un tiers.\u00a0\u00bb<\/p>\n\n\n\n<p>Voil\u00e0 d\u00e9j\u00e0 comment on passe de 13% du gaspillage g\u00e9n\u00e9r\u00e9 par la production primaire (agriculture) \u00e0 32%. Sont \u00e9galement hors des chiffres les produits import\u00e9s dont nous ignorons totalement les taux de gaspillages g\u00e9n\u00e9r\u00e9s par leur fabrication, transformation et transport mais dont le gaspillage final r\u00e9alis\u00e9 par les m\u00e9nages est compt\u00e9.<\/p>\n\n\n\n<p>Ce biais de comptage par omission <strong>permet de remettre la responsabilit\u00e9 du gaspillage alimentaire sur les individus et non sur le syst\u00e8me et donc de d\u00e9politiser le probl\u00e8me.<\/strong> <\/p>\n\n\n\n<p><strong>Pour nous le probl\u00e8me du gaspillage alimentaire est syst\u00e9mique, politique et \u00e9thique<\/strong>. Par l\u2019octroi de subventions,  la r\u00e9daction de lois \u00e9cocidaires (<a href=\"https:\/\/petitions.assemblee-nationale.fr\/initiatives\/i-3014\" data-type=\"link\" data-id=\"https:\/\/petitions.assemblee-nationale.fr\/initiatives\/i-3014\">loi Duplomb<\/a>), ou encore par l&rsquo;utilisation massive de produits dangereux (<a href=\"https:\/\/www.helloasso.com\/associations\/coaadep\/collectes\/soutenons-le-travail-du-collectif\" data-type=\"link\" data-id=\"https:\/\/www.helloasso.com\/associations\/coaadep\/collectes\/soutenons-le-travail-du-collectif\">scandale du Chlord\u00e9cone<\/a> utilis\u00e9 pendant des d\u00e9cennies dans les bananeraies de la Martinique et de la Guadeloupe) l\u2019\u00e9tat favorise la surproduction (en France en moyenne 3500 calories sont produites pour une n\u00e9cessit\u00e9 vitale de moins de 2000 par habitant.e\/jour) et l&rsquo;industrie agroalimentaire. Le capitalisme parie sur des volumes et non sur la qualit\u00e9, permettant l&rsquo;enrichissement de quelques multinationales au d\u00e9triment de la sant\u00e9 humaine et animale ainsi que la pr\u00e9servation des terres. L&rsquo;humain, les animaux et la nature sont des produits permettant l\u2019augmentation co\u00fbte que co\u00fbte, des richesses de quelques privil\u00e9gi\u00e9s. Pour finir et \u00e0 la vue de la production par habitant, un choix d\u00e9lib\u00e9r\u00e9 est fait est de priver une partie de la population \u00e0 un acc\u00e8s \u00e0 une alimentation saine et en quantit\u00e9 suffisante.<\/p>\n\n\n\n<p class=\"has-background-background-color has-background\">La construction de circuits \u00ab\u00a0antigaspi\u00a0\u00bb par les assos (dont nous faisons partie), start up ou m\u00eame par les grands groupes eux m\u00eames, contribuent \u00e0 leur fa\u00e7on \u00e0 la continuit\u00e9 du syst\u00e8me et ne le remet pas en question voire m\u00eame le consolide, en permettant par exemple une re marchandisation des produits auparavant perdus ou la d\u00e9fiscalisation des pertes redonn\u00e9es aux assos. Nous vous invitons a consulter l&rsquo;\u00e9tude de Marie Mourad (sociologue et consultante-chercheuse ind\u00e9pendante sp\u00e9cialis\u00e9e dans la r\u00e9duction du gaspillage) \u00ab\u00a0DE LA POUBELLE A L\u2019ASSIETTE : CONTRE LE GASPILLAGE ALIMENTAIRE\u00a0\u00bb ed L&rsquo;harmattan. <a href=\"https:\/\/journals.openedition.org\/developpementdurable\/25276\" data-type=\"link\" data-id=\"https:\/\/journals.openedition.org\/developpementdurable\/25276\">Lien<\/a><\/p>\n\n\n\n<p>Aussi la question du gaspillage alimentaire permet un effet \u00ab\u00a0paravent\u00a0\u00bb sur des probl\u00e8mes plus graves dont les questions de sant\u00e9 li\u00e9es \u00e0 la qualit\u00e9 des produits et au travail des ouvriers agricoles, la gestion des ressources naturelles, les co\u00fbts \u00e9cologiques des importations, les in\u00e9galit\u00e9s sociales et d&rsquo;acc\u00e8s \u00e0 la nourriture, le lien colonialiste \u00e0 l&rsquo;alimentation et les in\u00e9galit\u00e9s d&rsquo;autorisation d&rsquo;importation des denr\u00e9es, l&rsquo;utilisation et la pollution de terres hors hexagone, l&rsquo;exploitation humaine&#8230;<\/p>\n\n\n\n<p>Enfin, une des r\u00e9ponses institutionnelle au gaspillage alimentaire est la m\u00e9thanisation. Si nous sommes pour son usage domestique (tuto <a href=\"https:\/\/wiki.lowtechlab.org\/wiki\/Biodigesteur_domestique\" data-type=\"link\" data-id=\"https:\/\/wiki.lowtechlab.org\/wiki\/Biodigesteur_domestique\">ICI<\/a>) permettant de transformer les d\u00e9jections humaines et animales et les d\u00e9chets alimentaires en gaz (pour la cuisine, l&rsquo;\u00e9lectricit\u00e9&#8230;), son usage industriel est d\u00e9sastreux. Pollution des sols, des nappes phr\u00e9atiques et surtout accaparement des terres arables et des ressources alimentaires encore consommables. Deux articles de <a href=\"https:\/\/www.greenpeace.fr\/methanisation-agricole-quels-risques-quels-avantages\/\" data-type=\"link\" data-id=\"https:\/\/www.greenpeace.fr\/methanisation-agricole-quels-risques-quels-avantages\/\">Greenpeace<\/a> et <a href=\"https:\/\/reporterre.net\/methanisation-un-digestat-bien-indigeste-pour-les-sols-et-les-eaux\" data-type=\"link\" data-id=\"https:\/\/reporterre.net\/methanisation-un-digestat-bien-indigeste-pour-les-sols-et-les-eaux\">Reporterre<\/a> \u00e0 ce sujet.<\/p>\n\n\n\n<p><\/p>\n\n\n\n<p class=\"has-text-align-center\"> <strong>Sans transition, ou presque :<\/strong><\/p>\n\n\n\n<figure class=\"wp-block-gallery has-nested-images columns-default is-cropped wp-block-gallery-1 is-layout-flex wp-block-gallery-is-layout-flex\">\n<figure class=\"wp-block-image size-large\"><img loading=\"lazy\" decoding=\"async\" width=\"771\" height=\"1024\" data-id=\"6109\" src=\"https:\/\/www.labozero.org\/wp-content\/uploads\/2025\/10\/WhatsApp-Image-2025-10-18-at-12.28.02-771x1024.jpeg\" alt=\"\" class=\"wp-image-6109\" srcset=\"https:\/\/www.labozero.org\/wp-content\/uploads\/2025\/10\/WhatsApp-Image-2025-10-18-at-12.28.02-771x1024.jpeg 771w, https:\/\/www.labozero.org\/wp-content\/uploads\/2025\/10\/WhatsApp-Image-2025-10-18-at-12.28.02-226x300.jpeg 226w, https:\/\/www.labozero.org\/wp-content\/uploads\/2025\/10\/WhatsApp-Image-2025-10-18-at-12.28.02-768x1020.jpeg 768w, https:\/\/www.labozero.org\/wp-content\/uploads\/2025\/10\/WhatsApp-Image-2025-10-18-at-12.28.02-1157x1536.jpeg 1157w, https:\/\/www.labozero.org\/wp-content\/uploads\/2025\/10\/WhatsApp-Image-2025-10-18-at-12.28.02-1320x1753.jpeg 1320w, https:\/\/www.labozero.org\/wp-content\/uploads\/2025\/10\/WhatsApp-Image-2025-10-18-at-12.28.02.jpeg 1536w\" sizes=\"auto, (max-width: 771px) 100vw, 771px\" \/><\/figure>\n\n\n\n<figure class=\"wp-block-image size-large\"><img loading=\"lazy\" decoding=\"async\" width=\"771\" height=\"1024\" data-id=\"6110\" src=\"https:\/\/www.labozero.org\/wp-content\/uploads\/2025\/10\/WhatsApp-Image-2025-10-18-at-12.15.41-771x1024.jpeg\" alt=\"\" class=\"wp-image-6110\" srcset=\"https:\/\/www.labozero.org\/wp-content\/uploads\/2025\/10\/WhatsApp-Image-2025-10-18-at-12.15.41-771x1024.jpeg 771w, https:\/\/www.labozero.org\/wp-content\/uploads\/2025\/10\/WhatsApp-Image-2025-10-18-at-12.15.41-226x300.jpeg 226w, https:\/\/www.labozero.org\/wp-content\/uploads\/2025\/10\/WhatsApp-Image-2025-10-18-at-12.15.41-768x1020.jpeg 768w, https:\/\/www.labozero.org\/wp-content\/uploads\/2025\/10\/WhatsApp-Image-2025-10-18-at-12.15.41-1157x1536.jpeg 1157w, https:\/\/www.labozero.org\/wp-content\/uploads\/2025\/10\/WhatsApp-Image-2025-10-18-at-12.15.41-1320x1753.jpeg 1320w, https:\/\/www.labozero.org\/wp-content\/uploads\/2025\/10\/WhatsApp-Image-2025-10-18-at-12.15.41.jpeg 1536w\" sizes=\"auto, (max-width: 771px) 100vw, 771px\" \/><\/figure>\n\n\n\n<figure class=\"wp-block-image size-large\"><img loading=\"lazy\" decoding=\"async\" width=\"771\" height=\"1024\" data-id=\"6111\" src=\"https:\/\/www.labozero.org\/wp-content\/uploads\/2025\/10\/WhatsApp-Image-2025-10-18-at-12.06.22-771x1024.jpeg\" alt=\"\" class=\"wp-image-6111\" srcset=\"https:\/\/www.labozero.org\/wp-content\/uploads\/2025\/10\/WhatsApp-Image-2025-10-18-at-12.06.22-771x1024.jpeg 771w, https:\/\/www.labozero.org\/wp-content\/uploads\/2025\/10\/WhatsApp-Image-2025-10-18-at-12.06.22-226x300.jpeg 226w, https:\/\/www.labozero.org\/wp-content\/uploads\/2025\/10\/WhatsApp-Image-2025-10-18-at-12.06.22-768x1020.jpeg 768w, https:\/\/www.labozero.org\/wp-content\/uploads\/2025\/10\/WhatsApp-Image-2025-10-18-at-12.06.22-1157x1536.jpeg 1157w, https:\/\/www.labozero.org\/wp-content\/uploads\/2025\/10\/WhatsApp-Image-2025-10-18-at-12.06.22-1320x1753.jpeg 1320w, https:\/\/www.labozero.org\/wp-content\/uploads\/2025\/10\/WhatsApp-Image-2025-10-18-at-12.06.22.jpeg 1536w\" sizes=\"auto, (max-width: 771px) 100vw, 771px\" \/><\/figure>\n\n\n\n<figure class=\"wp-block-image size-large\"><img loading=\"lazy\" decoding=\"async\" width=\"1024\" height=\"771\" data-id=\"6112\" src=\"https:\/\/www.labozero.org\/wp-content\/uploads\/2025\/10\/WhatsApp-Image-2025-10-18-at-12.05.52-1024x771.jpeg\" alt=\"\" class=\"wp-image-6112\" srcset=\"https:\/\/www.labozero.org\/wp-content\/uploads\/2025\/10\/WhatsApp-Image-2025-10-18-at-12.05.52-1024x771.jpeg 1024w, https:\/\/www.labozero.org\/wp-content\/uploads\/2025\/10\/WhatsApp-Image-2025-10-18-at-12.05.52-300x226.jpeg 300w, https:\/\/www.labozero.org\/wp-content\/uploads\/2025\/10\/WhatsApp-Image-2025-10-18-at-12.05.52-768x578.jpeg 768w, https:\/\/www.labozero.org\/wp-content\/uploads\/2025\/10\/WhatsApp-Image-2025-10-18-at-12.05.52-1536x1157.jpeg 1536w, https:\/\/www.labozero.org\/wp-content\/uploads\/2025\/10\/WhatsApp-Image-2025-10-18-at-12.05.52-1568x1181.jpeg 1568w, https:\/\/www.labozero.org\/wp-content\/uploads\/2025\/10\/WhatsApp-Image-2025-10-18-at-12.05.52-1320x994.jpeg 1320w, https:\/\/www.labozero.org\/wp-content\/uploads\/2025\/10\/WhatsApp-Image-2025-10-18-at-12.05.52.jpeg 2040w\" sizes=\"auto, (max-width: 1024px) 100vw, 1024px\" \/><\/figure>\n<\/figure>\n\n\n\n<p class=\"has-text-align-center\"><strong>Infos pratiques :<\/strong><\/p>\n\n\n\n<p class=\"has-luminous-vivid-amber-to-luminous-vivid-orange-gradient-background has-background\"><em>Attention \u00e0 compter du 26 octobre nous ne ferons plus de gratuiteries dans la cour le mercredi soir, faute d&rsquo;\u00e9clairage suffisant mais poursuivons les collectes.<\/em><\/p>\n\n\n\n<p><em>Pour rappel vos dons sont soigneusement tri\u00e9s et partag\u00e9s selon des ordres de priorit\u00e9 pr\u00e9cis : les plus jolis v\u00eatements\/chaussures enfants et femmes, la vaisselle, le petit \u00e9lectrom\u00e9nager, le mat\u00e9riel de pu\u00e9riculture, les couches, les produits d\u2019hygi\u00e8ne\u2026 sont distribu\u00e9s en colis solidaires \u00e0 des personnes orient\u00e9es par des travailleurs sociaux ou des assos partenaires. Les v\u00eatements ado, petites tailles hommes et baskets en bon \u00e9tat sont redonn\u00e9s \u00e0 l\u2019asso <a href=\"https:\/\/www.lesmidisdumie.fr\/\">les Midis du Mie<\/a> pour les mineurs isol\u00e9s ou aux assos de maraudes. Les couvertures ou duvets sont donn\u00e9es aux personnes sans abris, vivant dans les camps, squats ou habitats pr\u00e9caires. Et ce qui reste est redistribu\u00e9 lors des gratuiteries. Concernant les livres, nous conservons les livres enfants en bon \u00e9tat pour mettre \u00e0 disposition une biblioth\u00e8que gratuite lors des RDV pour les colis solidaires, le reste est mis dans la bo\u00eete \u00e0 livres situ\u00e9e devant notre local.<\/em><\/p>\n\n\n\n<p><strong>Ainsi, pour les colis solidaires nous manquons \u00e9galement de :<\/strong><\/p>\n\n\n\n<ul class=\"wp-block-list\">\n<li>v\u00eatements enfant toutes tailles (surtout naissance)<\/li>\n\n\n\n<li>Gigoteuses, petites couvertures, combis pilotes et petits manteaux<\/li>\n\n\n\n<li>Chaussures 25, 26, 27 et baskets 41, 42, 43 et<\/li>\n\n\n\n<li>Lait maternis\u00e9 1, 2 et 3 et couches 3, 4, 5 et +<\/li>\n\n\n\n<li>Produits d\u2019hygi\u00e8ne de base : savon, shampoing, brosses \u00e0 dent, dentifrice<\/li>\n<\/ul>\n\n\n\n<p><\/p>\n\n\n\n<p class=\"has-text-align-center\"><strong>Agenda :<\/strong><\/p>\n\n\n\n<ul class=\"wp-block-list\">\n<li>Mercredi 22 Octobre 18h\/20h Collecte et Gratuiterie au 56 bvd de la r\u00e9publique.<\/li>\n\n\n\n<li>Jeudi 23 Octobre 14h\/17h atelier \u00ab\u00a0La Machine\u00a0\u00bb \u00e0 la Petite Ruche (sur inscription)<\/li>\n\n\n\n<li>Samedi 25 Octobre 15h\/17h Gratuiterie au 56 bvd de la R\u00e9publique<\/li>\n\n\n\n<li>Lundi 27 Octobre 14h atelier d&rsquo;auto-r\u00e9paration \u00e0 la Petite Ruche (sur inscription)<\/li>\n\n\n\n<li>Mercredi 29 octobre 18h\/20h Collecte au 56 bvd de la r\u00e9publique<\/li>\n\n\n\n<li>Vendredi 31 Octobre Sortie V\u00e9lo pour d\u00e9butant.es (inscriptions \u00e0 michel@lamachine.org)<\/li>\n<\/ul>\n\n\n\n<figure class=\"wp-block-gallery has-nested-images columns-2 is-cropped wp-block-gallery-2 is-layout-flex wp-block-gallery-is-layout-flex\">\n<figure class=\"wp-block-image size-large\"><img loading=\"lazy\" decoding=\"async\" width=\"1024\" height=\"768\" data-id=\"6113\" src=\"https:\/\/www.labozero.org\/wp-content\/uploads\/2025\/10\/WhatsApp-Image-2025-10-20-at-12.55.11-1024x768.jpeg\" alt=\"\" class=\"wp-image-6113\" srcset=\"https:\/\/www.labozero.org\/wp-content\/uploads\/2025\/10\/WhatsApp-Image-2025-10-20-at-12.55.11-1024x768.jpeg 1024w, https:\/\/www.labozero.org\/wp-content\/uploads\/2025\/10\/WhatsApp-Image-2025-10-20-at-12.55.11-300x225.jpeg 300w, https:\/\/www.labozero.org\/wp-content\/uploads\/2025\/10\/WhatsApp-Image-2025-10-20-at-12.55.11-768x576.jpeg 768w, https:\/\/www.labozero.org\/wp-content\/uploads\/2025\/10\/WhatsApp-Image-2025-10-20-at-12.55.11-1536x1152.jpeg 1536w, https:\/\/www.labozero.org\/wp-content\/uploads\/2025\/10\/WhatsApp-Image-2025-10-20-at-12.55.11-1568x1176.jpeg 1568w, https:\/\/www.labozero.org\/wp-content\/uploads\/2025\/10\/WhatsApp-Image-2025-10-20-at-12.55.11-1320x990.jpeg 1320w, https:\/\/www.labozero.org\/wp-content\/uploads\/2025\/10\/WhatsApp-Image-2025-10-20-at-12.55.11.jpeg 2000w\" sizes=\"auto, (max-width: 1024px) 100vw, 1024px\" \/><\/figure>\n\n\n\n<figure class=\"wp-block-image size-large\"><img loading=\"lazy\" decoding=\"async\" width=\"1024\" height=\"768\" data-id=\"6114\" src=\"https:\/\/www.labozero.org\/wp-content\/uploads\/2025\/10\/WhatsApp-Image-2025-10-20-at-12.55.10-1024x768.jpeg\" alt=\"\" class=\"wp-image-6114\" srcset=\"https:\/\/www.labozero.org\/wp-content\/uploads\/2025\/10\/WhatsApp-Image-2025-10-20-at-12.55.10-1024x768.jpeg 1024w, https:\/\/www.labozero.org\/wp-content\/uploads\/2025\/10\/WhatsApp-Image-2025-10-20-at-12.55.10-300x225.jpeg 300w, https:\/\/www.labozero.org\/wp-content\/uploads\/2025\/10\/WhatsApp-Image-2025-10-20-at-12.55.10-768x576.jpeg 768w, https:\/\/www.labozero.org\/wp-content\/uploads\/2025\/10\/WhatsApp-Image-2025-10-20-at-12.55.10-1536x1152.jpeg 1536w, https:\/\/www.labozero.org\/wp-content\/uploads\/2025\/10\/WhatsApp-Image-2025-10-20-at-12.55.10-1568x1176.jpeg 1568w, https:\/\/www.labozero.org\/wp-content\/uploads\/2025\/10\/WhatsApp-Image-2025-10-20-at-12.55.10-1320x990.jpeg 1320w, https:\/\/www.labozero.org\/wp-content\/uploads\/2025\/10\/WhatsApp-Image-2025-10-20-at-12.55.10.jpeg 2000w\" sizes=\"auto, (max-width: 1024px) 100vw, 1024px\" \/><\/figure>\n\n\n\n<figure class=\"wp-block-image size-large\"><img loading=\"lazy\" decoding=\"async\" width=\"768\" height=\"1024\" data-id=\"6115\" src=\"https:\/\/www.labozero.org\/wp-content\/uploads\/2025\/10\/WhatsApp-Image-2025-10-18-at-13.30.35-768x1024.jpeg\" alt=\"\" class=\"wp-image-6115\" srcset=\"https:\/\/www.labozero.org\/wp-content\/uploads\/2025\/10\/WhatsApp-Image-2025-10-18-at-13.30.35-768x1024.jpeg 768w, https:\/\/www.labozero.org\/wp-content\/uploads\/2025\/10\/WhatsApp-Image-2025-10-18-at-13.30.35-225x300.jpeg 225w, https:\/\/www.labozero.org\/wp-content\/uploads\/2025\/10\/WhatsApp-Image-2025-10-18-at-13.30.35-1152x1536.jpeg 1152w, https:\/\/www.labozero.org\/wp-content\/uploads\/2025\/10\/WhatsApp-Image-2025-10-18-at-13.30.35.jpeg 1200w\" sizes=\"auto, (max-width: 768px) 100vw, 768px\" \/><\/figure>\n<\/figure>\n\n\n\n<p>Enfin si vous souhaitez nous soutenir vous pouvez adh\u00e9rer (\u00e0 prix libre) : <a href=\"https:\/\/www.helloasso.com\/associations\/laboratoire-ecologique-0dechet\/adhesions\/formulaire-d-adhesion\">https:\/\/www.helloasso.com\/associations\/laboratoire-ecologique-0dechet\/adhesions\/formulaire-d-adhesion<\/a><\/p>\n","protected":false},"excerpt":{"rendered":"<p>Nous souhaitons revenir sur le d\u00e9bat qui a eu lieu au march\u00e9 paysan la semaine derni\u00e8re, malheureusement nous n&rsquo;avons pas pu y prendre part faute de temps et nous le regrettons, mais le sujet nous anime fortement et nous tenons \u00e0 partager notre point de vue. On remercie les Comptoirs de l&rsquo;Est d&rsquo;avoir propos\u00e9 ce temps d&rsquo;\u00e9change autour du th\u00e8me \u00ab\u00a0zero d\u00e9chet et gaspillage alimentaire\u00a0\u00bb : Pour commencer revenons sur les chiffres pr\u00e9sent\u00e9s sur le tr\u00e8s s\u00e9rieux site du SDES (Statistique publique de l\u2019\u00e9nergie, des transports, du logement et de l&rsquo;environnement): \u00ab\u00a0En France, la plus grosse partie des d\u00e9chets alimentaires est g\u00e9n\u00e9r\u00e9e par les m\u00e9nages au stade de la consommation \u00e0 domicile (43 %, soit 61 kg par habitant \u2013 kg\/hab.). Vient ensuite l\u2019\u00e9tape de la transformation (24 %), suivie de la production primaire (13 %), de la consommation hors domicile (restauration commerciale et collective) et enfin de la distribution. Cette derni\u00e8re repr\u00e9sente 9 % des d\u00e9chets alimentaires.\u00a0\u00bb Comme on peut le voir, une partie des surplus de productions ne sont pas compt\u00e9s dans l&rsquo;\u00e9quation et notamment les produits non r\u00e9colt\u00e9s par l&rsquo;industrie agricole. Sur le site de France Nature Environnement on peut lire : \u00ab\u00a0Pertes, surproductions, produits d\u00e9class\u00e9s\u2026 Dans les activit\u00e9s agricoles (mara\u00eechage, \u00e9levage, p\u00eache\u2026), le gaspillage alimentaire correspond \u00e0 toute la nourriture destin\u00e9e \u00e0 la consommation humaine qui a \u00e9t\u00e9 non r\u00e9colt\u00e9e, perdue, \u00e9cart\u00e9e ou jet\u00e9e. D\u2019apr\u00e8s une \u00e9tude de l\u2019ADEME, ce gaspillage repr\u00e9sente, en volume, 32% du gaspillage g\u00e9n\u00e9r\u00e9 tout au long de la cha\u00eene alimentaire, soit pr\u00e8s d\u2019un tiers.\u00a0\u00bb Voil\u00e0 d\u00e9j\u00e0 comment on passe de 13% du gaspillage g\u00e9n\u00e9r\u00e9 par la production primaire (agriculture) \u00e0 32%. Sont \u00e9galement hors des chiffres les produits import\u00e9s dont nous ignorons totalement les taux de gaspillages g\u00e9n\u00e9r\u00e9s par leur fabrication, transformation et transport mais dont le gaspillage final r\u00e9alis\u00e9 par les m\u00e9nages est compt\u00e9. Ce biais de comptage par omission permet de remettre la responsabilit\u00e9 du gaspillage alimentaire sur les individus et non sur le syst\u00e8me et donc de d\u00e9politiser le probl\u00e8me. Pour nous le probl\u00e8me du gaspillage alimentaire est syst\u00e9mique, politique et \u00e9thique. Par l\u2019octroi de subventions, la r\u00e9daction de lois \u00e9cocidaires (loi Duplomb), ou encore par l&rsquo;utilisation massive de produits dangereux (scandale du Chlord\u00e9cone utilis\u00e9 pendant des d\u00e9cennies dans les bananeraies de la Martinique et de la Guadeloupe) l\u2019\u00e9tat favorise la surproduction (en France en moyenne 3500 calories sont produites pour une n\u00e9cessit\u00e9 vitale de moins de 2000 par habitant.e\/jour) et l&rsquo;industrie agroalimentaire. Le capitalisme parie sur des volumes et non sur la qualit\u00e9, permettant l&rsquo;enrichissement de quelques multinationales au d\u00e9triment de la sant\u00e9 humaine et animale ainsi que la pr\u00e9servation des terres. L&rsquo;humain, les animaux et la nature sont des produits permettant l\u2019augmentation co\u00fbte que co\u00fbte, des richesses de quelques privil\u00e9gi\u00e9s. Pour finir et \u00e0 la vue de la production par habitant, un choix d\u00e9lib\u00e9r\u00e9 est fait est de priver une partie de la population \u00e0 un acc\u00e8s \u00e0 une alimentation saine et en quantit\u00e9 suffisante. La construction de circuits \u00ab\u00a0antigaspi\u00a0\u00bb par les assos (dont nous faisons partie), start up ou m\u00eame par les grands groupes eux m\u00eames, contribuent \u00e0 leur fa\u00e7on \u00e0 la continuit\u00e9 du syst\u00e8me et ne le remet pas en question voire m\u00eame le consolide, en permettant par exemple une re marchandisation des produits auparavant perdus ou la d\u00e9fiscalisation des pertes redonn\u00e9es aux assos. Nous vous invitons a consulter l&rsquo;\u00e9tude de Marie Mourad (sociologue et consultante-chercheuse ind\u00e9pendante sp\u00e9cialis\u00e9e dans la r\u00e9duction du gaspillage) \u00ab\u00a0DE LA POUBELLE A L\u2019ASSIETTE : CONTRE LE GASPILLAGE ALIMENTAIRE\u00a0\u00bb ed L&rsquo;harmattan. Lien Aussi la question du gaspillage alimentaire permet un effet \u00ab\u00a0paravent\u00a0\u00bb sur des probl\u00e8mes plus graves dont les questions de sant\u00e9 li\u00e9es \u00e0 la qualit\u00e9 des produits et au travail des ouvriers agricoles, la gestion des ressources naturelles, les co\u00fbts \u00e9cologiques des importations, les in\u00e9galit\u00e9s sociales et d&rsquo;acc\u00e8s \u00e0 la nourriture, le lien colonialiste \u00e0 l&rsquo;alimentation et les in\u00e9galit\u00e9s d&rsquo;autorisation d&rsquo;importation des denr\u00e9es, l&rsquo;utilisation et la pollution de terres hors hexagone, l&rsquo;exploitation humaine&#8230; Enfin, une des r\u00e9ponses institutionnelle au gaspillage alimentaire est la m\u00e9thanisation. Si nous sommes pour son usage domestique (tuto ICI) permettant de transformer les d\u00e9jections humaines et animales et les d\u00e9chets alimentaires en gaz (pour la cuisine, l&rsquo;\u00e9lectricit\u00e9&#8230;), son usage industriel est d\u00e9sastreux. Pollution des sols, des nappes phr\u00e9atiques et surtout accaparement des terres arables et des ressources alimentaires encore consommables. Deux articles de Greenpeace et Reporterre \u00e0 ce sujet. Sans transition, ou presque : Infos pratiques : Attention \u00e0 compter du 26 octobre nous ne ferons plus de gratuiteries dans la cour le mercredi soir, faute d&rsquo;\u00e9clairage suffisant mais poursuivons les collectes. Pour rappel vos dons sont soigneusement tri\u00e9s et partag\u00e9s selon des ordres de priorit\u00e9 pr\u00e9cis : les plus jolis v\u00eatements\/chaussures enfants et femmes, la vaisselle, le petit \u00e9lectrom\u00e9nager, le mat\u00e9riel de pu\u00e9riculture, les couches, les produits d\u2019hygi\u00e8ne\u2026 sont distribu\u00e9s en colis solidaires \u00e0 des personnes orient\u00e9es par des travailleurs sociaux ou des assos partenaires. Les v\u00eatements ado, petites tailles hommes et baskets en bon \u00e9tat sont redonn\u00e9s \u00e0 l\u2019asso les Midis du Mie pour les mineurs isol\u00e9s ou aux assos de maraudes. Les couvertures ou duvets sont donn\u00e9es aux personnes sans abris, vivant dans les camps, squats ou habitats pr\u00e9caires. Et ce qui reste est redistribu\u00e9 lors des gratuiteries. Concernant les livres, nous conservons les livres enfants en bon \u00e9tat pour mettre \u00e0 disposition une biblioth\u00e8que gratuite lors des RDV pour les colis solidaires, le reste est mis dans la bo\u00eete \u00e0 livres situ\u00e9e devant notre local. Ainsi, pour les colis solidaires nous manquons \u00e9galement de : Agenda : Enfin si vous souhaitez nous soutenir vous pouvez adh\u00e9rer (\u00e0 prix libre) : https:\/\/www.helloasso.com\/associations\/laboratoire-ecologique-0dechet\/adhesions\/formulaire-d-adhesion<\/p>\n","protected":false},"author":2,"featured_media":0,"comment_status":"closed","ping_status":"closed","sticky":false,"template":"","format":"standard","meta":{"rop_custom_images_group":[],"rop_custom_messages_group":[],"rop_publish_now":"initial","rop_publish_now_accounts":[],"rop_publish_now_history":[],"rop_publish_now_status":"pending","_themeisle_gutenberg_block_has_review":false,"_jetpack_memberships_contains_paid_content":false,"footnotes":""},"categories":[1],"tags":[],"class_list":["post-6107","post","type-post","status-publish","format-standard","hentry","category-non-classe"],"jetpack_featured_media_url":"","jetpack-related-posts":[{"id":4403,"url":"https:\/\/www.labozero.org\/index.php\/2023\/03\/22\/tribune\/","url_meta":{"origin":6107,"position":0},"title":"Tribune !","author":"labozero","date":"22 mars, 2023","format":false,"excerpt":"Solidaires, nous sommes co-signataires de cette tribune parrue recemment sur M\u00e9diapart Nous sommes syndicalistes, activistes dans des collectifs de l\u2019\u00e9cologie radicale, sociale ou populaire, militant\u00b7es politiques, personnalit\u00e9s.\u00a0 Depuis 15 jours, les salari\u00e9\u00b7es du secteur des d\u00e9chets, \u00e9boueuses et \u00e9boueurs, balayeurs, chauffeurs, ripeurs, ouvri\u00e8res et ouvriers des centres de tri, salari\u00e9\u00b7es\u2026","rel":"","context":"Dans &quot;Non class\u00e9&quot;","block_context":{"text":"Non class\u00e9","link":"https:\/\/www.labozero.org\/index.php\/category\/non-classe\/"},"img":{"alt_text":"","src":"","width":0,"height":0},"classes":[]},{"id":2254,"url":"https:\/\/www.labozero.org\/index.php\/2021\/08\/05\/petites-et-grandes-nouvelles\/","url_meta":{"origin":6107,"position":1},"title":"Petites et grandes nouvelles !","author":"labozero","date":"5 ao\u00fbt, 2021","format":false,"excerpt":"Nous avons mis \u00e0 profit ces derniers jours pour nous positionner sur plusieurs points importants notamment notre sortie de Facebook pour des raisons \u00e9videntes d\u2019\u00e9thique. Entre les publicit\u00e9s et la censure de plus en plus forte, nous ne pouvons plus participer et donner du contenu \u00e0 ce r\u00e9seau social. Vous\u2026","rel":"","context":"Dans &quot;Non class\u00e9&quot;","block_context":{"text":"Non class\u00e9","link":"https:\/\/www.labozero.org\/index.php\/category\/non-classe\/"},"img":{"alt_text":"","src":"https:\/\/i0.wp.com\/www.labozero.org\/wp-content\/uploads\/2021\/08\/20210805_1527431-150x150.jpg?resize=350%2C200&ssl=1","width":350,"height":200,"srcset":"https:\/\/i0.wp.com\/www.labozero.org\/wp-content\/uploads\/2021\/08\/20210805_1527431-150x150.jpg?resize=350%2C200&ssl=1 1x, https:\/\/i0.wp.com\/www.labozero.org\/wp-content\/uploads\/2021\/08\/20210805_1527431-150x150.jpg?resize=525%2C300&ssl=1 1.5x, https:\/\/i0.wp.com\/www.labozero.org\/wp-content\/uploads\/2021\/08\/20210805_1527431-150x150.jpg?resize=700%2C400&ssl=1 2x"},"classes":[]},{"id":2840,"url":"https:\/\/www.labozero.org\/index.php\/2022\/01\/17\/gratuiterie-a-pantin\/","url_meta":{"origin":6107,"position":2},"title":"Gratuiterie \u00e0 Pantin","author":"labozero","date":"17 janvier, 2022","format":false,"excerpt":"RDV dimanche 23 janvier entre 14 et 18h pour une gratuiterie en ext\u00e9rieur \u00e0 Pantin (si il fait beau) ! Venez d\u00e9nicher des v\u00eatements femme et homme, de la vaisselle, des bibelots, du linge de maison et quelques affaires enfants. Comme toujours, une seule condition : le partage bienveillant !\u2026","rel":"","context":"Dans &quot;Non class\u00e9&quot;","block_context":{"text":"Non class\u00e9","link":"https:\/\/www.labozero.org\/index.php\/category\/non-classe\/"},"img":{"alt_text":"","src":"https:\/\/i0.wp.com\/www.labozero.org\/wp-content\/uploads\/2022\/01\/Grille-dentree-du-LEO-credit-photo-Gary-Libot-min-scaled.jpg?resize=350%2C200&ssl=1","width":350,"height":200,"srcset":"https:\/\/i0.wp.com\/www.labozero.org\/wp-content\/uploads\/2022\/01\/Grille-dentree-du-LEO-credit-photo-Gary-Libot-min-scaled.jpg?resize=350%2C200&ssl=1 1x, https:\/\/i0.wp.com\/www.labozero.org\/wp-content\/uploads\/2022\/01\/Grille-dentree-du-LEO-credit-photo-Gary-Libot-min-scaled.jpg?resize=525%2C300&ssl=1 1.5x, https:\/\/i0.wp.com\/www.labozero.org\/wp-content\/uploads\/2022\/01\/Grille-dentree-du-LEO-credit-photo-Gary-Libot-min-scaled.jpg?resize=700%2C400&ssl=1 2x, https:\/\/i0.wp.com\/www.labozero.org\/wp-content\/uploads\/2022\/01\/Grille-dentree-du-LEO-credit-photo-Gary-Libot-min-scaled.jpg?resize=1050%2C600&ssl=1 3x, https:\/\/i0.wp.com\/www.labozero.org\/wp-content\/uploads\/2022\/01\/Grille-dentree-du-LEO-credit-photo-Gary-Libot-min-scaled.jpg?resize=1400%2C800&ssl=1 4x"},"classes":[]},{"id":4297,"url":"https:\/\/www.labozero.org\/index.php\/2023\/03\/02\/gratuiterie\/","url_meta":{"origin":6107,"position":3},"title":"Gratuiterie !","author":"labozero","date":"2 mars, 2023","format":false,"excerpt":"On range, tri, donne ! Gratuiterie exceptionnelle \u00e0 destination des Femmes et des Enfants : le Lundi 6 Mars de 14 \u00e0 16H. Nous devons partir prochainement de Pantin, nous ne collectons plus. Il y aura \u00e0 donner : des v\u00eatements enfants tous \u00e2ges, parfois avec quelques d\u00e9fauts. des jouets\u2026","rel":"","context":"Dans &quot;Non class\u00e9&quot;","block_context":{"text":"Non class\u00e9","link":"https:\/\/www.labozero.org\/index.php\/category\/non-classe\/"},"img":{"alt_text":"","src":"https:\/\/i0.wp.com\/www.labozero.org\/wp-content\/uploads\/2023\/03\/jardins.jpg?resize=350%2C200&ssl=1","width":350,"height":200,"srcset":"https:\/\/i0.wp.com\/www.labozero.org\/wp-content\/uploads\/2023\/03\/jardins.jpg?resize=350%2C200&ssl=1 1x, https:\/\/i0.wp.com\/www.labozero.org\/wp-content\/uploads\/2023\/03\/jardins.jpg?resize=525%2C300&ssl=1 1.5x"},"classes":[]},{"id":2104,"url":"https:\/\/www.labozero.org\/index.php\/2021\/04\/24\/le-leo-en-danger-rdv-le-20-mai\/","url_meta":{"origin":6107,"position":4},"title":"Le LE\u00d8 en danger ! RDV le 20 Mai","author":"labozero","date":"24 avril, 2021","format":false,"excerpt":"Nous, membres du LE\u00d8, Laboratoire Ecologique Z\u00e9ro d\u00e9chet, occupons depuis plus de deux ans un b\u00e2timent industriel laiss\u00e9 \u00e0 l\u2019abandon au 20 avenue Edouard Vaillant \u00e0 Pantin. L\u2019EPFIDF (Etablissement public Foncier d\u2019\u00cele de France), propri\u00e9taire des lieux, nous a intent\u00e9 un proc\u00e8s l\u2019ann\u00e9e derni\u00e8re. Un jugement in\u00e9dit en notre faveur\u2026","rel":"","context":"Dans &quot;Non class\u00e9&quot;","block_context":{"text":"Non class\u00e9","link":"https:\/\/www.labozero.org\/index.php\/category\/non-classe\/"},"img":{"alt_text":"","src":"https:\/\/i0.wp.com\/www.labozero.org\/wp-content\/uploads\/2021\/04\/176738358_918928072256556_8286890253936935234_n.jpg?resize=350%2C200&ssl=1","width":350,"height":200,"srcset":"https:\/\/i0.wp.com\/www.labozero.org\/wp-content\/uploads\/2021\/04\/176738358_918928072256556_8286890253936935234_n.jpg?resize=350%2C200&ssl=1 1x, https:\/\/i0.wp.com\/www.labozero.org\/wp-content\/uploads\/2021\/04\/176738358_918928072256556_8286890253936935234_n.jpg?resize=525%2C300&ssl=1 1.5x, https:\/\/i0.wp.com\/www.labozero.org\/wp-content\/uploads\/2021\/04\/176738358_918928072256556_8286890253936935234_n.jpg?resize=700%2C400&ssl=1 2x, https:\/\/i0.wp.com\/www.labozero.org\/wp-content\/uploads\/2021\/04\/176738358_918928072256556_8286890253936935234_n.jpg?resize=1050%2C600&ssl=1 3x"},"classes":[]},{"id":2649,"url":"https:\/\/www.labozero.org\/index.php\/2021\/11\/11\/motive-es-et-vous\/","url_meta":{"origin":6107,"position":5},"title":"Motiv\u00e9.es,  et vous ?","author":"labozero","date":"11 novembre, 2021","format":false,"excerpt":"Le LEO vit intens\u00e9ment, comme toujours. On se motive pour le r\u00e9am\u00e9nagement total de l'atelier et la cr\u00e9ation de nouveaux espaces v\u00e9g\u00e9talis\u00e9s : On cr\u00e9\u00e9 de nouveau partenariats, notamment les H\u00f4tels solidaires avec lesquels on partage nos savoirs autour d'un atelier couture d\u00e9chet et qu'on remercie pour ses dons \"d\u00e9ch\u00e9tariens\"\u2026","rel":"","context":"Dans &quot;Non class\u00e9&quot;","block_context":{"text":"Non class\u00e9","link":"https:\/\/www.labozero.org\/index.php\/category\/non-classe\/"},"img":{"alt_text":"","src":"https:\/\/i0.wp.com\/www.labozero.org\/wp-content\/uploads\/2021\/11\/20211106_125407.jpg?resize=350%2C200&ssl=1","width":350,"height":200},"classes":[]}],"jetpack_shortlink":"https:\/\/wp.me\/pbPs9A-1Av","jetpack_sharing_enabled":true,"_links":{"self":[{"href":"https:\/\/www.labozero.org\/index.php\/wp-json\/wp\/v2\/posts\/6107","targetHints":{"allow":["GET"]}}],"collection":[{"href":"https:\/\/www.labozero.org\/index.php\/wp-json\/wp\/v2\/posts"}],"about":[{"href":"https:\/\/www.labozero.org\/index.php\/wp-json\/wp\/v2\/types\/post"}],"author":[{"embeddable":true,"href":"https:\/\/www.labozero.org\/index.php\/wp-json\/wp\/v2\/users\/2"}],"replies":[{"embeddable":true,"href":"https:\/\/www.labozero.org\/index.php\/wp-json\/wp\/v2\/comments?post=6107"}],"version-history":[{"count":4,"href":"https:\/\/www.labozero.org\/index.php\/wp-json\/wp\/v2\/posts\/6107\/revisions"}],"predecessor-version":[{"id":6119,"href":"https:\/\/www.labozero.org\/index.php\/wp-json\/wp\/v2\/posts\/6107\/revisions\/6119"}],"wp:attachment":[{"href":"https:\/\/www.labozero.org\/index.php\/wp-json\/wp\/v2\/media?parent=6107"}],"wp:term":[{"taxonomy":"category","embeddable":true,"href":"https:\/\/www.labozero.org\/index.php\/wp-json\/wp\/v2\/categories?post=6107"},{"taxonomy":"post_tag","embeddable":true,"href":"https:\/\/www.labozero.org\/index.php\/wp-json\/wp\/v2\/tags?post=6107"}],"curies":[{"name":"wp","href":"https:\/\/api.w.org\/{rel}","templated":true}]}}