{"id":6014,"date":"2025-05-30T14:29:05","date_gmt":"2025-05-30T12:29:05","guid":{"rendered":"https:\/\/www.labozero.org\/?p=6014"},"modified":"2025-05-30T14:29:06","modified_gmt":"2025-05-30T12:29:06","slug":"prochains-rdv-6","status":"publish","type":"post","link":"https:\/\/www.labozero.org\/index.php\/2025\/05\/30\/prochains-rdv-6\/","title":{"rendered":"Prochains rdv"},"content":{"rendered":"\n<p class=\"wp-block-paragraph\">Les Gratuiteries : <\/p>\n\n\n\n<ul class=\"wp-block-list\">\n<li>Le Mercredi 4 Juin de 10h \u00e0 12h \u00e0 la Petite ruche pour une sp\u00e9ciale enfants.<\/li>\n\n\n\n<li>Le Mercredi 11 Juin entre 14h et 18h dans le cadre de la \u00ab\u00a0Rue pour tous et toutes\u00a0\u00bb<\/li>\n<\/ul>\n\n\n\n<ul class=\"wp-block-list\">\n<li>Le Samedi 14 Juin dans le cadre de l&rsquo;\u00e9v\u00e8nement \u00ab\u00a0Ma ville, j&rsquo;en prend soin\u00a0\u00bb <\/li>\n\n\n\n<li>Le Mercredi 25 Juin \u00e0 la Maison de quartier des courtill\u00e8res \u00e0 Pantin entre 15 et 17h.<\/li>\n\n\n\n<li>Le Samedi 28 Juin entre 15 et 17h au 56 bvd de la r\u00e9publique \u00e0 Noisy.<\/li>\n<\/ul>\n\n\n\n<p class=\"wp-block-paragraph\"><\/p>\n\n\n\n<p class=\"has-text-align-center has-luminous-vivid-amber-to-luminous-vivid-orange-gradient-background has-background wp-block-paragraph\"><strong>On se retrouve \u00e9galement comme chaque mercredi pour la collecte solidaire                      entre 18h et 20h<\/strong><\/p>\n\n\n\n<p class=\"wp-block-paragraph\"><\/p>\n\n\n\n<p class=\"wp-block-paragraph\"><em>Pour rappel vos dons sont soigneusement tri\u00e9s et partag\u00e9s selon des ordres de priorit\u00e9 pr\u00e9cis : les plus jolis v\u00eatements\/chaussures enfants et femmes, la vaisselle, le petit \u00e9lectrom\u00e9nager, le mat\u00e9riel de pu\u00e9riculture, les couches, les produits d\u2019hygi\u00e8ne\u2026 sont distribu\u00e9s en colis solidaires \u00e0 des personnes orient\u00e9es par des travailleurs sociaux ou des assos partenaires. Les v\u00eatements ado, petites tailles hommes et baskets en bon \u00e9tat sont redonn\u00e9s \u00e0 l\u2019asso <a href=\"https:\/\/www.lesmidisdumie.fr\/\">les Midis du Mie<\/a> pour les mineurs isol\u00e9s ou aux assos de maraudes. Les couvertures ou duvets sont donn\u00e9es aux personnes sans abris, vivant dans les camps, squats ou habitats pr\u00e9caires. Et ce qui reste est redistribu\u00e9 lors des gratuiteries. Concernant les livres, nous conservons les livres enfants en bon \u00e9tat pour mettre \u00e0 disposition une biblioth\u00e8que gratuite lors des RDV pour les colis solidaires, le reste est mis dans la bo\u00eete \u00e0 livres situ\u00e9e devant notre local.<\/em><\/p>\n\n\n\n<p class=\"wp-block-paragraph\"><strong>Ainsi, pour les colis solidaires nous manquons particuli\u00e8rement de :<\/strong><\/p>\n\n\n\n<ul class=\"wp-block-list\">\n<li>v\u00eatements naissance \u00e0 5 ans (surtout des pantalons gar\u00e7on 3,4,5 ans)<\/li>\n\n\n\n<li>Gigoteuses, petites couvertures, combis pilotes et petits manteaux<\/li>\n\n\n\n<li>Poussettes et portes b\u00e9b\u00e9s<\/li>\n\n\n\n<li>Chaussures 25, 26, 27 et baskets 41, 42, 43 et +<\/li>\n\n\n\n<li>Biberons et t\u00e9tines en excellent \u00e9tat<\/li>\n\n\n\n<li>V\u00eatements ados : 14, 16 ans XS, S, M ( genr\u00e9s gar\u00e7on)<\/li>\n\n\n\n<li>Lait maternis\u00e9 1, 2 et 3 et couches 3, 4, 5 et +<\/li>\n\n\n\n<li>Produits d\u2019hygi\u00e8ne de base : savon, shampoing, brosses \u00e0 dent, dentifrice<\/li>\n<\/ul>\n\n\n\n<figure class=\"wp-block-gallery has-nested-images columns-default is-cropped wp-block-gallery-1 is-layout-flex wp-block-gallery-is-layout-flex\"><\/figure>\n","protected":false},"excerpt":{"rendered":"<p>Les Gratuiteries : On se retrouve \u00e9galement comme chaque mercredi pour la collecte solidaire entre 18h et 20h Pour rappel vos dons sont soigneusement tri\u00e9s et partag\u00e9s selon des ordres de priorit\u00e9 pr\u00e9cis : les plus jolis v\u00eatements\/chaussures enfants et femmes, la vaisselle, le petit \u00e9lectrom\u00e9nager, le mat\u00e9riel de pu\u00e9riculture, les couches, les produits d\u2019hygi\u00e8ne\u2026 sont distribu\u00e9s en colis solidaires \u00e0 des personnes orient\u00e9es par des travailleurs sociaux ou des assos partenaires. Les v\u00eatements ado, petites tailles hommes et baskets en bon \u00e9tat sont redonn\u00e9s \u00e0 l\u2019asso les Midis du Mie pour les mineurs isol\u00e9s ou aux assos de maraudes. Les couvertures ou duvets sont donn\u00e9es aux personnes sans abris, vivant dans les camps, squats ou habitats pr\u00e9caires. Et ce qui reste est redistribu\u00e9 lors des gratuiteries. Concernant les livres, nous conservons les livres enfants en bon \u00e9tat pour mettre \u00e0 disposition une biblioth\u00e8que gratuite lors des RDV pour les colis solidaires, le reste est mis dans la bo\u00eete \u00e0 livres situ\u00e9e devant notre local. Ainsi, pour les colis solidaires nous manquons particuli\u00e8rement de :<\/p>\n","protected":false},"author":2,"featured_media":0,"comment_status":"closed","ping_status":"closed","sticky":false,"template":"","format":"standard","meta":{"rop_custom_images_group":[],"rop_custom_messages_group":[],"rop_publish_now":"initial","rop_publish_now_accounts":[],"rop_publish_now_history":[],"rop_publish_now_status":"pending","_themeisle_gutenberg_block_has_review":false,"footnotes":""},"categories":[1],"tags":[],"class_list":["post-6014","post","type-post","status-publish","format-standard","hentry","category-non-classe"],"jetpack_featured_media_url":"","_links":{"self":[{"href":"https:\/\/www.labozero.org\/index.php\/wp-json\/wp\/v2\/posts\/6014","targetHints":{"allow":["GET"]}}],"collection":[{"href":"https:\/\/www.labozero.org\/index.php\/wp-json\/wp\/v2\/posts"}],"about":[{"href":"https:\/\/www.labozero.org\/index.php\/wp-json\/wp\/v2\/types\/post"}],"author":[{"embeddable":true,"href":"https:\/\/www.labozero.org\/index.php\/wp-json\/wp\/v2\/users\/2"}],"replies":[{"embeddable":true,"href":"https:\/\/www.labozero.org\/index.php\/wp-json\/wp\/v2\/comments?post=6014"}],"version-history":[{"count":3,"href":"https:\/\/www.labozero.org\/index.php\/wp-json\/wp\/v2\/posts\/6014\/revisions"}],"predecessor-version":[{"id":6018,"href":"https:\/\/www.labozero.org\/index.php\/wp-json\/wp\/v2\/posts\/6014\/revisions\/6018"}],"wp:attachment":[{"href":"https:\/\/www.labozero.org\/index.php\/wp-json\/wp\/v2\/media?parent=6014"}],"wp:term":[{"taxonomy":"category","embeddable":true,"href":"https:\/\/www.labozero.org\/index.php\/wp-json\/wp\/v2\/categories?post=6014"},{"taxonomy":"post_tag","embeddable":true,"href":"https:\/\/www.labozero.org\/index.php\/wp-json\/wp\/v2\/tags?post=6014"}],"curies":[{"name":"wp","href":"https:\/\/api.w.org\/{rel}","templated":true}]}}