{"id":5971,"date":"2025-04-11T11:22:47","date_gmt":"2025-04-11T09:22:47","guid":{"rendered":"https:\/\/www.labozero.org\/?p=5971"},"modified":"2025-04-11T11:22:49","modified_gmt":"2025-04-11T09:22:49","slug":"prochains-rdv-4","status":"publish","type":"post","link":"https:\/\/www.labozero.org\/index.php\/2025\/04\/11\/prochains-rdv-4\/","title":{"rendered":"Prochains RDV"},"content":{"rendered":"\n<p>On se retrouve pour les <a href=\"https:\/\/www.labozero.org\/index.php\/la-gratuiterie-du-leo\/\" data-type=\"link\" data-id=\"https:\/\/www.labozero.org\/index.php\/la-gratuiterie-du-leo\/\">gratuiteries <\/a> : <\/p>\n\n\n\n<ul class=\"wp-block-list\">\n<li><strong>Le Samedi 12 Avril <\/strong>de 15 \u00e0 17h au 56 bvd de la r\u00e9publique \u00e0 Noisy le sec (uniquement par beau temps)<\/li>\n\n\n\n<li><strong>Le Samedi 26 Avril<\/strong> entre 17h30 et 20h au square Loun\u00e8s Matoub \u00e0 Noisy le sec \u00e0 l&rsquo;occasion <a href=\"https:\/\/www.auxpignonssurrue.fr\/pour-ses-10-ans-lassociation-organise-une-fete-danniversaire-le-samedi-26-avril-2025\/\" data-type=\"link\" data-id=\"https:\/\/www.auxpignonssurrue.fr\/pour-ses-10-ans-lassociation-organise-une-fete-danniversaire-le-samedi-26-avril-2025\/\">des 10 ans de l&rsquo;association Aux pignons sur rue<\/a> (uniquement par beau temps)<\/li>\n\n\n\n<li><strong>Le Mercredi 30 Avril<\/strong> entre 14h et 17h \u00e0 la Maison de quartier des Courtill\u00e8res \u00e0 Pantin<\/li>\n\n\n\n<li><strong>Le Mercredi 7 Mai <\/strong>entre 10h et 12h \u00e0 la petite ruche 51 rue de Br\u00e9ment \u00e0 Noisy le sec.<\/li>\n<\/ul>\n\n\n\n<p><\/p>\n\n\n\n<p class=\"has-text-align-center\"><strong>On se retrouve \u00e9galement comme chaque mercredi pour la collecte solidaire <\/strong><\/p>\n\n\n\n<p class=\"has-text-align-center\"><strong>entre 18h et 20h.<\/strong><\/p>\n\n\n\n<p class=\"has-luminous-vivid-orange-to-vivid-red-gradient-background has-background\">Pour rappel vous nous mettez en difficult\u00e9s lorsque vous d\u00e9posez en dehors de ce cr\u00e9neau : la cour est une copropri\u00e9t\u00e9 et nous ne pouvons pas imposer \u00e0 nos voisins ces d\u00e9p\u00f4ts qui restent parfois plusieurs jours dans la cour. Par ailleurs nous ne pouvons traiter chaque demande individuellement c&rsquo;est pourquoi nous proposons des temps pr\u00e9cis et collectifs. <\/p>\n\n\n\n<p><em>Pour rappel vos dons sont soigneusement tri\u00e9s et partag\u00e9s selon des ordres de priorit\u00e9 pr\u00e9cis : les plus jolis v\u00eatements\/chaussures enfants et femmes, la vaisselle, le petit \u00e9lectrom\u00e9nager, le mat\u00e9riel de pu\u00e9riculture, les couches, les produits d\u2019hygi\u00e8ne\u2026 sont distribu\u00e9s en colis solidaires \u00e0 des personnes orient\u00e9es par des travailleurs sociaux ou des assos partenaires. Les v\u00eatements ado, petites tailles hommes et baskets en bon \u00e9tat sont redonn\u00e9s \u00e0 l\u2019asso <a href=\"https:\/\/www.lesmidisdumie.fr\/\">les Midis du Mie<\/a> pour les mineurs isol\u00e9s ou aux assos de maraudes. Les couvertures ou duvets sont donn\u00e9es aux personnes sans abris, vivant dans les camps, squats ou habitats pr\u00e9caires. Et ce qui reste est redistribu\u00e9 lors des gratuiteries. Concernant les livres, nous conservons les livres enfants en bon \u00e9tat pour mettre \u00e0 disposition une biblioth\u00e8que gratuite lors des RDV pour les colis solidaires, le reste est mis dans la bo\u00eete \u00e0 livres situ\u00e9e devant notre local.<\/em><\/p>\n\n\n\n<p><strong>Ainsi, pour les colis solidaires nous manquons particuli\u00e8rement de :<\/strong><\/p>\n\n\n\n<ul class=\"wp-block-list\">\n<li>v\u00eatements naissance \u00e0 5 ans (surtout des pantalons gar\u00e7on 3,4,5 ans)<\/li>\n\n\n\n<li>Gigoteuses, petites couvertures, combis pilotes et petits manteaux<\/li>\n\n\n\n<li>Poussettes et portes b\u00e9b\u00e9s<\/li>\n\n\n\n<li>Chaussures 25, 26, 27 et baskets 41, 42, 43 et +<\/li>\n\n\n\n<li>Biberons et t\u00e9tines en excellent \u00e9tat<\/li>\n\n\n\n<li>V\u00eatements ados : 14, 16 ans XS, S, M ( genr\u00e9s gar\u00e7on)<\/li>\n\n\n\n<li>Lait maternis\u00e9 1, 2 et 3 et couches 3, 4, 5 et +<\/li>\n\n\n\n<li>Produits d\u2019hygi\u00e8ne de base : savon, shampoing, brosses \u00e0 dent, dentifrice<\/li>\n<\/ul>\n","protected":false},"excerpt":{"rendered":"<p>On se retrouve pour les gratuiteries : On se retrouve \u00e9galement comme chaque mercredi pour la collecte solidaire entre 18h et 20h. Pour rappel vous nous mettez en difficult\u00e9s lorsque vous d\u00e9posez en dehors de ce cr\u00e9neau : la cour est une copropri\u00e9t\u00e9 et nous ne pouvons pas imposer \u00e0 nos voisins ces d\u00e9p\u00f4ts qui restent parfois plusieurs jours dans la cour. Par ailleurs nous ne pouvons traiter chaque demande individuellement c&rsquo;est pourquoi nous proposons des temps pr\u00e9cis et collectifs. Pour rappel vos dons sont soigneusement tri\u00e9s et partag\u00e9s selon des ordres de priorit\u00e9 pr\u00e9cis : les plus jolis v\u00eatements\/chaussures enfants et femmes, la vaisselle, le petit \u00e9lectrom\u00e9nager, le mat\u00e9riel de pu\u00e9riculture, les couches, les produits d\u2019hygi\u00e8ne\u2026 sont distribu\u00e9s en colis solidaires \u00e0 des personnes orient\u00e9es par des travailleurs sociaux ou des assos partenaires. Les v\u00eatements ado, petites tailles hommes et baskets en bon \u00e9tat sont redonn\u00e9s \u00e0 l\u2019asso les Midis du Mie pour les mineurs isol\u00e9s ou aux assos de maraudes. Les couvertures ou duvets sont donn\u00e9es aux personnes sans abris, vivant dans les camps, squats ou habitats pr\u00e9caires. Et ce qui reste est redistribu\u00e9 lors des gratuiteries. Concernant les livres, nous conservons les livres enfants en bon \u00e9tat pour mettre \u00e0 disposition une biblioth\u00e8que gratuite lors des RDV pour les colis solidaires, le reste est mis dans la bo\u00eete \u00e0 livres situ\u00e9e devant notre local. Ainsi, pour les colis solidaires nous manquons particuli\u00e8rement de :<\/p>\n","protected":false},"author":2,"featured_media":0,"comment_status":"closed","ping_status":"closed","sticky":false,"template":"","format":"standard","meta":{"rop_custom_images_group":[],"rop_custom_messages_group":[],"rop_publish_now":"initial","rop_publish_now_accounts":[],"rop_publish_now_history":[],"rop_publish_now_status":"pending","_themeisle_gutenberg_block_has_review":false,"_jetpack_memberships_contains_paid_content":false,"footnotes":""},"categories":[1],"tags":[],"class_list":["post-5971","post","type-post","status-publish","format-standard","hentry","category-non-classe"],"jetpack_featured_media_url":"","jetpack-related-posts":[{"id":5923,"url":"https:\/\/www.labozero.org\/index.php\/2025\/03\/12\/les-nouvelles-7\/","url_meta":{"origin":5971,"position":0},"title":"Les nouvelles !","author":"labozero","date":"12 mars, 2025","format":false,"excerpt":"On commence par les prochaines dates de Gratuiterie : Samedi 15 Mars de 15h \u00e0 17h au 56 bvd de la r\u00e9publique \u00e0 Noisy le sec (uniquement par beau temps) Le Mercredi 26 Mars entre 14h et 17h \u00e0 la Maison de quartier des Courtill\u00e8res \u00e0 Pantin Le Samedi 29\u2026","rel":"","context":"Dans &quot;Non class\u00e9&quot;","block_context":{"text":"Non class\u00e9","link":"https:\/\/www.labozero.org\/index.php\/category\/non-classe\/"},"img":{"alt_text":"","src":"https:\/\/i0.wp.com\/www.labozero.org\/wp-content\/uploads\/2025\/03\/WhatsApp-Image-2025-03-04-at-12.19.34.jpeg?resize=350%2C200&ssl=1","width":350,"height":200,"srcset":"https:\/\/i0.wp.com\/www.labozero.org\/wp-content\/uploads\/2025\/03\/WhatsApp-Image-2025-03-04-at-12.19.34.jpeg?resize=350%2C200&ssl=1 1x, https:\/\/i0.wp.com\/www.labozero.org\/wp-content\/uploads\/2025\/03\/WhatsApp-Image-2025-03-04-at-12.19.34.jpeg?resize=525%2C300&ssl=1 1.5x, https:\/\/i0.wp.com\/www.labozero.org\/wp-content\/uploads\/2025\/03\/WhatsApp-Image-2025-03-04-at-12.19.34.jpeg?resize=700%2C400&ssl=1 2x"},"classes":[]},{"id":714,"url":"https:\/\/www.labozero.org\/index.php\/2019\/04\/11\/la-gratuiterie-ambulante-a-montreuil-ce-samedi\/","url_meta":{"origin":5971,"position":1},"title":"La Gratuiterie Ambulante \u00e0 Montreuil ce samedi.","author":"labozero","date":"11 avril, 2019","format":false,"excerpt":"Attention la friche sera ferm\u00e9e ce samedi ! Cette semaine la Gratuiterie Ambulante part en vadrouille, invit\u00e9e par les copains du Sens de l'humus, elle sera aux Murs \u00e0 p\u00eaches entre 15 et 18h ce samedi. \u00a0 Michel quand \u00e0 lui participe au prochain \u00e9pisode d'Ulysse et sera \u00e0 Aubervilliers\u2026","rel":"","context":"Dans &quot;Non class\u00e9&quot;","block_context":{"text":"Non class\u00e9","link":"https:\/\/www.labozero.org\/index.php\/category\/non-classe\/"},"img":{"alt_text":"JPO Avril 2019.jpg","src":"https:\/\/i0.wp.com\/www.labozero.org\/wp-content\/uploads\/2019\/04\/jpo-avril-2019.jpg?resize=350%2C200&ssl=1","width":350,"height":200,"srcset":"https:\/\/i0.wp.com\/www.labozero.org\/wp-content\/uploads\/2019\/04\/jpo-avril-2019.jpg?resize=350%2C200&ssl=1 1x, https:\/\/i0.wp.com\/www.labozero.org\/wp-content\/uploads\/2019\/04\/jpo-avril-2019.jpg?resize=525%2C300&ssl=1 1.5x, https:\/\/i0.wp.com\/www.labozero.org\/wp-content\/uploads\/2019\/04\/jpo-avril-2019.jpg?resize=700%2C400&ssl=1 2x, https:\/\/i0.wp.com\/www.labozero.org\/wp-content\/uploads\/2019\/04\/jpo-avril-2019.jpg?resize=1050%2C600&ssl=1 3x, https:\/\/i0.wp.com\/www.labozero.org\/wp-content\/uploads\/2019\/04\/jpo-avril-2019.jpg?resize=1400%2C800&ssl=1 4x"},"classes":[]},{"id":703,"url":"https:\/\/www.labozero.org\/index.php\/2019\/03\/22\/encore-un-beau-week-end\/","url_meta":{"origin":5971,"position":2},"title":"Encore un beau week end !","author":"labozero","date":"22 mars, 2019","format":false,"excerpt":"Ce week end est encore plein de surprises !!! Au menu : Samedi de 15 \u00e0 17h et plus \u00e0 la friche : la gratuiterie, l'atelier musical (derni\u00e8re cession, profitez en !!) et les tricotteuses de R\u00eaVons la culture \u00e0 Noisy . Samedi \u00e0 Aubervilliers : 3 repr\u00e9sentations d'un nouvel\u2026","rel":"","context":"Dans &quot;Non class\u00e9&quot;","block_context":{"text":"Non class\u00e9","link":"https:\/\/www.labozero.org\/index.php\/category\/non-classe\/"},"img":{"alt_text":"","src":"https:\/\/i0.wp.com\/www.labozero.org\/wp-content\/uploads\/2019\/03\/affiche-friche-150x150.jpg?resize=350%2C200&ssl=1","width":350,"height":200,"srcset":"https:\/\/i0.wp.com\/www.labozero.org\/wp-content\/uploads\/2019\/03\/affiche-friche-150x150.jpg?resize=350%2C200&ssl=1 1x, https:\/\/i0.wp.com\/www.labozero.org\/wp-content\/uploads\/2019\/03\/affiche-friche-150x150.jpg?resize=525%2C300&ssl=1 1.5x, https:\/\/i0.wp.com\/www.labozero.org\/wp-content\/uploads\/2019\/03\/affiche-friche-150x150.jpg?resize=700%2C400&ssl=1 2x, https:\/\/i0.wp.com\/www.labozero.org\/wp-content\/uploads\/2019\/03\/affiche-friche-150x150.jpg?resize=1050%2C600&ssl=1 3x"},"classes":[]},{"id":5794,"url":"https:\/\/www.labozero.org\/index.php\/2024\/09\/18\/prochains-rdv-3\/","url_meta":{"origin":5971,"position":3},"title":"Prochains RDV","author":"labozero","date":"18 septembre, 2024","format":false,"excerpt":"On se retrouve pour 3 dates de gratuiteries : Le Dimanche 22 Septembre de 10h \u00e0 17h dans le cadre du vide grenier organis\u00e9 par les Comptoirs de l'Est, avenue des Monteux \u00e0 Noisy le sec. Uniquement par beau temps Le Samedi 28 Septembre de 15h \u00e0 18h au 56\u2026","rel":"","context":"Dans &quot;Non class\u00e9&quot;","block_context":{"text":"Non class\u00e9","link":"https:\/\/www.labozero.org\/index.php\/category\/non-classe\/"},"img":{"alt_text":"","src":"https:\/\/i0.wp.com\/www.labozero.org\/wp-content\/uploads\/2023\/09\/WhatsApp-Image-2023-09-25-at-09.54.52.jpeg?resize=350%2C200&ssl=1","width":350,"height":200,"srcset":"https:\/\/i0.wp.com\/www.labozero.org\/wp-content\/uploads\/2023\/09\/WhatsApp-Image-2023-09-25-at-09.54.52.jpeg?resize=350%2C200&ssl=1 1x, https:\/\/i0.wp.com\/www.labozero.org\/wp-content\/uploads\/2023\/09\/WhatsApp-Image-2023-09-25-at-09.54.52.jpeg?resize=525%2C300&ssl=1 1.5x, https:\/\/i0.wp.com\/www.labozero.org\/wp-content\/uploads\/2023\/09\/WhatsApp-Image-2023-09-25-at-09.54.52.jpeg?resize=700%2C400&ssl=1 2x, https:\/\/i0.wp.com\/www.labozero.org\/wp-content\/uploads\/2023\/09\/WhatsApp-Image-2023-09-25-at-09.54.52.jpeg?resize=1050%2C600&ssl=1 3x, https:\/\/i0.wp.com\/www.labozero.org\/wp-content\/uploads\/2023\/09\/WhatsApp-Image-2023-09-25-at-09.54.52.jpeg?resize=1400%2C800&ssl=1 4x"},"classes":[]},{"id":3002,"url":"https:\/\/www.labozero.org\/index.php\/2022\/03\/01\/gratuiteries\/","url_meta":{"origin":5971,"position":4},"title":"Gratuiteries !","author":"labozero","date":"1 mars, 2022","format":false,"excerpt":"Carton plein dimanche dernier, vous avez \u00e9t\u00e9 tr\u00e8s nombreux.ses \u00e0 venir d\u00e9nicher des perles pour vos gardes robes\/pantalons ;) . Du coup on remet \u00e7a : Tous les Samedis \u00e0 Noisy le sec au 1 rue Bouquet entre 11 et 13h, pour l'instant sans prendre les dons. ET Dimanche 6\u2026","rel":"","context":"Dans &quot;Non class\u00e9&quot;","block_context":{"text":"Non class\u00e9","link":"https:\/\/www.labozero.org\/index.php\/category\/non-classe\/"},"img":{"alt_text":"","src":"https:\/\/i0.wp.com\/www.labozero.org\/wp-content\/uploads\/2022\/03\/275110266_499158035108799_654197900031286794_n.jpg?resize=350%2C200&ssl=1","width":350,"height":200,"srcset":"https:\/\/i0.wp.com\/www.labozero.org\/wp-content\/uploads\/2022\/03\/275110266_499158035108799_654197900031286794_n.jpg?resize=350%2C200&ssl=1 1x, https:\/\/i0.wp.com\/www.labozero.org\/wp-content\/uploads\/2022\/03\/275110266_499158035108799_654197900031286794_n.jpg?resize=525%2C300&ssl=1 1.5x, https:\/\/i0.wp.com\/www.labozero.org\/wp-content\/uploads\/2022\/03\/275110266_499158035108799_654197900031286794_n.jpg?resize=700%2C400&ssl=1 2x, https:\/\/i0.wp.com\/www.labozero.org\/wp-content\/uploads\/2022\/03\/275110266_499158035108799_654197900031286794_n.jpg?resize=1050%2C600&ssl=1 3x"},"classes":[]},{"id":2136,"url":"https:\/\/www.labozero.org\/index.php\/2021\/05\/26\/et-maintenant-la-suite\/","url_meta":{"origin":5971,"position":5},"title":"Et maintenant : la suite !","author":"labozero","date":"26 mai, 2021","format":false,"excerpt":"Tout d'abord un immense merci \u00e0 vous tous\/tes pour votre pr\u00e9sence, vos soutiens, votre belle \u00e9nergie ! Merci particuli\u00e8rement aussi \u00e0 toutes les petites mains et les petites voix qui ont \u0153uvr\u00e9 dans l'ombre pour que cette journ\u00e9e soit possible. Si vous avez fait de jolies photos\/vid\u00e9os\/prises de son vous\u2026","rel":"","context":"Dans &quot;Non class\u00e9&quot;","block_context":{"text":"Non class\u00e9","link":"https:\/\/www.labozero.org\/index.php\/category\/non-classe\/"},"img":{"alt_text":"","src":"https:\/\/i0.wp.com\/www.labozero.org\/wp-content\/uploads\/2021\/05\/SIDE7778_copy2.jpg?resize=350%2C200&ssl=1","width":350,"height":200,"srcset":"https:\/\/i0.wp.com\/www.labozero.org\/wp-content\/uploads\/2021\/05\/SIDE7778_copy2.jpg?resize=350%2C200&ssl=1 1x, https:\/\/i0.wp.com\/www.labozero.org\/wp-content\/uploads\/2021\/05\/SIDE7778_copy2.jpg?resize=525%2C300&ssl=1 1.5x, https:\/\/i0.wp.com\/www.labozero.org\/wp-content\/uploads\/2021\/05\/SIDE7778_copy2.jpg?resize=700%2C400&ssl=1 2x, https:\/\/i0.wp.com\/www.labozero.org\/wp-content\/uploads\/2021\/05\/SIDE7778_copy2.jpg?resize=1050%2C600&ssl=1 3x, https:\/\/i0.wp.com\/www.labozero.org\/wp-content\/uploads\/2021\/05\/SIDE7778_copy2.jpg?resize=1400%2C800&ssl=1 4x"},"classes":[]}],"jetpack_shortlink":"https:\/\/wp.me\/pbPs9A-1yj","jetpack_sharing_enabled":true,"_links":{"self":[{"href":"https:\/\/www.labozero.org\/index.php\/wp-json\/wp\/v2\/posts\/5971","targetHints":{"allow":["GET"]}}],"collection":[{"href":"https:\/\/www.labozero.org\/index.php\/wp-json\/wp\/v2\/posts"}],"about":[{"href":"https:\/\/www.labozero.org\/index.php\/wp-json\/wp\/v2\/types\/post"}],"author":[{"embeddable":true,"href":"https:\/\/www.labozero.org\/index.php\/wp-json\/wp\/v2\/users\/2"}],"replies":[{"embeddable":true,"href":"https:\/\/www.labozero.org\/index.php\/wp-json\/wp\/v2\/comments?post=5971"}],"version-history":[{"count":1,"href":"https:\/\/www.labozero.org\/index.php\/wp-json\/wp\/v2\/posts\/5971\/revisions"}],"predecessor-version":[{"id":5972,"href":"https:\/\/www.labozero.org\/index.php\/wp-json\/wp\/v2\/posts\/5971\/revisions\/5972"}],"wp:attachment":[{"href":"https:\/\/www.labozero.org\/index.php\/wp-json\/wp\/v2\/media?parent=5971"}],"wp:term":[{"taxonomy":"category","embeddable":true,"href":"https:\/\/www.labozero.org\/index.php\/wp-json\/wp\/v2\/categories?post=5971"},{"taxonomy":"post_tag","embeddable":true,"href":"https:\/\/www.labozero.org\/index.php\/wp-json\/wp\/v2\/tags?post=5971"}],"curies":[{"name":"wp","href":"https:\/\/api.w.org\/{rel}","templated":true}]}}