{"id":5861,"date":"2024-12-04T16:06:54","date_gmt":"2024-12-04T15:06:54","guid":{"rendered":"https:\/\/www.labozero.org\/?p=5861"},"modified":"2024-12-04T16:06:54","modified_gmt":"2024-12-04T15:06:54","slug":"les-nouvelles-5","status":"publish","type":"post","link":"https:\/\/www.labozero.org\/index.php\/2024\/12\/04\/les-nouvelles-5\/","title":{"rendered":"Les nouvelles !"},"content":{"rendered":"\n<p>Petit r\u00e9cap&rsquo; des prochaines dates de <a href=\"https:\/\/www.labozero.org\/index.php\/la-gratuiterie-du-leo\/\" data-type=\"link\" data-id=\"https:\/\/www.labozero.org\/index.php\/la-gratuiterie-du-leo\/\">Gratuiteries <\/a>pour cette fin d&rsquo;ann\u00e9e : <\/p>\n\n\n\n<ul class=\"wp-block-list\">\n<li>Le Samedi 7 D\u00e9cembre \u00e0 la Micro Folie de Noisy de 14h \u00e0 17h.<\/li>\n\n\n\n<li>Mercredi 11 D\u00e9cembre dans le cadre de la Semaine du Faire pour Vivre Ensemble \u00e0 Noisy \u00e0 l&rsquo;\u00e9cole Brossolette &#8211; 14 rue Pierre Brossolette \u00e0 partir de 16h.<\/li>\n\n\n\n<li>Samedi 15 D\u00e9cembre de 14 \u00e0 18h dans le cadre de la Gratiferia place du Moulin Fondu \u00e0 Noisy. <\/li>\n\n\n\n<li>Mercredi 18 D\u00e9cembre de 14h \u00e0 17h \u00e0 la maison de quartier des Courtill\u00e8res \u00e0 Pantin <\/li>\n\n\n\n<li>Mardi 31 D\u00e9cembre a partir de 20h pour le R\u00e9veillon solidaire de la Ville de Noisy.<\/li>\n<\/ul>\n\n\n\n<p class=\"has-text-align-center has-luminous-vivid-orange-to-vivid-red-gradient-background has-background\"><strong>Attention la collecte du mercredi 1er Janvier n&rsquo;aura pas lieu.<\/strong><\/p>\n\n\n\n<p>Petit retour en images des derni\u00e8res dates, ou vous avez \u00e9t\u00e9 tr\u00e8s nombreux.ses \u00e0 venir r\u00e9cup\u00e9rer des objets et v\u00eatements :<\/p>\n\n\n\n<figure class=\"wp-block-gallery has-nested-images columns-default is-cropped wp-block-gallery-1 is-layout-flex wp-block-gallery-is-layout-flex\">\n<figure class=\"wp-block-image size-large\"><img loading=\"lazy\" decoding=\"async\" width=\"1024\" height=\"768\" data-id=\"5866\" src=\"https:\/\/www.labozero.org\/wp-content\/uploads\/2024\/12\/WhatsApp-Image-2024-12-04-at-11.45.22-1024x768.jpeg\" alt=\"\" class=\"wp-image-5866\" srcset=\"https:\/\/www.labozero.org\/wp-content\/uploads\/2024\/12\/WhatsApp-Image-2024-12-04-at-11.45.22-1024x768.jpeg 1024w, https:\/\/www.labozero.org\/wp-content\/uploads\/2024\/12\/WhatsApp-Image-2024-12-04-at-11.45.22-300x225.jpeg 300w, https:\/\/www.labozero.org\/wp-content\/uploads\/2024\/12\/WhatsApp-Image-2024-12-04-at-11.45.22-768x576.jpeg 768w, https:\/\/www.labozero.org\/wp-content\/uploads\/2024\/12\/WhatsApp-Image-2024-12-04-at-11.45.22-1536x1152.jpeg 1536w, https:\/\/www.labozero.org\/wp-content\/uploads\/2024\/12\/WhatsApp-Image-2024-12-04-at-11.45.22-1568x1176.jpeg 1568w, https:\/\/www.labozero.org\/wp-content\/uploads\/2024\/12\/WhatsApp-Image-2024-12-04-at-11.45.22-1320x990.jpeg 1320w, https:\/\/www.labozero.org\/wp-content\/uploads\/2024\/12\/WhatsApp-Image-2024-12-04-at-11.45.22.jpeg 1600w\" sizes=\"auto, (max-width: 1024px) 100vw, 1024px\" \/><\/figure>\n\n\n\n<figure class=\"wp-block-image size-large\"><img loading=\"lazy\" decoding=\"async\" width=\"1024\" height=\"712\" data-id=\"5867\" src=\"https:\/\/www.labozero.org\/wp-content\/uploads\/2024\/12\/WhatsApp-Image-2024-12-04-at-11.44.25-1024x712.jpeg\" alt=\"\" class=\"wp-image-5867\" srcset=\"https:\/\/www.labozero.org\/wp-content\/uploads\/2024\/12\/WhatsApp-Image-2024-12-04-at-11.44.25-1024x712.jpeg 1024w, https:\/\/www.labozero.org\/wp-content\/uploads\/2024\/12\/WhatsApp-Image-2024-12-04-at-11.44.25-300x209.jpeg 300w, https:\/\/www.labozero.org\/wp-content\/uploads\/2024\/12\/WhatsApp-Image-2024-12-04-at-11.44.25-768x534.jpeg 768w, https:\/\/www.labozero.org\/wp-content\/uploads\/2024\/12\/WhatsApp-Image-2024-12-04-at-11.44.25-1536x1068.jpeg 1536w, https:\/\/www.labozero.org\/wp-content\/uploads\/2024\/12\/WhatsApp-Image-2024-12-04-at-11.44.25-1568x1090.jpeg 1568w, https:\/\/www.labozero.org\/wp-content\/uploads\/2024\/12\/WhatsApp-Image-2024-12-04-at-11.44.25-1320x917.jpeg 1320w, https:\/\/www.labozero.org\/wp-content\/uploads\/2024\/12\/WhatsApp-Image-2024-12-04-at-11.44.25.jpeg 1600w\" sizes=\"auto, (max-width: 1024px) 100vw, 1024px\" \/><\/figure>\n<\/figure>\n\n\n\n<p>Nous en profitons pour remercier l&rsquo;\u00e9quipe de la maison de quartier des Courtill\u00e8res pour leur don de biberons et t\u00e9tines. <\/p>\n\n\n\n<figure class=\"wp-block-gallery has-nested-images columns-default is-cropped wp-block-gallery-2 is-layout-flex wp-block-gallery-is-layout-flex\">\n<figure class=\"wp-block-image size-large\"><img loading=\"lazy\" decoding=\"async\" width=\"1024\" height=\"768\" data-id=\"5865\" src=\"https:\/\/www.labozero.org\/wp-content\/uploads\/2024\/12\/WhatsApp-Image-2024-12-04-at-11.45.43-1024x768.jpeg\" alt=\"\" class=\"wp-image-5865\" srcset=\"https:\/\/www.labozero.org\/wp-content\/uploads\/2024\/12\/WhatsApp-Image-2024-12-04-at-11.45.43-1024x768.jpeg 1024w, https:\/\/www.labozero.org\/wp-content\/uploads\/2024\/12\/WhatsApp-Image-2024-12-04-at-11.45.43-300x225.jpeg 300w, https:\/\/www.labozero.org\/wp-content\/uploads\/2024\/12\/WhatsApp-Image-2024-12-04-at-11.45.43-768x576.jpeg 768w, https:\/\/www.labozero.org\/wp-content\/uploads\/2024\/12\/WhatsApp-Image-2024-12-04-at-11.45.43-1536x1152.jpeg 1536w, https:\/\/www.labozero.org\/wp-content\/uploads\/2024\/12\/WhatsApp-Image-2024-12-04-at-11.45.43-1568x1176.jpeg 1568w, https:\/\/www.labozero.org\/wp-content\/uploads\/2024\/12\/WhatsApp-Image-2024-12-04-at-11.45.43-1320x990.jpeg 1320w, https:\/\/www.labozero.org\/wp-content\/uploads\/2024\/12\/WhatsApp-Image-2024-12-04-at-11.45.43.jpeg 1600w\" sizes=\"auto, (max-width: 1024px) 100vw, 1024px\" \/><\/figure>\n\n\n\n<figure class=\"wp-block-image size-large\"><img loading=\"lazy\" decoding=\"async\" width=\"768\" height=\"1024\" data-id=\"5864\" src=\"https:\/\/www.labozero.org\/wp-content\/uploads\/2024\/12\/WhatsApp-Image-2024-12-04-at-11.45.53-768x1024.jpeg\" alt=\"\" class=\"wp-image-5864\" srcset=\"https:\/\/www.labozero.org\/wp-content\/uploads\/2024\/12\/WhatsApp-Image-2024-12-04-at-11.45.53-768x1024.jpeg 768w, https:\/\/www.labozero.org\/wp-content\/uploads\/2024\/12\/WhatsApp-Image-2024-12-04-at-11.45.53-225x300.jpeg 225w, https:\/\/www.labozero.org\/wp-content\/uploads\/2024\/12\/WhatsApp-Image-2024-12-04-at-11.45.53-1152x1536.jpeg 1152w, https:\/\/www.labozero.org\/wp-content\/uploads\/2024\/12\/WhatsApp-Image-2024-12-04-at-11.45.53.jpeg 1200w\" sizes=\"auto, (max-width: 768px) 100vw, 768px\" \/><\/figure>\n<\/figure>\n\n\n\n<p>On remercie \u00e9galement les H\u00f4tels solidaires qui comme chaque semaine assurent une livraison de chaussons, claquettes, serviettes de bain, viennoiseries et autres objets de r\u00e9cup\u00e9ration.<\/p>\n\n\n\n<figure class=\"wp-block-gallery has-nested-images columns-default is-cropped wp-block-gallery-3 is-layout-flex wp-block-gallery-is-layout-flex\">\n<figure class=\"wp-block-image size-large\"><img loading=\"lazy\" decoding=\"async\" width=\"768\" height=\"1024\" data-id=\"5868\" src=\"https:\/\/www.labozero.org\/wp-content\/uploads\/2024\/12\/WhatsApp-Image-2024-12-04-at-11.49.24-768x1024.jpeg\" alt=\"\" class=\"wp-image-5868\" srcset=\"https:\/\/www.labozero.org\/wp-content\/uploads\/2024\/12\/WhatsApp-Image-2024-12-04-at-11.49.24-768x1024.jpeg 768w, https:\/\/www.labozero.org\/wp-content\/uploads\/2024\/12\/WhatsApp-Image-2024-12-04-at-11.49.24-225x300.jpeg 225w, https:\/\/www.labozero.org\/wp-content\/uploads\/2024\/12\/WhatsApp-Image-2024-12-04-at-11.49.24-1152x1536.jpeg 1152w, https:\/\/www.labozero.org\/wp-content\/uploads\/2024\/12\/WhatsApp-Image-2024-12-04-at-11.49.24-1320x1760.jpeg 1320w, https:\/\/www.labozero.org\/wp-content\/uploads\/2024\/12\/WhatsApp-Image-2024-12-04-at-11.49.24.jpeg 1536w\" sizes=\"auto, (max-width: 768px) 100vw, 768px\" \/><\/figure>\n\n\n\n<figure class=\"wp-block-image size-large\"><img decoding=\"async\" data-id=\"5863\" src=\"https:\/\/www.labozero.org\/wp-content\/uploads\/2024\/12\/WhatsApp-Image-2024-12-04-at-11.46.26-1024x768.jpeg\" alt=\"\" class=\"wp-image-5863\"\/><\/figure>\n<\/figure>\n\n\n\n<p><\/p>\n\n\n\n<p>Merci \u00e9galement au Secours Populaire de Pantin pour leur don de v\u00eatements enfants neufs, la Biocoop de Pantin pour son \u00e9norme don de courgettes et courges en tous genre et \u00e0 la Cyclofficine de Pantin pour la r\u00e9cup de poussettes.<\/p>\n\n\n\n<figure class=\"wp-block-gallery has-nested-images columns-default is-cropped wp-block-gallery-4 is-layout-flex wp-block-gallery-is-layout-flex\">\n<figure class=\"wp-block-image size-large\"><img loading=\"lazy\" decoding=\"async\" width=\"768\" height=\"1024\" data-id=\"5870\" src=\"https:\/\/www.labozero.org\/wp-content\/uploads\/2024\/12\/WhatsApp-Image-2024-12-04-at-15.15.011-768x1024.jpeg\" alt=\"\" class=\"wp-image-5870\" srcset=\"https:\/\/www.labozero.org\/wp-content\/uploads\/2024\/12\/WhatsApp-Image-2024-12-04-at-15.15.011-768x1024.jpeg 768w, https:\/\/www.labozero.org\/wp-content\/uploads\/2024\/12\/WhatsApp-Image-2024-12-04-at-15.15.011-225x300.jpeg 225w, https:\/\/www.labozero.org\/wp-content\/uploads\/2024\/12\/WhatsApp-Image-2024-12-04-at-15.15.011-1152x1536.jpeg 1152w, https:\/\/www.labozero.org\/wp-content\/uploads\/2024\/12\/WhatsApp-Image-2024-12-04-at-15.15.011-1320x1760.jpeg 1320w, https:\/\/www.labozero.org\/wp-content\/uploads\/2024\/12\/WhatsApp-Image-2024-12-04-at-15.15.011.jpeg 1536w\" sizes=\"auto, (max-width: 768px) 100vw, 768px\" \/><\/figure>\n\n\n\n<figure class=\"wp-block-image size-large\"><img loading=\"lazy\" decoding=\"async\" width=\"768\" height=\"1024\" data-id=\"5871\" src=\"https:\/\/www.labozero.org\/wp-content\/uploads\/2024\/12\/WhatsApp-Image-2024-12-04-at-15.19.59-768x1024.jpeg\" alt=\"\" class=\"wp-image-5871\" srcset=\"https:\/\/www.labozero.org\/wp-content\/uploads\/2024\/12\/WhatsApp-Image-2024-12-04-at-15.19.59-768x1024.jpeg 768w, https:\/\/www.labozero.org\/wp-content\/uploads\/2024\/12\/WhatsApp-Image-2024-12-04-at-15.19.59-225x300.jpeg 225w, https:\/\/www.labozero.org\/wp-content\/uploads\/2024\/12\/WhatsApp-Image-2024-12-04-at-15.19.59-1152x1536.jpeg 1152w, https:\/\/www.labozero.org\/wp-content\/uploads\/2024\/12\/WhatsApp-Image-2024-12-04-at-15.19.59-1320x1760.jpeg 1320w, https:\/\/www.labozero.org\/wp-content\/uploads\/2024\/12\/WhatsApp-Image-2024-12-04-at-15.19.59.jpeg 1536w\" sizes=\"auto, (max-width: 768px) 100vw, 768px\" \/><\/figure>\n<\/figure>\n\n\n\n<p>On poursuit comme chaque mois les ateliers d&rsquo;autor\u00e9paration au Refuge de Pantin et \u00e0 la Contremarque.<\/p>\n\n\n\n<figure class=\"wp-block-gallery has-nested-images columns-default is-cropped wp-block-gallery-5 is-layout-flex wp-block-gallery-is-layout-flex\">\n<figure class=\"wp-block-image size-large\"><img loading=\"lazy\" decoding=\"async\" width=\"1024\" height=\"768\" data-id=\"5862\" src=\"https:\/\/www.labozero.org\/wp-content\/uploads\/2024\/12\/WhatsApp-Image-2024-12-04-at-11.52.07-1024x768.jpeg\" alt=\"\" class=\"wp-image-5862\" srcset=\"https:\/\/www.labozero.org\/wp-content\/uploads\/2024\/12\/WhatsApp-Image-2024-12-04-at-11.52.07-1024x768.jpeg 1024w, https:\/\/www.labozero.org\/wp-content\/uploads\/2024\/12\/WhatsApp-Image-2024-12-04-at-11.52.07-300x225.jpeg 300w, https:\/\/www.labozero.org\/wp-content\/uploads\/2024\/12\/WhatsApp-Image-2024-12-04-at-11.52.07-768x576.jpeg 768w, https:\/\/www.labozero.org\/wp-content\/uploads\/2024\/12\/WhatsApp-Image-2024-12-04-at-11.52.07-1536x1152.jpeg 1536w, https:\/\/www.labozero.org\/wp-content\/uploads\/2024\/12\/WhatsApp-Image-2024-12-04-at-11.52.07-1568x1176.jpeg 1568w, https:\/\/www.labozero.org\/wp-content\/uploads\/2024\/12\/WhatsApp-Image-2024-12-04-at-11.52.07-1320x990.jpeg 1320w, https:\/\/www.labozero.org\/wp-content\/uploads\/2024\/12\/WhatsApp-Image-2024-12-04-at-11.52.07.jpeg 1600w\" sizes=\"auto, (max-width: 1024px) 100vw, 1024px\" \/><\/figure>\n<\/figure>\n\n\n\n<p class=\"has-text-align-center has-luminous-vivid-amber-to-luminous-vivid-orange-gradient-background has-background\"><strong>On se retrouve aussi chaque mercredi soir entre 18h et 20h au 56 bvd de la r\u00e9publique \u00e0 Noisy le Sec pour la collecte solidaire<\/strong><\/p>\n\n\n\n<p class=\"has-text-align-center has-luminous-vivid-orange-to-vivid-red-gradient-background has-background\"><strong>Attention nous serons ferm\u00e9es le mercredi 1er Janvier <\/strong><\/p>\n\n\n\n<p class=\"has-background-background-color has-background\"><em>Pour rappel vos dons sont soigneusement tri\u00e9s et partag\u00e9s selon des ordres de priorit\u00e9 pr\u00e9cis : les plus jolis v\u00eatements\/chaussures enfants et femmes, la vaisselle, le petit \u00e9lectrom\u00e9nager, le mat\u00e9riel de pu\u00e9riculture, les couches, les produits d\u2019hygi\u00e8ne\u2026 sont distribu\u00e9s en colis solidaires \u00e0 des personnes orient\u00e9es par des travailleurs sociaux ou des assos partenaires. Les v\u00eatements ado, petites tailles hommes et baskets en bon \u00e9tat sont redonn\u00e9s \u00e0 l\u2019asso <a href=\"https:\/\/www.lesmidisdumie.fr\/\">les Midis du Mie<\/a> pour les mineurs isol\u00e9s ou aux assos de maraudes. Les couvertures ou duvets sont donn\u00e9es aux personnes sans abris, vivant dans les camps, squats ou habitats pr\u00e9caires. Et ce qui reste est redistribu\u00e9 lors des gratuiteries. Concernant les livres, nous conservons les livres enfants en bon \u00e9tat pour mettre \u00e0 disposition une biblioth\u00e8que gratuite lors des RDV pour les colis solidaires, le reste est mis dans la bo\u00eete \u00e0 livres situ\u00e9e devant notre local.<\/em><\/p>\n\n\n\n<p><strong>Ainsi, pour les colis solidaires nous manquons particuli\u00e8rement de :<\/strong><\/p>\n\n\n\n<ul class=\"wp-block-list\">\n<li>v\u00eatements naissance \u00e0 5 ans (surtout des pantalons gar\u00e7on 3,4,5 ans)<\/li>\n\n\n\n<li>Gigoteuses, petites couvertures, combis pilotes et petits manteaux<\/li>\n\n\n\n<li>Poussettes et portes b\u00e9b\u00e9s<\/li>\n\n\n\n<li>Chaussures 25, 26, 27 et baskets 41, 42, 43 et +<\/li>\n\n\n\n<li>Biberons et t\u00e9tines en excellent \u00e9tat<\/li>\n\n\n\n<li>V\u00eatements ados : 14, 16 ans XS, S, M ( genr\u00e9s gar\u00e7on)<\/li>\n\n\n\n<li>Lait maternis\u00e9 1, 2 et 3 et couches 3, 4, 5 et +<\/li>\n\n\n\n<li>Produits d\u2019hygi\u00e8ne de base : savon, shampoing, brosses \u00e0 dent, dentifrice<\/li>\n<\/ul>\n\n\n\n<p><strong>Avis aux couturi\u00e8res solidaires <\/strong>! Nous allons bient\u00f4t manquer de cabas pour nos pack hygi\u00e8ne, \u00e7a fait un super atelier pour les dimanches pluvieux !<\/p>\n\n\n\n<p><\/p>\n\n\n\n<p>Il fait froid et encore bien trop de personnes dorment \u00e0 la rue tous les soirs : hommes seuls, mineurs isol\u00e9s et aussi femmes et enfants un peu de lecture : <\/p>\n\n\n\n<p>\u00ab<a href=\"https:\/\/www.bondyblog.fr\/societe\/les-enfants-sont-a-la-rue-mobilisation-pour-la-requisition-dun-lycee-vide-dans-le-19%e1%b5%89-paris\/\" data-type=\"link\" data-id=\"https:\/\/www.bondyblog.fr\/societe\/les-enfants-sont-a-la-rue-mobilisation-pour-la-requisition-dun-lycee-vide-dans-le-19%e1%b5%89-paris\/\"> Les enfants sont \u00e0 la rue \u00bb : mobilisation pour la r\u00e9quisition d\u2019un lyc\u00e9e vide dans le 19\u1d49 (Paris) <\/a>un article du Bondy Blog<\/p>\n\n\n\n<p>Sur le Bondy blog aussi :  <a href=\"https:\/\/www.bondyblog.fr\/societe\/avec-mes-trois-soeurs-on-dort-dehors-a-montreuil-un-collectif-de-migrant-es-reclame-un-hebergement\/\" data-type=\"link\" data-id=\"https:\/\/www.bondyblog.fr\/societe\/avec-mes-trois-soeurs-on-dort-dehors-a-montreuil-un-collectif-de-migrant-es-reclame-un-hebergement\/\">\u00ab Avec mes trois s\u0153urs, on dort dehors \u00bb : \u00c0 Montreuil, un collectif de migrant.es r\u00e9clame un h\u00e9bergement<\/a><\/p>\n\n\n\n<p>Ou encore <a href=\"https:\/\/www.bondyblog.fr\/societe\/crise-du-logement-plus-de-26-millions-de-menages-dans-lattente-dun-logement-social\/\" data-type=\"link\" data-id=\"https:\/\/www.bondyblog.fr\/societe\/crise-du-logement-plus-de-26-millions-de-menages-dans-lattente-dun-logement-social\/\">Crise du logement : plus de 2,6 millions de m\u00e9nages dans l\u2019attente d\u2019un logement social<\/a><\/p>\n\n\n\n<p>Enfin les chiffres d&rsquo;Interlogement 93 qui g\u00e8re l\u2019h\u00e9bergement 115 dans le 93 :<\/p>\n\n\n\n<figure class=\"wp-block-image size-full\"><img loading=\"lazy\" decoding=\"async\" width=\"720\" height=\"720\" src=\"https:\/\/www.labozero.org\/wp-content\/uploads\/2024\/12\/WhatsApp-Image-2024-12-04-at-15.49.461.jpeg\" alt=\"\" class=\"wp-image-5872\" srcset=\"https:\/\/www.labozero.org\/wp-content\/uploads\/2024\/12\/WhatsApp-Image-2024-12-04-at-15.49.461.jpeg 720w, https:\/\/www.labozero.org\/wp-content\/uploads\/2024\/12\/WhatsApp-Image-2024-12-04-at-15.49.461-300x300.jpeg 300w, https:\/\/www.labozero.org\/wp-content\/uploads\/2024\/12\/WhatsApp-Image-2024-12-04-at-15.49.461-150x150.jpeg 150w\" sizes=\"auto, (max-width: 720px) 100vw, 720px\" \/><\/figure>\n\n\n\n<p>On se retrouve tr\u00e8s vite pour nos nombreux RDV de cette fin d&rsquo;ann\u00e9e, si vous souhaitez soutenir nos actions n\u2019h\u00e9sitez pas \u00e0 devenir adh\u00e9rent.e, toutes les infos  <a href=\"https:\/\/www.helloasso.com\/associations\/laboratoire-ecologique-0dechet\/adhesions\/formulaire-d-adhesion\" data-type=\"link\" data-id=\"https:\/\/www.helloasso.com\/associations\/laboratoire-ecologique-0dechet\/adhesions\/formulaire-d-adhesion\">ICI <\/a> .<\/p>\n","protected":false},"excerpt":{"rendered":"<p>Petit r\u00e9cap&rsquo; des prochaines dates de Gratuiteries pour cette fin d&rsquo;ann\u00e9e : Attention la collecte du mercredi 1er Janvier n&rsquo;aura pas lieu. Petit retour en images des derni\u00e8res dates, ou vous avez \u00e9t\u00e9 tr\u00e8s nombreux.ses \u00e0 venir r\u00e9cup\u00e9rer des objets et v\u00eatements : Nous en profitons pour remercier l&rsquo;\u00e9quipe de la maison de quartier des Courtill\u00e8res pour leur don de biberons et t\u00e9tines. On remercie \u00e9galement les H\u00f4tels solidaires qui comme chaque semaine assurent une livraison de chaussons, claquettes, serviettes de bain, viennoiseries et autres objets de r\u00e9cup\u00e9ration. Merci \u00e9galement au Secours Populaire de Pantin pour leur don de v\u00eatements enfants neufs, la Biocoop de Pantin pour son \u00e9norme don de courgettes et courges en tous genre et \u00e0 la Cyclofficine de Pantin pour la r\u00e9cup de poussettes. On poursuit comme chaque mois les ateliers d&rsquo;autor\u00e9paration au Refuge de Pantin et \u00e0 la Contremarque. On se retrouve aussi chaque mercredi soir entre 18h et 20h au 56 bvd de la r\u00e9publique \u00e0 Noisy le Sec pour la collecte solidaire Attention nous serons ferm\u00e9es le mercredi 1er Janvier Pour rappel vos dons sont soigneusement tri\u00e9s et partag\u00e9s selon des ordres de priorit\u00e9 pr\u00e9cis : les plus jolis v\u00eatements\/chaussures enfants et femmes, la vaisselle, le petit \u00e9lectrom\u00e9nager, le mat\u00e9riel de pu\u00e9riculture, les couches, les produits d\u2019hygi\u00e8ne\u2026 sont distribu\u00e9s en colis solidaires \u00e0 des personnes orient\u00e9es par des travailleurs sociaux ou des assos partenaires. Les v\u00eatements ado, petites tailles hommes et baskets en bon \u00e9tat sont redonn\u00e9s \u00e0 l\u2019asso les Midis du Mie pour les mineurs isol\u00e9s ou aux assos de maraudes. Les couvertures ou duvets sont donn\u00e9es aux personnes sans abris, vivant dans les camps, squats ou habitats pr\u00e9caires. Et ce qui reste est redistribu\u00e9 lors des gratuiteries. Concernant les livres, nous conservons les livres enfants en bon \u00e9tat pour mettre \u00e0 disposition une biblioth\u00e8que gratuite lors des RDV pour les colis solidaires, le reste est mis dans la bo\u00eete \u00e0 livres situ\u00e9e devant notre local. Ainsi, pour les colis solidaires nous manquons particuli\u00e8rement de : Avis aux couturi\u00e8res solidaires ! Nous allons bient\u00f4t manquer de cabas pour nos pack hygi\u00e8ne, \u00e7a fait un super atelier pour les dimanches pluvieux ! Il fait froid et encore bien trop de personnes dorment \u00e0 la rue tous les soirs : hommes seuls, mineurs isol\u00e9s et aussi femmes et enfants un peu de lecture : \u00ab Les enfants sont \u00e0 la rue \u00bb : mobilisation pour la r\u00e9quisition d\u2019un lyc\u00e9e vide dans le 19\u1d49 (Paris) un article du Bondy Blog Sur le Bondy blog aussi : \u00ab Avec mes trois s\u0153urs, on dort dehors \u00bb : \u00c0 Montreuil, un collectif de migrant.es r\u00e9clame un h\u00e9bergement Ou encore Crise du logement : plus de 2,6 millions de m\u00e9nages dans l\u2019attente d\u2019un logement social Enfin les chiffres d&rsquo;Interlogement 93 qui g\u00e8re l\u2019h\u00e9bergement 115 dans le 93 : On se retrouve tr\u00e8s vite pour nos nombreux RDV de cette fin d&rsquo;ann\u00e9e, si vous souhaitez soutenir nos actions n\u2019h\u00e9sitez pas \u00e0 devenir adh\u00e9rent.e, toutes les infos ICI .<\/p>\n","protected":false},"author":2,"featured_media":5863,"comment_status":"closed","ping_status":"closed","sticky":false,"template":"","format":"standard","meta":{"rop_custom_images_group":[],"rop_custom_messages_group":[],"rop_publish_now":"initial","rop_publish_now_accounts":[],"rop_publish_now_history":[],"rop_publish_now_status":"pending","_themeisle_gutenberg_block_has_review":false,"_jetpack_memberships_contains_paid_content":false,"footnotes":""},"categories":[1],"tags":[],"class_list":["post-5861","post","type-post","status-publish","format-standard","has-post-thumbnail","hentry","category-non-classe"],"jetpack_featured_media_url":"https:\/\/www.labozero.org\/wp-content\/uploads\/2024\/12\/WhatsApp-Image-2024-12-04-at-11.46.26-e1733322716805.jpeg","jetpack-related-posts":[{"id":5878,"url":"https:\/\/www.labozero.org\/index.php\/2024\/12\/11\/des-nouvelles-3\/","url_meta":{"origin":5861,"position":0},"title":"Des nouvelles !","author":"labozero","date":"11 d\u00e9cembre, 2024","format":false,"excerpt":"Petit rappel des prochains RDV pour les gratuiteries : Aujourd'hui dans le cadre de la Semaine du Faire pour Vivre Ensemble \u00e0 Noisy \u00e0 l\u2019\u00e9cole Brossolette \u2013 14 rue Pierre Brossolette \u00e0 partir de 16h. Samedi 15 D\u00e9cembre a partir de 14h dans le cadre de la Gratiferia place du\u2026","rel":"","context":"Dans &quot;Non class\u00e9&quot;","block_context":{"text":"Non class\u00e9","link":"https:\/\/www.labozero.org\/index.php\/category\/non-classe\/"},"img":{"alt_text":"","src":"https:\/\/i0.wp.com\/www.labozero.org\/wp-content\/uploads\/2024\/12\/WhatsApp-Image-2024-12-11-at-12.35.101-e1733916980862.jpeg?resize=350%2C200&ssl=1","width":350,"height":200,"srcset":"https:\/\/i0.wp.com\/www.labozero.org\/wp-content\/uploads\/2024\/12\/WhatsApp-Image-2024-12-11-at-12.35.101-e1733916980862.jpeg?resize=350%2C200&ssl=1 1x, https:\/\/i0.wp.com\/www.labozero.org\/wp-content\/uploads\/2024\/12\/WhatsApp-Image-2024-12-11-at-12.35.101-e1733916980862.jpeg?resize=525%2C300&ssl=1 1.5x, https:\/\/i0.wp.com\/www.labozero.org\/wp-content\/uploads\/2024\/12\/WhatsApp-Image-2024-12-11-at-12.35.101-e1733916980862.jpeg?resize=700%2C400&ssl=1 2x"},"classes":[]},{"id":5830,"url":"https:\/\/www.labozero.org\/index.php\/2024\/11\/12\/les-nouvelles-4\/","url_meta":{"origin":5861,"position":1},"title":"Les nouvelles","author":"labozero","date":"12 novembre, 2024","format":false,"excerpt":"Enfin ! Nous nous sommes d\u00e9cid\u00e9.es \u00e0 ouvrir les adh\u00e9sions au LEO en version simplifi\u00e9e et en ligne ICI . L'id\u00e9e est de mettre en avant la communaut\u00e9 de soutien afin de stabiliser notre pr\u00e9sence \u00e0 Noisy-le-sec. Aujourd'hui nous avons une convention tr\u00e8s pr\u00e9caire qui ne nous permet pas d'envisager\u2026","rel":"","context":"Dans &quot;Non class\u00e9&quot;","block_context":{"text":"Non class\u00e9","link":"https:\/\/www.labozero.org\/index.php\/category\/non-classe\/"},"img":{"alt_text":"","src":"https:\/\/i0.wp.com\/www.labozero.org\/wp-content\/uploads\/2024\/11\/WhatsApp-Image-2024-11-12-at-12.51.57-150x150.jpeg?resize=350%2C200&ssl=1","width":350,"height":200,"srcset":"https:\/\/i0.wp.com\/www.labozero.org\/wp-content\/uploads\/2024\/11\/WhatsApp-Image-2024-11-12-at-12.51.57-150x150.jpeg?resize=350%2C200&ssl=1 1x, https:\/\/i0.wp.com\/www.labozero.org\/wp-content\/uploads\/2024\/11\/WhatsApp-Image-2024-11-12-at-12.51.57-150x150.jpeg?resize=525%2C300&ssl=1 1.5x, https:\/\/i0.wp.com\/www.labozero.org\/wp-content\/uploads\/2024\/11\/WhatsApp-Image-2024-11-12-at-12.51.57-150x150.jpeg?resize=700%2C400&ssl=1 2x, https:\/\/i0.wp.com\/www.labozero.org\/wp-content\/uploads\/2024\/11\/WhatsApp-Image-2024-11-12-at-12.51.57-150x150.jpeg?resize=1050%2C600&ssl=1 3x, https:\/\/i0.wp.com\/www.labozero.org\/wp-content\/uploads\/2024\/11\/WhatsApp-Image-2024-11-12-at-12.51.57-150x150.jpeg?resize=1400%2C800&ssl=1 4x"},"classes":[]},{"id":6205,"url":"https:\/\/www.labozero.org\/index.php\/2025\/12\/01\/gratuiterie-exceptionnelle\/","url_meta":{"origin":5861,"position":2},"title":"Gratuiterie exceptionnelle !","author":"labozero","date":"1 d\u00e9cembre, 2025","format":false,"excerpt":"Pour pr\u00e9parer un No\u00ebl \u00d8d\u00e9chet et solidaire, on vous invite ce mercredi de 15h \u00e0 17h au 56 bvd de la r\u00e9publique \u00e0 Noisy le sec. On pr\u00e9parera aussi une bonne playlist et des boissons chaudes. Venez choisir des v\u00eatements adultes et enfants, objets, chaussures, linge de maison, livres et\u2026","rel":"","context":"Dans &quot;Non class\u00e9&quot;","block_context":{"text":"Non class\u00e9","link":"https:\/\/www.labozero.org\/index.php\/category\/non-classe\/"},"img":{"alt_text":"","src":"https:\/\/i0.wp.com\/www.labozero.org\/wp-content\/uploads\/2025\/12\/WhatsApp-Image-2025-12-01-at-12.22.42.jpeg?resize=350%2C200&ssl=1","width":350,"height":200,"srcset":"https:\/\/i0.wp.com\/www.labozero.org\/wp-content\/uploads\/2025\/12\/WhatsApp-Image-2025-12-01-at-12.22.42.jpeg?resize=350%2C200&ssl=1 1x, https:\/\/i0.wp.com\/www.labozero.org\/wp-content\/uploads\/2025\/12\/WhatsApp-Image-2025-12-01-at-12.22.42.jpeg?resize=525%2C300&ssl=1 1.5x, https:\/\/i0.wp.com\/www.labozero.org\/wp-content\/uploads\/2025\/12\/WhatsApp-Image-2025-12-01-at-12.22.42.jpeg?resize=700%2C400&ssl=1 2x, https:\/\/i0.wp.com\/www.labozero.org\/wp-content\/uploads\/2025\/12\/WhatsApp-Image-2025-12-01-at-12.22.42.jpeg?resize=1050%2C600&ssl=1 3x, https:\/\/i0.wp.com\/www.labozero.org\/wp-content\/uploads\/2025\/12\/WhatsApp-Image-2025-12-01-at-12.22.42.jpeg?resize=1400%2C800&ssl=1 4x"},"classes":[]},{"id":6047,"url":"https:\/\/www.labozero.org\/index.php\/2025\/07\/07\/besoin-de-vous\/","url_meta":{"origin":5861,"position":3},"title":"Besoin de vous !","author":"labozero","date":"7 juillet, 2025","format":false,"excerpt":"Malgr\u00e9 des collectes tr\u00e8s cons\u00e9quentes nous avons besoin de v\u00eatements naissance pour pouvoir fournir les colis d'urgence pour les familles que nous accompagnons. Nos stocks de porte b\u00e9b\u00e9, poussette et biberon intact sont \u00e9galement tr\u00e8s bas. Nous manquons toujours de lait maternis\u00e9 et de couches. Rdv pour les d\u00e9p\u00f4ts le\u2026","rel":"","context":"Dans &quot;Non class\u00e9&quot;","block_context":{"text":"Non class\u00e9","link":"https:\/\/www.labozero.org\/index.php\/category\/non-classe\/"},"img":{"alt_text":"","src":"https:\/\/i0.wp.com\/www.labozero.org\/wp-content\/uploads\/2025\/07\/WhatsApp-Image-2025-07-07-at-15.21.24.jpeg?resize=350%2C200&ssl=1","width":350,"height":200,"srcset":"https:\/\/i0.wp.com\/www.labozero.org\/wp-content\/uploads\/2025\/07\/WhatsApp-Image-2025-07-07-at-15.21.24.jpeg?resize=350%2C200&ssl=1 1x, https:\/\/i0.wp.com\/www.labozero.org\/wp-content\/uploads\/2025\/07\/WhatsApp-Image-2025-07-07-at-15.21.24.jpeg?resize=525%2C300&ssl=1 1.5x, https:\/\/i0.wp.com\/www.labozero.org\/wp-content\/uploads\/2025\/07\/WhatsApp-Image-2025-07-07-at-15.21.24.jpeg?resize=700%2C400&ssl=1 2x, https:\/\/i0.wp.com\/www.labozero.org\/wp-content\/uploads\/2025\/07\/WhatsApp-Image-2025-07-07-at-15.21.24.jpeg?resize=1050%2C600&ssl=1 3x"},"classes":[]},{"id":6014,"url":"https:\/\/www.labozero.org\/index.php\/2025\/05\/30\/prochains-rdv-6\/","url_meta":{"origin":5861,"position":4},"title":"Prochains rdv","author":"labozero","date":"30 mai, 2025","format":false,"excerpt":"Les Gratuiteries : Le Mercredi 4 Juin de 10h \u00e0 12h \u00e0 la Petite ruche pour une sp\u00e9ciale enfants. Le Mercredi 11 Juin entre 14h et 18h dans le cadre de la \"Rue pour tous et toutes\" Le Samedi 14 Juin dans le cadre de l'\u00e9v\u00e8nement \"Ma ville, j'en prend\u2026","rel":"","context":"Dans &quot;Non class\u00e9&quot;","block_context":{"text":"Non class\u00e9","link":"https:\/\/www.labozero.org\/index.php\/category\/non-classe\/"},"img":{"alt_text":"","src":"","width":0,"height":0},"classes":[]},{"id":1104,"url":"https:\/\/www.labozero.org\/index.php\/2019\/11\/26\/1104\/","url_meta":{"origin":5861,"position":5},"title":"On se remet tranquillement de\u2026","author":"labozero","date":"26 novembre, 2019","format":false,"excerpt":"On se remet tranquillement de nos \u00e9motions, on a bien fait la f\u00eate, d\u00e9sormais c'est le temps de se projeter une peu plus sereinement ! On pr\u00e9pare le N\u00d8EL des mamans, avec un petit bagage d'amour pour le 23 d\u00e9cembre, au programme une f\u00eate solidaire avec cadeaux et bon d\u00eener\u2026","rel":"","context":"Dans &quot;Non class\u00e9&quot;","block_context":{"text":"Non class\u00e9","link":"https:\/\/www.labozero.org\/index.php\/category\/non-classe\/"},"img":{"alt_text":"","src":"https:\/\/i0.wp.com\/www.labozero.org\/wp-content\/uploads\/2019\/11\/p1010879-150x150.jpg?resize=350%2C200&ssl=1","width":350,"height":200,"srcset":"https:\/\/i0.wp.com\/www.labozero.org\/wp-content\/uploads\/2019\/11\/p1010879-150x150.jpg?resize=350%2C200&ssl=1 1x, https:\/\/i0.wp.com\/www.labozero.org\/wp-content\/uploads\/2019\/11\/p1010879-150x150.jpg?resize=525%2C300&ssl=1 1.5x, https:\/\/i0.wp.com\/www.labozero.org\/wp-content\/uploads\/2019\/11\/p1010879-150x150.jpg?resize=700%2C400&ssl=1 2x"},"classes":[]}],"jetpack_shortlink":"https:\/\/wp.me\/pbPs9A-1wx","jetpack_sharing_enabled":true,"_links":{"self":[{"href":"https:\/\/www.labozero.org\/index.php\/wp-json\/wp\/v2\/posts\/5861","targetHints":{"allow":["GET"]}}],"collection":[{"href":"https:\/\/www.labozero.org\/index.php\/wp-json\/wp\/v2\/posts"}],"about":[{"href":"https:\/\/www.labozero.org\/index.php\/wp-json\/wp\/v2\/types\/post"}],"author":[{"embeddable":true,"href":"https:\/\/www.labozero.org\/index.php\/wp-json\/wp\/v2\/users\/2"}],"replies":[{"embeddable":true,"href":"https:\/\/www.labozero.org\/index.php\/wp-json\/wp\/v2\/comments?post=5861"}],"version-history":[{"count":3,"href":"https:\/\/www.labozero.org\/index.php\/wp-json\/wp\/v2\/posts\/5861\/revisions"}],"predecessor-version":[{"id":5874,"href":"https:\/\/www.labozero.org\/index.php\/wp-json\/wp\/v2\/posts\/5861\/revisions\/5874"}],"wp:featuredmedia":[{"embeddable":true,"href":"https:\/\/www.labozero.org\/index.php\/wp-json\/wp\/v2\/media\/5863"}],"wp:attachment":[{"href":"https:\/\/www.labozero.org\/index.php\/wp-json\/wp\/v2\/media?parent=5861"}],"wp:term":[{"taxonomy":"category","embeddable":true,"href":"https:\/\/www.labozero.org\/index.php\/wp-json\/wp\/v2\/categories?post=5861"},{"taxonomy":"post_tag","embeddable":true,"href":"https:\/\/www.labozero.org\/index.php\/wp-json\/wp\/v2\/tags?post=5861"}],"curies":[{"name":"wp","href":"https:\/\/api.w.org\/{rel}","templated":true}]}}