{"id":4297,"date":"2023-03-02T13:46:16","date_gmt":"2023-03-02T12:46:16","guid":{"rendered":"https:\/\/www.labozero.org\/?p=4297"},"modified":"2023-03-02T13:46:16","modified_gmt":"2023-03-02T12:46:16","slug":"gratuiterie","status":"publish","type":"post","link":"https:\/\/www.labozero.org\/index.php\/2023\/03\/02\/gratuiterie\/","title":{"rendered":"Gratuiterie !"},"content":{"rendered":"\n<p class=\"wp-block-paragraph\">On range, tri, donne !<\/p>\n\n\n\n<p class=\"wp-block-paragraph\"><strong>Gratuiterie exceptionnelle<\/strong> \u00e0 destination des Femmes et des Enfants : <\/p>\n\n\n\n<p class=\"has-text-align-center has-foreground-color has-text-color wp-block-paragraph\"><strong>le Lundi 6 Mars de 14 \u00e0 16H<\/strong>.<\/p>\n\n\n\n<p class=\"wp-block-paragraph\"><\/p>\n\n\n\n<p class=\"has-text-align-center has-luminous-vivid-amber-to-luminous-vivid-orange-gradient-background has-background wp-block-paragraph\"><strong>Nous devons partir prochainement de Pantin, nous ne collectons plus<\/strong>.<\/p>\n\n\n\n<p class=\"wp-block-paragraph\">Il y aura \u00e0 donner :<\/p>\n\n\n\n<ul class=\"wp-block-list\">\n<li>des v\u00eatements enfants tous \u00e2ges, parfois avec quelques d\u00e9fauts.<\/li>\n\n\n\n<li>des jouets et peluches<\/li>\n\n\n\n<li>des accessoires de poussettes<\/li>\n\n\n\n<li>des livres<\/li>\n\n\n\n<li>du mat\u00e9riel de pu\u00e9riculture<\/li>\n\n\n\n<li>du linge<\/li>\n\n\n\n<li>des v\u00eatements et chaussures femmes<\/li>\n<\/ul>\n\n\n\n<p class=\"wp-block-paragraph\">Pour rappel la gratuiterie du LE\u00d8 est :<\/p>\n\n\n\n<p class=\"wp-block-paragraph\"><strong>ANTICAPITALISTE<\/strong> : elle limite les rapports marchands et \u00e9vite l\u2019achat de produits neufs.<\/p>\n\n\n\n<p class=\"wp-block-paragraph\"><strong>SOLIDAIRE<\/strong> : elle permet aux personnes les plus pr\u00e9caris\u00e9es d\u2019avoir acc\u00e8s \u00e0 des biens de qualit\u00e9 gratuitement.<\/p>\n\n\n\n<p class=\"wp-block-paragraph\"><strong>ECOLOGIQUE<\/strong> : par le partage et la circulation des biens elle permet d\u2018\u00e9viter la surproduction d\u2019objets.<\/p>\n\n\n\n<p class=\"wp-block-paragraph\">\u00ab&nbsp;Cr\u00e9\u00e9r un espace sans argent permet de questionner nos modes de relations, nos responsabilit\u00e9s individuelles et collectives face aux injustices, aux crises et d\u2019organiser une solidarit\u00e9 efficace pour y faire face, en autonomie.&nbsp;\u00bb<\/p>\n\n\n\n<p class=\"wp-block-paragraph\">Comme toujours, une seule r\u00e8gle \u00ab\u00a0Partage et bienveillance\u00a0\u00bb<\/p>\n\n\n\n<p class=\"wp-block-paragraph\"><\/p>\n\n\n\n<p class=\"wp-block-paragraph\">La p\u00e9tition en ligne est toujours d&rsquo;actualit\u00e9, n&rsquo;h\u00e9sitez pas \u00e0 la partager elle nous est necessaire pour n\u00e9gocier du temps avec la pr\u00e9fecture avant le \u00ab\u00a0recours de la force publique\u00a0\u00bb : <a href=\"https:\/\/agir.greenvoice.fr\/petitions\/le-leo-de-nouveau-menace\" data-type=\"URL\" data-id=\"https:\/\/agir.greenvoice.fr\/petitions\/le-leo-de-nouveau-menace\">LE\u00d8menac\u00e9<\/a><\/p>\n\n\n\n<p class=\"wp-block-paragraph\">La majorit\u00e9 des \u00e9lus municipaux de la Ville de \u00ab\u00a0PantinE\u00a0\u00bb a choisi d\u00e9lib\u00e9r\u00e9ment de ne pas agir en notre faveur, (CF conseil municipal de D\u00e9cembre 2022 o\u00f9 notre situation a \u00e9t\u00e9 soulev\u00e9e). Mais nous remercions chaleureusement le groupe Nous sommes Pantin, pour son soutien de toujours et notamment lors de sa derni\u00e8re publication dans Canal Pantin : <\/p>\n\n\n\n<p class=\"wp-block-paragraph\">\u00a0\u00bb Nous sommes Pantin<\/p>\n\n\n\n<p class=\"wp-block-paragraph\"> <strong>Soutien au LE\u00d8<\/strong><\/p>\n\n\n\n<p class=\"wp-block-paragraph\">Le Laboratoire \u00c9cologique \u00d8 d\u00e9chet (LE\u00d8) est menac\u00e9 d\u2019expulsion.<br>Situ\u00e9 au 20 avenue \u00c9. Vaillant, ce lieu porte des actions de solidarit\u00e9 et de sensibilisation aux enjeux \u00e9cologiques qui sont pr\u00e9cieuses et centrales dans un contexte social d\u00e9sastreux et en plein basculement \u00e9cologique. Ce lieu de vie est surtout connu pour ses nombreuses actions solidaires, notamment \u00e0 destination des femmes (distribution de kits d\u2019hygi\u00e8ne et colis alimentaires). Il a un r\u00f4le essentiel pour des familles et des femmes en situation de pr\u00e9carit\u00e9 et qui n\u2019ont pas acc\u00e8s \u00e0 l\u2019offre sociale institutionnelle. Depuis 2019, plus de 80 personnes, principalement femmes seules enceintes ou avec des enfants en bas-\u00e2ge, y ont \u00e9t\u00e9 h\u00e9berg\u00e9es pour une dur\u00e9e d\u2019un jour \u00e0 un an. Sur ce point, le contexte est alarmant : pour le 3e trimestre 2022 les demandes de mise \u00e0 l\u2019abri augmentent fortement, particuli\u00e8rement pour des couples avec enfants (+16% entre ao\u00fbt et septembre 2022). Ce lieu arrive au bout de l\u2019\u00e9ch\u00e9ance que la justice avait accord\u00e9e : \u00e0 partir du 1er avril 2023, les occupant.es seront expulsables des locaux de Pantin alors m\u00eame que les travaux dufutur \u00e9coquartier ne d\u00e9buteront pas avant plusieurs ann\u00e9es. Il n\u2019y a aucune urgence \u00e0  expulser le LE\u00d8. <\/p>\n\n\n\n<p class=\"wp-block-paragraph\">\u00c0 ce jour, les occupantes et occupants ont \u00e9t\u00e9 approch\u00e9s par quelques \u00e9lu.es de la majorit\u00e9, mais aucune proposition s\u00e9rieuse n\u2019a abouti.<\/p>\n\n\n\n<p class=\"wp-block-paragraph\">Pour Nous Sommes Pantin, ce lieu qui met en pratique la solidarit\u00e9 populaire doit rester \u00e0 Pantin et \u00eatre activement soutenu par la Mairie ! \u00ab\u00a0<\/p>\n\n\n\n<p class=\"wp-block-paragraph\"><\/p>\n\n\n\n<p class=\"wp-block-paragraph\">Merci aussi au <a href=\"https:\/\/www.monde-libertaire.fr\/?articlen=7074&amp;article=With_a_little_help_au_LEO\" data-type=\"URL\" data-id=\"https:\/\/www.monde-libertaire.fr\/?articlen=7074&amp;article=With_a_little_help_au_LEO\">Monde Libertaire<\/a> pour le relais de notre p\u00e9tition.<\/p>\n\n\n\n<p class=\"wp-block-paragraph\"><\/p>\n\n\n\n<p class=\"has-text-align-center has-light-green-cyan-to-vivid-green-cyan-gradient-background has-background wp-block-paragraph\"><strong>Rester informer des luttes en cours et participer :<\/strong><\/p>\n\n\n\n<ul class=\"wp-block-list\">\n<li>D\u00e9ambulation festive Samedi 4 Mars contre les lois liberticides et ultralib\u00e9rales :<\/li>\n<\/ul>\n\n\n\n<figure class=\"wp-block-image size-large\"><img loading=\"lazy\" decoding=\"async\" width=\"682\" height=\"1024\" src=\"https:\/\/www.labozero.org\/wp-content\/uploads\/2023\/03\/2023-03-04_Montreuil-manif-682x1024.jpg\" alt=\"\" class=\"wp-image-4298\" srcset=\"https:\/\/www.labozero.org\/wp-content\/uploads\/2023\/03\/2023-03-04_Montreuil-manif-682x1024.jpg 682w, https:\/\/www.labozero.org\/wp-content\/uploads\/2023\/03\/2023-03-04_Montreuil-manif-200x300.jpg 200w, https:\/\/www.labozero.org\/wp-content\/uploads\/2023\/03\/2023-03-04_Montreuil-manif-768x1152.jpg 768w, https:\/\/www.labozero.org\/wp-content\/uploads\/2023\/03\/2023-03-04_Montreuil-manif.jpg 853w\" sizes=\"auto, (max-width: 682px) 100vw, 682px\" \/><\/figure>\n\n\n\n<ul class=\"wp-block-list\">\n<li>Samedi 11 Mars \u00e0 11h, bouff\u00e9e d&rsquo;air frais et chants d&rsquo;oiseaux avec la visite des Jardins d&rsquo;Aubervilliers en lutte, infos <a href=\"http:\/\/jardinsaubervilliers.fr\/\" data-type=\"URL\" data-id=\"http:\/\/jardinsaubervilliers.fr\/\">ICI<\/a><\/li>\n<\/ul>\n\n\n\n<figure class=\"wp-block-image size-full\"><img loading=\"lazy\" decoding=\"async\" width=\"680\" height=\"383\" src=\"https:\/\/www.labozero.org\/wp-content\/uploads\/2023\/03\/jardins.jpg\" alt=\"\" class=\"wp-image-4299\" srcset=\"https:\/\/www.labozero.org\/wp-content\/uploads\/2023\/03\/jardins.jpg 680w, https:\/\/www.labozero.org\/wp-content\/uploads\/2023\/03\/jardins-300x169.jpg 300w\" sizes=\"auto, (max-width: 680px) 100vw, 680px\" \/><\/figure>\n\n\n\n<ul class=\"wp-block-list\">\n<li>11 Mars aussi : Grand carnaval festif \u00e0 Montreuil contre les expulsions, rejoignez nous avec vos plus beaux costumes\/banderolles ! <br>Un d\u00e9part \u00e0 v\u00e9lo sera orgnanis\u00e9 dans l&rsquo;apr\u00e8s-midi depuis Aubervilliers\/Pantin avec chars et musique pour rejoindre le cort\u00e8ge \u00e0 Montreuil. Plus d&rsquo;infos \u00e0 venir bient\u00f4t<\/li>\n<\/ul>\n\n\n\n<figure class=\"wp-block-image size-large\"><img loading=\"lazy\" decoding=\"async\" width=\"724\" height=\"1024\" src=\"https:\/\/www.labozero.org\/wp-content\/uploads\/2023\/03\/CARNAVAL-2.0-1448x2048-1-724x1024.jpg\" alt=\"\" class=\"wp-image-4300\" srcset=\"https:\/\/www.labozero.org\/wp-content\/uploads\/2023\/03\/CARNAVAL-2.0-1448x2048-1-724x1024.jpg 724w, https:\/\/www.labozero.org\/wp-content\/uploads\/2023\/03\/CARNAVAL-2.0-1448x2048-1-212x300.jpg 212w, https:\/\/www.labozero.org\/wp-content\/uploads\/2023\/03\/CARNAVAL-2.0-1448x2048-1-768x1086.jpg 768w, https:\/\/www.labozero.org\/wp-content\/uploads\/2023\/03\/CARNAVAL-2.0-1448x2048-1-1086x1536.jpg 1086w, https:\/\/www.labozero.org\/wp-content\/uploads\/2023\/03\/CARNAVAL-2.0-1448x2048-1-1320x1867.jpg 1320w, https:\/\/www.labozero.org\/wp-content\/uploads\/2023\/03\/CARNAVAL-2.0-1448x2048-1.jpg 1448w\" sizes=\"auto, (max-width: 724px) 100vw, 724px\" \/><\/figure>\n","protected":false},"excerpt":{"rendered":"<p>On range, tri, donne ! Gratuiterie exceptionnelle \u00e0 destination des Femmes et des Enfants : le Lundi 6 Mars de 14 \u00e0 16H. Nous devons partir prochainement de Pantin, nous ne collectons plus. Il y aura \u00e0 donner : Pour rappel la gratuiterie du LE\u00d8 est : ANTICAPITALISTE : elle limite les rapports marchands et \u00e9vite l\u2019achat de produits neufs. SOLIDAIRE : elle permet aux personnes les plus pr\u00e9caris\u00e9es d\u2019avoir acc\u00e8s \u00e0 des biens de qualit\u00e9 gratuitement. ECOLOGIQUE : par le partage et la circulation des biens elle permet d\u2018\u00e9viter la surproduction d\u2019objets. \u00ab&nbsp;Cr\u00e9\u00e9r un espace sans argent permet de questionner nos modes de relations, nos responsabilit\u00e9s individuelles et collectives face aux injustices, aux crises et d\u2019organiser une solidarit\u00e9 efficace pour y faire face, en autonomie.&nbsp;\u00bb Comme toujours, une seule r\u00e8gle \u00ab\u00a0Partage et bienveillance\u00a0\u00bb La p\u00e9tition en ligne est toujours d&rsquo;actualit\u00e9, n&rsquo;h\u00e9sitez pas \u00e0 la partager elle nous est necessaire pour n\u00e9gocier du temps avec la pr\u00e9fecture avant le \u00ab\u00a0recours de la force publique\u00a0\u00bb : LE\u00d8menac\u00e9 La majorit\u00e9 des \u00e9lus municipaux de la Ville de \u00ab\u00a0PantinE\u00a0\u00bb a choisi d\u00e9lib\u00e9r\u00e9ment de ne pas agir en notre faveur, (CF conseil municipal de D\u00e9cembre 2022 o\u00f9 notre situation a \u00e9t\u00e9 soulev\u00e9e). Mais nous remercions chaleureusement le groupe Nous sommes Pantin, pour son soutien de toujours et notamment lors de sa derni\u00e8re publication dans Canal Pantin : \u00a0\u00bb Nous sommes Pantin Soutien au LE\u00d8 Le Laboratoire \u00c9cologique \u00d8 d\u00e9chet (LE\u00d8) est menac\u00e9 d\u2019expulsion.Situ\u00e9 au 20 avenue \u00c9. Vaillant, ce lieu porte des actions de solidarit\u00e9 et de sensibilisation aux enjeux \u00e9cologiques qui sont pr\u00e9cieuses et centrales dans un contexte social d\u00e9sastreux et en plein basculement \u00e9cologique. Ce lieu de vie est surtout connu pour ses nombreuses actions solidaires, notamment \u00e0 destination des femmes (distribution de kits d\u2019hygi\u00e8ne et colis alimentaires). Il a un r\u00f4le essentiel pour des familles et des femmes en situation de pr\u00e9carit\u00e9 et qui n\u2019ont pas acc\u00e8s \u00e0 l\u2019offre sociale institutionnelle. Depuis 2019, plus de 80 personnes, principalement femmes seules enceintes ou avec des enfants en bas-\u00e2ge, y ont \u00e9t\u00e9 h\u00e9berg\u00e9es pour une dur\u00e9e d\u2019un jour \u00e0 un an. Sur ce point, le contexte est alarmant : pour le 3e trimestre 2022 les demandes de mise \u00e0 l\u2019abri augmentent fortement, particuli\u00e8rement pour des couples avec enfants (+16% entre ao\u00fbt et septembre 2022). Ce lieu arrive au bout de l\u2019\u00e9ch\u00e9ance que la justice avait accord\u00e9e : \u00e0 partir du 1er avril 2023, les occupant.es seront expulsables des locaux de Pantin alors m\u00eame que les travaux dufutur \u00e9coquartier ne d\u00e9buteront pas avant plusieurs ann\u00e9es. Il n\u2019y a aucune urgence \u00e0 expulser le LE\u00d8. \u00c0 ce jour, les occupantes et occupants ont \u00e9t\u00e9 approch\u00e9s par quelques \u00e9lu.es de la majorit\u00e9, mais aucune proposition s\u00e9rieuse n\u2019a abouti. Pour Nous Sommes Pantin, ce lieu qui met en pratique la solidarit\u00e9 populaire doit rester \u00e0 Pantin et \u00eatre activement soutenu par la Mairie ! \u00ab\u00a0 Merci aussi au Monde Libertaire pour le relais de notre p\u00e9tition. Rester informer des luttes en cours et participer :<\/p>\n","protected":false},"author":2,"featured_media":0,"comment_status":"closed","ping_status":"","sticky":false,"template":"","format":"standard","meta":{"rop_custom_images_group":[],"rop_custom_messages_group":[],"rop_publish_now":"initial","rop_publish_now_accounts":[],"rop_publish_now_history":[],"rop_publish_now_status":"pending","_themeisle_gutenberg_block_has_review":false,"footnotes":""},"categories":[1],"tags":[],"class_list":["post-4297","post","type-post","status-publish","format-standard","hentry","category-non-classe"],"jetpack_featured_media_url":"","_links":{"self":[{"href":"https:\/\/www.labozero.org\/index.php\/wp-json\/wp\/v2\/posts\/4297","targetHints":{"allow":["GET"]}}],"collection":[{"href":"https:\/\/www.labozero.org\/index.php\/wp-json\/wp\/v2\/posts"}],"about":[{"href":"https:\/\/www.labozero.org\/index.php\/wp-json\/wp\/v2\/types\/post"}],"author":[{"embeddable":true,"href":"https:\/\/www.labozero.org\/index.php\/wp-json\/wp\/v2\/users\/2"}],"replies":[{"embeddable":true,"href":"https:\/\/www.labozero.org\/index.php\/wp-json\/wp\/v2\/comments?post=4297"}],"version-history":[{"count":2,"href":"https:\/\/www.labozero.org\/index.php\/wp-json\/wp\/v2\/posts\/4297\/revisions"}],"predecessor-version":[{"id":4302,"href":"https:\/\/www.labozero.org\/index.php\/wp-json\/wp\/v2\/posts\/4297\/revisions\/4302"}],"wp:attachment":[{"href":"https:\/\/www.labozero.org\/index.php\/wp-json\/wp\/v2\/media?parent=4297"}],"wp:term":[{"taxonomy":"category","embeddable":true,"href":"https:\/\/www.labozero.org\/index.php\/wp-json\/wp\/v2\/categories?post=4297"},{"taxonomy":"post_tag","embeddable":true,"href":"https:\/\/www.labozero.org\/index.php\/wp-json\/wp\/v2\/tags?post=4297"}],"curies":[{"name":"wp","href":"https:\/\/api.w.org\/{rel}","templated":true}]}}