{"id":2960,"date":"2022-02-22T14:43:30","date_gmt":"2022-02-22T13:43:30","guid":{"rendered":"https:\/\/www.labozero.org\/?p=2960"},"modified":"2022-02-22T14:43:30","modified_gmt":"2022-02-22T13:43:30","slug":"des-news","status":"publish","type":"post","link":"https:\/\/www.labozero.org\/index.php\/2022\/02\/22\/des-news\/","title":{"rendered":"Des News !"},"content":{"rendered":"\n<p>La Gratuiterie revient \u00e0 Pantin !!!<\/p>\n\n\n\n<p>Parce qu\u2019il est grand temps d\u2019arr\u00eater d&rsquo;acheter du neuf, parce que notre terre n&rsquo;a plus les moyens de sur-produire, parce que les faux circuits de r\u00e9emploi subventionn\u00e9s et polluants ca suffit, parce qu\u2019on en a assez de se faire imposer des modes et des styles. <a href=\"https:\/\/mrmondialisation.org\/atacama-un-desert-de-vetements-a-perte-de-vue\/\" data-type=\"URL\" data-id=\"https:\/\/mrmondialisation.org\/atacama-un-desert-de-vetements-a-perte-de-vue\/\">Parce que maintenant on sait <\/a>(article de Mr mondialisation sur les d\u00e9rives de l&rsquo;industrie textile avec tout plein de chiffres et d&rsquo;images flippantes) ! <\/p>\n\n\n\n<p>Parce qu&rsquo;on croit aux circuits courts et au partage mais surtout parce que la fripe gratos c&rsquo;est vraiment chouette :<\/p>\n\n\n\n<p><strong>RDV dimanche 27 f\u00e9vrier (si il ne pleut pas) entre 15 et 18h \u00e0 Pantin pour du shopping \u00e9colo !<\/strong> <\/p>\n\n\n\n<p>Au programme, dons de v\u00eatements, chaussures, vaisselle, bibelots&#8230;<\/p>\n\n\n\n<p class=\"has-text-align-center\"> PARTAGE et BIENVEILLANCE exig\u00e9s<\/p>\n\n\n\n<p>En m\u00eame temps, c&rsquo;est la collecte solidaire !<\/p>\n\n\n\n<p><\/p>\n\n\n\n<p>Sinon :<\/p>\n\n\n\n<p>On pr\u00e9pare notre retour \u00e0 la friche de Noisy-le sec tout bient\u00f4t.<\/p>\n\n\n\n<p>On pr\u00e9pare aussi de beaux ateliers autour de la journ\u00e9e du droit des femmes.<\/p>\n\n\n\n<p>On fait des ateliers \u00ab\u00a0camping\u00a0\u00bb pour tester les dons de toiles de tentes qui seront distribu\u00e9es sur les campements.<\/p>\n\n\n\n<figure class=\"wp-block-gallery has-nested-images columns-default is-cropped wp-block-gallery-1 is-layout-flex wp-block-gallery-is-layout-flex\">\n<figure class=\"wp-block-image size-large\"><img loading=\"lazy\" decoding=\"async\" width=\"1536\" height=\"2048\" data-id=\"2964\" src=\"https:\/\/www.labozero.org\/wp-content\/uploads\/2022\/02\/274484241_512417020340878_2707239973649677442_n.jpg\" alt=\"\" class=\"wp-image-2964\" srcset=\"https:\/\/www.labozero.org\/wp-content\/uploads\/2022\/02\/274484241_512417020340878_2707239973649677442_n.jpg 1536w, https:\/\/www.labozero.org\/wp-content\/uploads\/2022\/02\/274484241_512417020340878_2707239973649677442_n-225x300.jpg 225w, https:\/\/www.labozero.org\/wp-content\/uploads\/2022\/02\/274484241_512417020340878_2707239973649677442_n-768x1024.jpg 768w, https:\/\/www.labozero.org\/wp-content\/uploads\/2022\/02\/274484241_512417020340878_2707239973649677442_n-1152x1536.jpg 1152w, https:\/\/www.labozero.org\/wp-content\/uploads\/2022\/02\/274484241_512417020340878_2707239973649677442_n-1320x1760.jpg 1320w\" sizes=\"auto, (max-width: 1536px) 100vw, 1536px\" \/><\/figure>\n\n\n\n<figure class=\"wp-block-image size-large\"><img loading=\"lazy\" decoding=\"async\" width=\"1296\" height=\"1728\" data-id=\"2961\" src=\"https:\/\/www.labozero.org\/wp-content\/uploads\/2022\/02\/273884958_1372686229845225_3671768798628700859_n.jpg\" alt=\"\" class=\"wp-image-2961\" srcset=\"https:\/\/www.labozero.org\/wp-content\/uploads\/2022\/02\/273884958_1372686229845225_3671768798628700859_n.jpg 1296w, https:\/\/www.labozero.org\/wp-content\/uploads\/2022\/02\/273884958_1372686229845225_3671768798628700859_n-225x300.jpg 225w, https:\/\/www.labozero.org\/wp-content\/uploads\/2022\/02\/273884958_1372686229845225_3671768798628700859_n-768x1024.jpg 768w, https:\/\/www.labozero.org\/wp-content\/uploads\/2022\/02\/273884958_1372686229845225_3671768798628700859_n-1152x1536.jpg 1152w\" sizes=\"auto, (max-width: 1296px) 100vw, 1296px\" \/><\/figure>\n\n\n\n<figure class=\"wp-block-image size-large\"><img loading=\"lazy\" decoding=\"async\" width=\"1536\" height=\"2048\" data-id=\"2962\" src=\"https:\/\/www.labozero.org\/wp-content\/uploads\/2022\/02\/274157332_1069676777210374_5746437970023827444_n.jpg\" alt=\"\" class=\"wp-image-2962\" srcset=\"https:\/\/www.labozero.org\/wp-content\/uploads\/2022\/02\/274157332_1069676777210374_5746437970023827444_n.jpg 1536w, https:\/\/www.labozero.org\/wp-content\/uploads\/2022\/02\/274157332_1069676777210374_5746437970023827444_n-225x300.jpg 225w, https:\/\/www.labozero.org\/wp-content\/uploads\/2022\/02\/274157332_1069676777210374_5746437970023827444_n-768x1024.jpg 768w, https:\/\/www.labozero.org\/wp-content\/uploads\/2022\/02\/274157332_1069676777210374_5746437970023827444_n-1152x1536.jpg 1152w, https:\/\/www.labozero.org\/wp-content\/uploads\/2022\/02\/274157332_1069676777210374_5746437970023827444_n-1320x1760.jpg 1320w\" sizes=\"auto, (max-width: 1536px) 100vw, 1536px\" \/><\/figure>\n\n\n\n<figure class=\"wp-block-image size-large\"><img loading=\"lazy\" decoding=\"async\" width=\"1296\" height=\"1728\" data-id=\"2963\" src=\"https:\/\/www.labozero.org\/wp-content\/uploads\/2022\/02\/274308933_367898488211538_743324942669141059_n.jpg\" alt=\"\" class=\"wp-image-2963\" srcset=\"https:\/\/www.labozero.org\/wp-content\/uploads\/2022\/02\/274308933_367898488211538_743324942669141059_n.jpg 1296w, https:\/\/www.labozero.org\/wp-content\/uploads\/2022\/02\/274308933_367898488211538_743324942669141059_n-225x300.jpg 225w, https:\/\/www.labozero.org\/wp-content\/uploads\/2022\/02\/274308933_367898488211538_743324942669141059_n-768x1024.jpg 768w, https:\/\/www.labozero.org\/wp-content\/uploads\/2022\/02\/274308933_367898488211538_743324942669141059_n-1152x1536.jpg 1152w\" sizes=\"auto, (max-width: 1296px) 100vw, 1296px\" \/><\/figure>\n<\/figure>\n\n\n\n<p>On continue de soutenir les luttes amies et on se r\u00e9jouit des bonnes nouvelles :<\/p>\n\n\n\n<ul class=\"wp-block-list\"><li>Le Collectif pour la d\u00e9fense des jardins d&rsquo;Aubervilliers a gagn\u00e9 une bataille \u00e0 la cours d&rsquo;appel de Paris, qui consid\u00e8re que le PLU est incoh\u00e9rent, cependant les travaux se poursuivent en toute ill\u00e9galit\u00e9 !!! plus d&rsquo;infos sur Bastamag <a href=\"https:\/\/basta.media\/victoire-juridique-pour-la-preservation-des-jardins-ouvriers-d-aubervilliers-Jeux-Olympiques-2024\" data-type=\"URL\" data-id=\"https:\/\/basta.media\/victoire-juridique-pour-la-preservation-des-jardins-ouvriers-d-aubervilliers-Jeux-Olympiques-2024\">ICI<\/a>.<\/li><li>Les camarades du Cordon ont trouv\u00e9 refuge au 12 rue Candale \u00e0 Pantin. 40 personnes sont donc \u00e0 l\u2019abri des violences et du froid pour quelques temps. Cette fois pas d&rsquo;expulsion ill\u00e9gale mais une proc\u00e9dure classique les attend. N&rsquo;h\u00e9sitez pas \u00e0 passer les voir, ils ont toujours besoin de voisins solidaires et bienveillants !<\/li><\/ul>\n\n\n\n<p>On parlait r\u00e9cemment d&rsquo;aide alimentaire et de nos profonds questionnements entre l\u2019absolue n\u00e9cessit\u00e9 d&rsquo;aider des personnes pr\u00e9caris\u00e9es et notre r\u00f4le dans la cha\u00eene de surproduction de l&rsquo;agro-industrie capitaliste qui d\u00e9truit les terres et torture les animaux. Un article de Reporterre \u00e9voque cela <a href=\"https:\/\/reporterre.net\/Une-affaire-d-argent-les-derives-de-l-aide-alimentaire\" data-type=\"URL\" data-id=\"https:\/\/reporterre.net\/Une-affaire-d-argent-les-derives-de-l-aide-alimentaire\">ICI<\/a>.<\/p>\n\n\n\n<p>Voil\u00e0 l&rsquo;agenda qui change un peu !<\/p>\n\n\n\n<p><strong>Mercredi :<\/strong><\/p>\n\n\n\n<ul class=\"wp-block-list\"><li><strong>Tri et distribution alimentaire<\/strong>&nbsp;par R\u00e9sistance Solidaire et Solidarit\u00e9 migrants Wilson entre 12 et 16h inscriptions sur leur page fcb.<\/li><\/ul>\n\n\n\n<p><strong><br>Jeudi <\/strong>:<\/p>\n\n\n\n<ul class=\"wp-block-list\"><li>18\/20h distribution de<strong>&nbsp;l\u2019AMAP des 4 chemins<\/strong><\/li><li>18\/20h&nbsp;<strong>collecte solidaire<\/strong><\/li><\/ul>\n\n\n\n<p><strong>Samedi :<\/strong><\/p>\n\n\n\n<ul class=\"wp-block-list\"><li><strong>Tri et distribution alimentaire<\/strong>&nbsp;par Entraides Citoyennes si vous voulez participer c\u2019est&nbsp;<a rel=\"noreferrer noopener\" href=\"https:\/\/entraides-citoyennes.org\/events\/preparation-denrees-alimentaires-maraude-13-2021-08-07\/\" target=\"_blank\">ICI<\/a><\/li><li><strong>PAS DE GRATUITERIE A NOISY !<\/strong><\/li><\/ul>\n\n\n\n<p><strong>Dimanche<\/strong>:&nbsp;<\/p>\n\n\n\n<ul class=\"wp-block-list\"><li>15\/20h&nbsp;<strong>atelier d\u2019auto-r\u00e9paration&nbsp;<\/strong>dans la cour (uniquement par beau temps), plus d\u2019infos michel@lamachine.org.<\/li><li>15\/18h&nbsp;<strong>Collecte solidaire<\/strong>&nbsp;.<\/li><li>15\/18h<strong> Gratuiterie <\/strong>\u00e0 Pantin<\/li><\/ul>\n\n\n\n<p>Et pour les collectes solidaires :<\/p>\n\n\n\n<p><em>Le<strong> stock de poussettes en bon \u00e9tat est plus que bas<\/strong>, surtout pour les poussettes naissances. La poussette c&rsquo;est vraiment vital pour les mamans qu&rsquo;on accompagne, elle sert pour le b\u00e9b\u00e9 mais aussi pour transporter la nourriture, les couches, voire m\u00eame faire les d\u00e9m\u00e9nagements ! Si jamais vous avez envie de venir le dimanche tenter d&rsquo;en r\u00e9parer on en a plein hors service et n&rsquo;avons pas le temps de le faire, n&rsquo;h\u00e9sitez pas !<\/em><\/p>\n\n\n\n<p><strong>URGENCES :<\/strong><\/p>\n\n\n\n<ul class=\"wp-block-list\"><li><strong>Combis pilotes et petits manteaux<\/strong><\/li><li><strong>Gigoteuses<\/strong><\/li><li><strong>Pyjamas en 3 et 6 mois<\/strong><\/li><li><strong>Pantalons en 3\/4\/5 ans<\/strong><\/li><li><strong>Lait maternis\u00e9 surtout 2 et&nbsp;<\/strong>3<\/li><li><strong>Petits pots<\/strong><\/li><li><strong>Biberons et t\u00e9tines<\/strong><\/li><li><strong>Manteaux femmes grandes tailles<\/strong><\/li><\/ul>\n\n\n\n<p><em>Attention,&nbsp;<strong>nous ne prenons que les articles en tr\u00e8s bon \u00e9tat<\/strong>, nous ne pouvons ni laver ni r\u00e9parer.&nbsp;<\/em><\/p>\n\n\n\n<p>*Portes BB, \u00e9charpes, poussettes, lits parapluie\u2026&nbsp;<\/p>\n\n\n\n<p>*Doudous et&nbsp;<strong>petits<\/strong>&nbsp;jouets simples,&nbsp;<strong>sans piles&nbsp;<\/strong>: d\u00eenettes, cubes\u2026<\/p>\n\n\n\n<p>*Produits d\u2019hygi\u00e8ne : liniment, cotons\/carr\u00e9s, savons, serum phy\u2026<\/p>\n\n\n\n<p>*Lait maternis\u00e9 et petits pots (sans viande de pr\u00e9f\u00e9rence)<\/p>\n\n\n\n<p>*Biberons et t\u00e9tines en tr\u00e8s bon \u00e9tat<\/p>\n\n\n\n<p>*<strong>Turbulettes ++++++&nbsp;<\/strong>et petites couvertures<\/p>\n\n\n\n<p>*V\u00eatements enfants<strong>, tri\u00e9s par \u00e2ge.<\/strong><\/p>\n\n\n\n<p>*Chaussures enfants<\/p>\n\n\n\n<p>*V\u00eatements et chaussures femme, priorit\u00e9 grande tailles.<\/p>\n\n\n\n<p>*Sacs \u00e0 dos\/cartables enfants et ados<\/p>\n\n\n\n<p>*Mat\u00e9riel scolaire<\/p>\n\n\n\n<p>*Vaisselle, casseroles\u2026<\/p>\n\n\n\n<p>*Linge de maison : draps, serviettes de toilette, nappes\u2026<\/p>\n\n\n\n<p><strong>Pour la vie du lieu et les activit\u00e9s, nous collectons :<\/strong><\/p>\n\n\n\n<p>*Mat\u00e9riel informatique et t\u00e9l\u00e9phonie, m\u00eame en panne.<\/p>\n\n\n\n<p>*V\u00e9los et pi\u00e8ces de v\u00e9los<\/p>\n\n\n\n<p>*Grands tissus, laine et petite mercerie<\/p>\n\n\n\n<p>*Restes de chantiers : visserie et petits outils de bricolage<\/p>\n\n\n\n<p>N\u2019oubliez pas notre boite \u00e0 livres \u00e0 Pantin qui est ouverte 24\/24 et remplie r\u00e9guli\u00e8rement par nos soins.<\/p>\n\n\n\n<p>A tr\u00e8s vite !<\/p>\n","protected":false},"excerpt":{"rendered":"<p>La Gratuiterie revient \u00e0 Pantin !!! Parce qu\u2019il est grand temps d\u2019arr\u00eater d&rsquo;acheter du neuf, parce que notre terre n&rsquo;a plus les moyens de sur-produire, parce que les faux circuits de r\u00e9emploi subventionn\u00e9s et polluants ca suffit, parce qu\u2019on en a assez de se faire imposer des modes et des styles. Parce que maintenant on sait (article de Mr mondialisation sur les d\u00e9rives de l&rsquo;industrie textile avec tout plein de chiffres et d&rsquo;images flippantes) ! Parce qu&rsquo;on croit aux circuits courts et au partage mais surtout parce que la fripe gratos c&rsquo;est vraiment chouette : RDV dimanche 27 f\u00e9vrier (si il ne pleut pas) entre 15 et 18h \u00e0 Pantin pour du shopping \u00e9colo ! Au programme, dons de v\u00eatements, chaussures, vaisselle, bibelots&#8230; PARTAGE et BIENVEILLANCE exig\u00e9s En m\u00eame temps, c&rsquo;est la collecte solidaire ! Sinon : On pr\u00e9pare notre retour \u00e0 la friche de Noisy-le sec tout bient\u00f4t. On pr\u00e9pare aussi de beaux ateliers autour de la journ\u00e9e du droit des femmes. On fait des ateliers \u00ab\u00a0camping\u00a0\u00bb pour tester les dons de toiles de tentes qui seront distribu\u00e9es sur les campements. On continue de soutenir les luttes amies et on se r\u00e9jouit des bonnes nouvelles : Le Collectif pour la d\u00e9fense des jardins d&rsquo;Aubervilliers a gagn\u00e9 une bataille \u00e0 la cours d&rsquo;appel de Paris, qui consid\u00e8re que le PLU est incoh\u00e9rent, cependant les travaux se poursuivent en toute ill\u00e9galit\u00e9 !!! plus d&rsquo;infos sur Bastamag ICI. Les camarades du Cordon ont trouv\u00e9 refuge au 12 rue Candale \u00e0 Pantin. 40 personnes sont donc \u00e0 l\u2019abri des violences et du froid pour quelques temps. Cette fois pas d&rsquo;expulsion ill\u00e9gale mais une proc\u00e9dure classique les attend. N&rsquo;h\u00e9sitez pas \u00e0 passer les voir, ils ont toujours besoin de voisins solidaires et bienveillants ! On parlait r\u00e9cemment d&rsquo;aide alimentaire et de nos profonds questionnements entre l\u2019absolue n\u00e9cessit\u00e9 d&rsquo;aider des personnes pr\u00e9caris\u00e9es et notre r\u00f4le dans la cha\u00eene de surproduction de l&rsquo;agro-industrie capitaliste qui d\u00e9truit les terres et torture les animaux. Un article de Reporterre \u00e9voque cela ICI. Voil\u00e0 l&rsquo;agenda qui change un peu ! Mercredi : Tri et distribution alimentaire&nbsp;par R\u00e9sistance Solidaire et Solidarit\u00e9 migrants Wilson entre 12 et 16h inscriptions sur leur page fcb. Jeudi : 18\/20h distribution de&nbsp;l\u2019AMAP des 4 chemins 18\/20h&nbsp;collecte solidaire Samedi : Tri et distribution alimentaire&nbsp;par Entraides Citoyennes si vous voulez participer c\u2019est&nbsp;ICI PAS DE GRATUITERIE A NOISY ! Dimanche:&nbsp; 15\/20h&nbsp;atelier d\u2019auto-r\u00e9paration&nbsp;dans la cour (uniquement par beau temps), plus d\u2019infos michel@lamachine.org. 15\/18h&nbsp;Collecte solidaire&nbsp;. 15\/18h Gratuiterie \u00e0 Pantin Et pour les collectes solidaires : Le stock de poussettes en bon \u00e9tat est plus que bas, surtout pour les poussettes naissances. La poussette c&rsquo;est vraiment vital pour les mamans qu&rsquo;on accompagne, elle sert pour le b\u00e9b\u00e9 mais aussi pour transporter la nourriture, les couches, voire m\u00eame faire les d\u00e9m\u00e9nagements ! Si jamais vous avez envie de venir le dimanche tenter d&rsquo;en r\u00e9parer on en a plein hors service et n&rsquo;avons pas le temps de le faire, n&rsquo;h\u00e9sitez pas ! URGENCES : Combis pilotes et petits manteaux Gigoteuses Pyjamas en 3 et 6 mois Pantalons en 3\/4\/5 ans Lait maternis\u00e9 surtout 2 et&nbsp;3 Petits pots Biberons et t\u00e9tines Manteaux femmes grandes tailles Attention,&nbsp;nous ne prenons que les articles en tr\u00e8s bon \u00e9tat, nous ne pouvons ni laver ni r\u00e9parer.&nbsp; *Portes BB, \u00e9charpes, poussettes, lits parapluie\u2026&nbsp; *Doudous et&nbsp;petits&nbsp;jouets simples,&nbsp;sans piles&nbsp;: d\u00eenettes, cubes\u2026 *Produits d\u2019hygi\u00e8ne : liniment, cotons\/carr\u00e9s, savons, serum phy\u2026 *Lait maternis\u00e9 et petits pots (sans viande de pr\u00e9f\u00e9rence) *Biberons et t\u00e9tines en tr\u00e8s bon \u00e9tat *Turbulettes ++++++&nbsp;et petites couvertures *V\u00eatements enfants, tri\u00e9s par \u00e2ge. *Chaussures enfants *V\u00eatements et chaussures femme, priorit\u00e9 grande tailles. *Sacs \u00e0 dos\/cartables enfants et ados *Mat\u00e9riel scolaire *Vaisselle, casseroles\u2026 *Linge de maison : draps, serviettes de toilette, nappes\u2026 Pour la vie du lieu et les activit\u00e9s, nous collectons : *Mat\u00e9riel informatique et t\u00e9l\u00e9phonie, m\u00eame en panne. *V\u00e9los et pi\u00e8ces de v\u00e9los *Grands tissus, laine et petite mercerie *Restes de chantiers : visserie et petits outils de bricolage N\u2019oubliez pas notre boite \u00e0 livres \u00e0 Pantin qui est ouverte 24\/24 et remplie r\u00e9guli\u00e8rement par nos soins. A tr\u00e8s vite !<\/p>\n","protected":false},"author":2,"featured_media":0,"comment_status":"closed","ping_status":"","sticky":false,"template":"","format":"standard","meta":{"rop_custom_images_group":[],"rop_custom_messages_group":[],"rop_publish_now":"initial","rop_publish_now_accounts":[],"rop_publish_now_history":[],"rop_publish_now_status":"pending","_themeisle_gutenberg_block_has_review":false,"_jetpack_memberships_contains_paid_content":false,"footnotes":""},"categories":[1],"tags":[],"class_list":["post-2960","post","type-post","status-publish","format-standard","hentry","category-non-classe"],"jetpack_featured_media_url":"","jetpack-related-posts":[{"id":977,"url":"https:\/\/www.labozero.org\/index.php\/2019\/09\/17\/parce-que\/","url_meta":{"origin":2960,"position":0},"title":"Parce que !","author":"labozero","date":"17 septembre, 2019","format":false,"excerpt":"Parce que ce matin, la magnifique cabane en bois de notre voisine Linda a \u00e9t\u00e9 d\u00e9truite \u00e0 la pelleteuse\u00a0 et que nous n'avons plus de nouvelles d'elle. Parce qu'il n'y a plus beaucoup de place pour les po\u00e8tes. Parce que nous sommes parfois tristes, parfois en col\u00e8re mais que nous\u2026","rel":"","context":"Dans &quot;Non class\u00e9&quot;","block_context":{"text":"Non class\u00e9","link":"https:\/\/www.labozero.org\/index.php\/category\/non-classe\/"},"img":{"alt_text":"","src":"https:\/\/i0.wp.com\/www.labozero.org\/wp-content\/uploads\/2019\/09\/img_0886.jpg?resize=350%2C200&ssl=1","width":350,"height":200},"classes":[]},{"id":111,"url":"https:\/\/www.labozero.org\/index.php\/2018\/09\/19\/atelier-du-dimanche-23-septembre\/","url_meta":{"origin":2960,"position":1},"title":"Atelier du dimanche 23 Septembre","author":"labozero","date":"19 septembre, 2018","format":false,"excerpt":"Parce que c'est la rentr\u00e9e, et que vous cherchez une alternative \u00e9cologique et saine \u00e0 la colle synth\u00e9tique des enfants (emball\u00e9e dans une s\u00e9rie de d\u00e9chets plastique). Parce que\u00a0 vous voulez retapisser votre chambre, car vous avez un stock de bocaux r\u00e9alis\u00e9s cet \u00e9t\u00e9 et que vous ne savez pas\u2026","rel":"","context":"Dans &quot;Non class\u00e9&quot;","block_context":{"text":"Non class\u00e9","link":"https:\/\/www.labozero.org\/index.php\/category\/non-classe\/"},"img":{"alt_text":"","src":"https:\/\/i0.wp.com\/www.labozero.org\/wp-content\/uploads\/2018\/09\/img_0418.jpg?resize=350%2C200&ssl=1","width":350,"height":200,"srcset":"https:\/\/i0.wp.com\/www.labozero.org\/wp-content\/uploads\/2018\/09\/img_0418.jpg?resize=350%2C200&ssl=1 1x, https:\/\/i0.wp.com\/www.labozero.org\/wp-content\/uploads\/2018\/09\/img_0418.jpg?resize=525%2C300&ssl=1 1.5x, https:\/\/i0.wp.com\/www.labozero.org\/wp-content\/uploads\/2018\/09\/img_0418.jpg?resize=700%2C400&ssl=1 2x, https:\/\/i0.wp.com\/www.labozero.org\/wp-content\/uploads\/2018\/09\/img_0418.jpg?resize=1050%2C600&ssl=1 3x"},"classes":[]},{"id":2840,"url":"https:\/\/www.labozero.org\/index.php\/2022\/01\/17\/gratuiterie-a-pantin\/","url_meta":{"origin":2960,"position":2},"title":"Gratuiterie \u00e0 Pantin","author":"labozero","date":"17 janvier, 2022","format":false,"excerpt":"RDV dimanche 23 janvier entre 14 et 18h pour une gratuiterie en ext\u00e9rieur \u00e0 Pantin (si il fait beau) ! Venez d\u00e9nicher des v\u00eatements femme et homme, de la vaisselle, des bibelots, du linge de maison et quelques affaires enfants. Comme toujours, une seule condition : le partage bienveillant !\u2026","rel":"","context":"Dans &quot;Non class\u00e9&quot;","block_context":{"text":"Non class\u00e9","link":"https:\/\/www.labozero.org\/index.php\/category\/non-classe\/"},"img":{"alt_text":"","src":"https:\/\/i0.wp.com\/www.labozero.org\/wp-content\/uploads\/2022\/01\/Grille-dentree-du-LEO-credit-photo-Gary-Libot-min-scaled.jpg?resize=350%2C200&ssl=1","width":350,"height":200,"srcset":"https:\/\/i0.wp.com\/www.labozero.org\/wp-content\/uploads\/2022\/01\/Grille-dentree-du-LEO-credit-photo-Gary-Libot-min-scaled.jpg?resize=350%2C200&ssl=1 1x, https:\/\/i0.wp.com\/www.labozero.org\/wp-content\/uploads\/2022\/01\/Grille-dentree-du-LEO-credit-photo-Gary-Libot-min-scaled.jpg?resize=525%2C300&ssl=1 1.5x, https:\/\/i0.wp.com\/www.labozero.org\/wp-content\/uploads\/2022\/01\/Grille-dentree-du-LEO-credit-photo-Gary-Libot-min-scaled.jpg?resize=700%2C400&ssl=1 2x, https:\/\/i0.wp.com\/www.labozero.org\/wp-content\/uploads\/2022\/01\/Grille-dentree-du-LEO-credit-photo-Gary-Libot-min-scaled.jpg?resize=1050%2C600&ssl=1 3x, https:\/\/i0.wp.com\/www.labozero.org\/wp-content\/uploads\/2022\/01\/Grille-dentree-du-LEO-credit-photo-Gary-Libot-min-scaled.jpg?resize=1400%2C800&ssl=1 4x"},"classes":[]},{"id":1065,"url":"https:\/\/www.labozero.org\/index.php\/2019\/11\/04\/soiree-cine-docu-jeudi-soir\/","url_meta":{"origin":2960,"position":3},"title":"Soir\u00e9e cin\u00e9\/docu jeudi soir","author":"labozero","date":"4 novembre, 2019","format":false,"excerpt":"Le jeudi l'atelier g\u00e9ant est ouvert de 18 \u00e0 21h pour recevoir l'Amp des 4 chemins, des r\u00e9parateurs de toutes sortes et des gourmands de passage. Cette semaine on propose \u00e0 partir de 20h la diffusion du film de Yannis Youlountas sortit en 2015 \"Je lutte donc je suis\". C'est\u2026","rel":"","context":"Dans &quot;Non class\u00e9&quot;","block_context":{"text":"Non class\u00e9","link":"https:\/\/www.labozero.org\/index.php\/category\/non-classe\/"},"img":{"alt_text":"","src":"https:\/\/i0.wp.com\/www.labozero.org\/wp-content\/uploads\/2019\/11\/affiche_du_film_je_lutte_donc_je_suis.jpg?resize=350%2C200&ssl=1","width":350,"height":200},"classes":[]},{"id":1996,"url":"https:\/\/www.labozero.org\/index.php\/2021\/02\/26\/la-semaine-de-la-femme-au-leo\/","url_meta":{"origin":2960,"position":4},"title":"La semaine de la Femme au LE\u00d8","author":"labozero","date":"26 f\u00e9vrier, 2021","format":false,"excerpt":"En l'honneur de la journ\u00e9e internationale des droits des femmes : Nous avons d\u00e9cid\u00e9 de c\u00e9l\u00e9brer cet \u00e9v\u00e9nement non pas une journ\u00e9e mais une semaine !Parce que les femmes en grande pr\u00e9carit\u00e9 que nous accompagnons, et soutenons m\u00e9ritent plus que jamais une pause dans leur quotidien si \u00e9prouvant;L'isolement, l'acharnement administratif,\u2026","rel":"","context":"Dans &quot;Non class\u00e9&quot;","block_context":{"text":"Non class\u00e9","link":"https:\/\/www.labozero.org\/index.php\/category\/non-classe\/"},"img":{"alt_text":"","src":"https:\/\/i0.wp.com\/www.labozero.org\/wp-content\/uploads\/2021\/02\/AFFICHE-SEMAINE-DE-LA-FEMME-AU-LEO-JPG.jpg?resize=350%2C200&ssl=1","width":350,"height":200,"srcset":"https:\/\/i0.wp.com\/www.labozero.org\/wp-content\/uploads\/2021\/02\/AFFICHE-SEMAINE-DE-LA-FEMME-AU-LEO-JPG.jpg?resize=350%2C200&ssl=1 1x, https:\/\/i0.wp.com\/www.labozero.org\/wp-content\/uploads\/2021\/02\/AFFICHE-SEMAINE-DE-LA-FEMME-AU-LEO-JPG.jpg?resize=525%2C300&ssl=1 1.5x, https:\/\/i0.wp.com\/www.labozero.org\/wp-content\/uploads\/2021\/02\/AFFICHE-SEMAINE-DE-LA-FEMME-AU-LEO-JPG.jpg?resize=700%2C400&ssl=1 2x, https:\/\/i0.wp.com\/www.labozero.org\/wp-content\/uploads\/2021\/02\/AFFICHE-SEMAINE-DE-LA-FEMME-AU-LEO-JPG.jpg?resize=1050%2C600&ssl=1 3x, https:\/\/i0.wp.com\/www.labozero.org\/wp-content\/uploads\/2021\/02\/AFFICHE-SEMAINE-DE-LA-FEMME-AU-LEO-JPG.jpg?resize=1400%2C800&ssl=1 4x"},"classes":[]},{"id":663,"url":"https:\/\/www.labozero.org\/index.php\/2019\/02\/26\/bricolette-musique-et-tintamar-a-la-friche\/","url_meta":{"origin":2960,"position":5},"title":"Bricolette, musique et Tintamar \u00e0 la friche !","author":"labozero","date":"26 f\u00e9vrier, 2019","format":false,"excerpt":"\u00a0 Ca bouge et ca swing en ce mois de Mars au 1 rue Bouquet \u00e0 Noisy le sec ! \u00a0 Venez prendre le soleil avec nous, jardiner, siroter une tisane, faire vos emplettes gratos mais surtout venez profiter de la pr\u00e9sence de zicos allum\u00e9s pour inventer et bricoler ensemble\u2026","rel":"","context":"Dans &quot;Non class\u00e9&quot;","block_context":{"text":"Non class\u00e9","link":"https:\/\/www.labozero.org\/index.php\/category\/non-classe\/"},"img":{"alt_text":"","src":"https:\/\/i0.wp.com\/www.labozero.org\/wp-content\/uploads\/2019\/02\/affiche-150.jpg?resize=350%2C200&ssl=1","width":350,"height":200,"srcset":"https:\/\/i0.wp.com\/www.labozero.org\/wp-content\/uploads\/2019\/02\/affiche-150.jpg?resize=350%2C200&ssl=1 1x, https:\/\/i0.wp.com\/www.labozero.org\/wp-content\/uploads\/2019\/02\/affiche-150.jpg?resize=525%2C300&ssl=1 1.5x, https:\/\/i0.wp.com\/www.labozero.org\/wp-content\/uploads\/2019\/02\/affiche-150.jpg?resize=700%2C400&ssl=1 2x, https:\/\/i0.wp.com\/www.labozero.org\/wp-content\/uploads\/2019\/02\/affiche-150.jpg?resize=1050%2C600&ssl=1 3x, https:\/\/i0.wp.com\/www.labozero.org\/wp-content\/uploads\/2019\/02\/affiche-150.jpg?resize=1400%2C800&ssl=1 4x"},"classes":[]}],"jetpack_shortlink":"https:\/\/wp.me\/pbPs9A-LK","jetpack_sharing_enabled":true,"_links":{"self":[{"href":"https:\/\/www.labozero.org\/index.php\/wp-json\/wp\/v2\/posts\/2960","targetHints":{"allow":["GET"]}}],"collection":[{"href":"https:\/\/www.labozero.org\/index.php\/wp-json\/wp\/v2\/posts"}],"about":[{"href":"https:\/\/www.labozero.org\/index.php\/wp-json\/wp\/v2\/types\/post"}],"author":[{"embeddable":true,"href":"https:\/\/www.labozero.org\/index.php\/wp-json\/wp\/v2\/users\/2"}],"replies":[{"embeddable":true,"href":"https:\/\/www.labozero.org\/index.php\/wp-json\/wp\/v2\/comments?post=2960"}],"version-history":[{"count":1,"href":"https:\/\/www.labozero.org\/index.php\/wp-json\/wp\/v2\/posts\/2960\/revisions"}],"predecessor-version":[{"id":2965,"href":"https:\/\/www.labozero.org\/index.php\/wp-json\/wp\/v2\/posts\/2960\/revisions\/2965"}],"wp:attachment":[{"href":"https:\/\/www.labozero.org\/index.php\/wp-json\/wp\/v2\/media?parent=2960"}],"wp:term":[{"taxonomy":"category","embeddable":true,"href":"https:\/\/www.labozero.org\/index.php\/wp-json\/wp\/v2\/categories?post=2960"},{"taxonomy":"post_tag","embeddable":true,"href":"https:\/\/www.labozero.org\/index.php\/wp-json\/wp\/v2\/tags?post=2960"}],"curies":[{"name":"wp","href":"https:\/\/api.w.org\/{rel}","templated":true}]}}