{"id":289,"date":"2018-11-12T13:31:10","date_gmt":"2018-11-12T12:31:10","guid":{"rendered":"https:\/\/labozero.wordpress.com\/?p=289"},"modified":"2018-11-12T13:31:10","modified_gmt":"2018-11-12T12:31:10","slug":"enrichissez-le-travail-digor","status":"publish","type":"post","link":"https:\/\/www.labozero.org\/index.php\/2018\/11\/12\/enrichissez-le-travail-digor\/","title":{"rendered":"Enrichissez le travail d&rsquo;Igor !"},"content":{"rendered":"<p style=\"text-align:justify;\">Depuis quelques mois, Igor Babou, sociologue et habitant du quartier, nous a propos\u00e9 de nous accompagner pour \u00e9tudier l&rsquo;implication des gens dans les th\u00e9matiques environnementales.<\/p>\n<p style=\"text-align:justify;\">Notre projet \u00e9tant s\u00e9rieusement menac\u00e9, il a rapidement besoin de \u00ab\u00a0mati\u00e8re\u00a0\u00bb pour pouvoir mener \u00e0 bien sa recherche. Si vous le souhaitez, vous pouvez le contacter pour \u00e9voquer avec lui votre v\u00e9cu au LE\u00d8 et plus largement votre vision de l&rsquo;\u00e9cologie. Cela peut se faire par le biais d&rsquo;un petit entretient informel de 30min.<\/p>\n<p style=\"text-align:justify;\">Sa pr\u00e9sence bienveillante et son \u00e9nergie nous ont \u00e9t\u00e9 pr\u00e9cieuses et il a particip\u00e9 activement \u00e0 l&rsquo;aventure, je vous remercie d&rsquo;avance\u00a0 pour le temps que vous pourrez lui consacrer.<\/p>\n<p style=\"text-align:justify;\">Si l&rsquo;aventure se poursuit ailleurs nous lui proposerons bien sur une place dans nos valises. \ud83d\ude09<\/p>\n<p>Voici ses coordonn\u00e9es : <strong><em>igor.babou@orange.fr<\/em><\/strong><\/p>\n<p style=\"text-align:center;\">Merci \u00e0 vous !<\/p>\n<p style=\"text-align:justify;\">Michel et Am\u00e9lie.<\/p>\n","protected":false},"excerpt":{"rendered":"<p>Depuis quelques mois, Igor Babou, sociologue et habitant du quartier, nous a propos\u00e9 de nous accompagner pour \u00e9tudier l&rsquo;implication des gens dans les th\u00e9matiques environnementales. Notre projet \u00e9tant s\u00e9rieusement menac\u00e9, il a rapidement besoin de \u00ab\u00a0mati\u00e8re\u00a0\u00bb pour pouvoir mener \u00e0 bien sa recherche. Si vous le souhaitez, vous pouvez le contacter pour \u00e9voquer avec lui votre v\u00e9cu au LE\u00d8 et plus largement votre vision de l&rsquo;\u00e9cologie. Cela peut se faire par le biais d&rsquo;un petit entretient informel de 30min. Sa pr\u00e9sence bienveillante et son \u00e9nergie nous ont \u00e9t\u00e9 pr\u00e9cieuses et il a particip\u00e9 activement \u00e0 l&rsquo;aventure, je vous remercie d&rsquo;avance\u00a0 pour le temps que vous pourrez lui consacrer. Si l&rsquo;aventure se poursuit ailleurs nous lui proposerons bien sur une place dans nos valises. \ud83d\ude09 Voici ses coordonn\u00e9es : igor.babou@orange.fr Merci \u00e0 vous ! Michel et Am\u00e9lie.<\/p>\n","protected":false},"author":2,"featured_media":0,"comment_status":"open","ping_status":"open","sticky":false,"template":"","format":"standard","meta":{"rop_custom_images_group":[],"rop_custom_messages_group":[],"rop_publish_now":"initial","rop_publish_now_accounts":[],"rop_publish_now_history":[],"rop_publish_now_status":"pending","_themeisle_gutenberg_block_has_review":false,"_jetpack_memberships_contains_paid_content":false,"footnotes":""},"categories":[1],"tags":[],"class_list":["post-289","post","type-post","status-publish","format-standard","hentry","category-non-classe"],"jetpack_featured_media_url":"","jetpack-related-posts":[{"id":256,"url":"https:\/\/www.labozero.org\/index.php\/2018\/10\/31\/le-1er-novembre-nous-serons-la\/","url_meta":{"origin":289,"position":0},"title":"Le 1er Novembre, nous serons l\u00e0 !","author":"labozero","date":"31 octobre, 2018","format":false,"excerpt":"Voil\u00e0 tout est dit, pas d'AMAP mais la Gratuiterie et l'atelier seront ouverts entre 18 et 21h. Nous braverons le froid avec des boissons chaudes mais couvrez-vous bien quand m\u00eame... En exclu les derni\u00e8res photos d'Igor, le d\u00e9montage de l'ordinateur d'Eva et les nouveaut\u00e9s \"kitch\" de la Gratuiterie. Photos prises\u2026","rel":"","context":"Dans &quot;Non class\u00e9&quot;","block_context":{"text":"Non class\u00e9","link":"https:\/\/www.labozero.org\/index.php\/category\/non-classe\/"},"img":{"alt_text":"","src":"https:\/\/i0.wp.com\/www.labozero.org\/wp-content\/uploads\/2018\/10\/eva1-150x150.jpg?resize=350%2C200&ssl=1","width":350,"height":200,"srcset":"https:\/\/i0.wp.com\/www.labozero.org\/wp-content\/uploads\/2018\/10\/eva1-150x150.jpg?resize=350%2C200&ssl=1 1x, https:\/\/i0.wp.com\/www.labozero.org\/wp-content\/uploads\/2018\/10\/eva1-150x150.jpg?resize=525%2C300&ssl=1 1.5x"},"classes":[]},{"id":341,"url":"https:\/\/www.labozero.org\/index.php\/2018\/11\/26\/ca-sent-le-sapin\/","url_meta":{"origin":289,"position":1},"title":"Ca sent le sapin !","author":"labozero","date":"26 novembre, 2018","format":false,"excerpt":"Michel et moi avons d\u00e9cid\u00e9 de mettre fin \u00e0 l'accueil public du LE\u00d8 dimanche prochain. En effet nous savons d\u00e9sormais que nous sommes expulsables depuis plusieurs semaines, les\u00a0 informations qui nous permettraient de pr\u00e9parer notre d\u00e9part sereinement ne nous sont toujours pas transmises. La semaine derni\u00e8re, Michel a par chance\u2026","rel":"","context":"Dans &quot;Non class\u00e9&quot;","block_context":{"text":"Non class\u00e9","link":"https:\/\/www.labozero.org\/index.php\/category\/non-classe\/"},"img":{"alt_text":"","src":"https:\/\/i0.wp.com\/www.labozero.org\/wp-content\/uploads\/2018\/11\/dscn9978-150x150.jpg?resize=350%2C200&ssl=1","width":350,"height":200,"srcset":"https:\/\/i0.wp.com\/www.labozero.org\/wp-content\/uploads\/2018\/11\/dscn9978-150x150.jpg?resize=350%2C200&ssl=1 1x, https:\/\/i0.wp.com\/www.labozero.org\/wp-content\/uploads\/2018\/11\/dscn9978-150x150.jpg?resize=525%2C300&ssl=1 1.5x, https:\/\/i0.wp.com\/www.labozero.org\/wp-content\/uploads\/2018\/11\/dscn9978-150x150.jpg?resize=700%2C400&ssl=1 2x, https:\/\/i0.wp.com\/www.labozero.org\/wp-content\/uploads\/2018\/11\/dscn9978-150x150.jpg?resize=1050%2C600&ssl=1 3x, https:\/\/i0.wp.com\/www.labozero.org\/wp-content\/uploads\/2018\/11\/dscn9978-150x150.jpg?resize=1400%2C800&ssl=1 4x"},"classes":[]},{"id":207,"url":"https:\/\/www.labozero.org\/index.php\/2018\/10\/22\/merci-a-vous\/","url_meta":{"origin":289,"position":2},"title":"Merci \u00e0 vous !","author":"labozero","date":"22 octobre, 2018","format":false,"excerpt":"Quelle journ\u00e9e, quelle belle \u00e9nergie et que de g\u00e9n\u00e9rosit\u00e9 ! Nous avons f\u00eat\u00e9 dignement la premi\u00e8re tonne de la Gratuiterie, l'\u00e9v\u00e8nement a rassembl\u00e9 plus de 60 personnes sur la journ\u00e9e. Plein de nouveaux curieux\u00a0 qui ont d\u00e9couvert le lieu mais aussi les habitu\u00e9s que nous avons beaucoup de plaisir\u00a0 retrouver\u2026","rel":"","context":"Dans &quot;Non class\u00e9&quot;","block_context":{"text":"Non class\u00e9","link":"https:\/\/www.labozero.org\/index.php\/category\/non-classe\/"},"img":{"alt_text":"","src":"https:\/\/i0.wp.com\/www.labozero.org\/wp-content\/uploads\/2018\/10\/dscn9971-150x150.jpg?resize=350%2C200&ssl=1","width":350,"height":200,"srcset":"https:\/\/i0.wp.com\/www.labozero.org\/wp-content\/uploads\/2018\/10\/dscn9971-150x150.jpg?resize=350%2C200&ssl=1 1x, https:\/\/i0.wp.com\/www.labozero.org\/wp-content\/uploads\/2018\/10\/dscn9971-150x150.jpg?resize=525%2C300&ssl=1 1.5x, https:\/\/i0.wp.com\/www.labozero.org\/wp-content\/uploads\/2018\/10\/dscn9971-150x150.jpg?resize=700%2C400&ssl=1 2x, https:\/\/i0.wp.com\/www.labozero.org\/wp-content\/uploads\/2018\/10\/dscn9971-150x150.jpg?resize=1050%2C600&ssl=1 3x, https:\/\/i0.wp.com\/www.labozero.org\/wp-content\/uploads\/2018\/10\/dscn9971-150x150.jpg?resize=1400%2C800&ssl=1 4x"},"classes":[]},{"id":408,"url":"https:\/\/www.labozero.org\/index.php\/2018\/12\/15\/demenagement-termine\/","url_meta":{"origin":289,"position":3},"title":"D\u00e9m\u00e9nagement termin\u00e9 !","author":"labozero","date":"15 d\u00e9cembre, 2018","format":false,"excerpt":"Voil\u00e0 le LE\u00d8\u00a0 au 43 bis et ter rue L\u00e9o Lagrange s'est termin\u00e9 Jeudi. Cette aventure a \u00e9t\u00e9 difficile mais incroyable. Nous souhaitons remercier quelques personnes sans qui tout \u00e7a n'aurait sans doute pas eu la m\u00eame saveur : en premier lieu Fran\u00e7ois et D\u00e9borah, nos \"macrobio\" qui avant m\u00eame\u2026","rel":"","context":"Dans &quot;Non class\u00e9&quot;","block_context":{"text":"Non class\u00e9","link":"https:\/\/www.labozero.org\/index.php\/category\/non-classe\/"},"img":{"alt_text":"","src":"https:\/\/i0.wp.com\/www.labozero.org\/wp-content\/uploads\/2018\/12\/DSC_0434-150x150.jpg?resize=350%2C200&ssl=1","width":350,"height":200,"srcset":"https:\/\/i0.wp.com\/www.labozero.org\/wp-content\/uploads\/2018\/12\/DSC_0434-150x150.jpg?resize=350%2C200&ssl=1 1x, https:\/\/i0.wp.com\/www.labozero.org\/wp-content\/uploads\/2018\/12\/DSC_0434-150x150.jpg?resize=525%2C300&ssl=1 1.5x, https:\/\/i0.wp.com\/www.labozero.org\/wp-content\/uploads\/2018\/12\/DSC_0434-150x150.jpg?resize=700%2C400&ssl=1 2x"},"classes":[]},{"id":1541,"url":"https:\/\/www.labozero.org\/index.php\/2020\/05\/11\/deconfinement-pas-pour-nous\/","url_meta":{"origin":289,"position":4},"title":"D\u00e9confinement ?  Pas pour nous !","author":"labozero","date":"11 mai, 2020","format":false,"excerpt":"Bonjour \u00e0 tous ! Bon, vu les infos incoh\u00e9rentes, les mensonges \"en bandes organis\u00e9es\", les contradictions et les v\u00e9rit\u00e9s noy\u00e9es dans la masse, mais surtout notre volont\u00e9 de ne pas vous\/nous mettre en danger, nous d\u00e9cidons rester ferm\u00e9 au public jusqu'\u00e0 nouvel ordre. Cependant Michel propose de vous accompagner dans\u2026","rel":"","context":"Dans &quot;Non class\u00e9&quot;","block_context":{"text":"Non class\u00e9","link":"https:\/\/www.labozero.org\/index.php\/category\/non-classe\/"},"img":{"alt_text":"","src":"https:\/\/i0.wp.com\/www.labozero.org\/wp-content\/uploads\/2020\/05\/P5111170.jpg?resize=350%2C200&ssl=1","width":350,"height":200,"srcset":"https:\/\/i0.wp.com\/www.labozero.org\/wp-content\/uploads\/2020\/05\/P5111170.jpg?resize=350%2C200&ssl=1 1x, https:\/\/i0.wp.com\/www.labozero.org\/wp-content\/uploads\/2020\/05\/P5111170.jpg?resize=525%2C300&ssl=1 1.5x, https:\/\/i0.wp.com\/www.labozero.org\/wp-content\/uploads\/2020\/05\/P5111170.jpg?resize=700%2C400&ssl=1 2x, https:\/\/i0.wp.com\/www.labozero.org\/wp-content\/uploads\/2020\/05\/P5111170.jpg?resize=1050%2C600&ssl=1 3x"},"classes":[]},{"id":721,"url":"https:\/\/www.labozero.org\/index.php\/2019\/04\/14\/les-premieres-photos\/","url_meta":{"origin":289,"position":5},"title":"Les premi\u00e8res photos&#8230;","author":"labozero","date":"14 avril, 2019","format":false,"excerpt":"Bonjour \u00e0 vous ! \u00a0 Voil\u00e0 une semaine que nous nous sommes install\u00e9s dans un nouveau b\u00e2timent, \u00e0 Pantin. Ce lieu, appartenant \u00e0 l'\u00e9tablissement public foncier d'ile de france \u00e9tait visiblement \u00e0 l'abandon depuis pas mal de temps et vu que les institutions ne sont toujours pas d\u00e9cid\u00e9es \u00e0 accompagner\u2026","rel":"","context":"Dans &quot;Non class\u00e9&quot;","block_context":{"text":"Non class\u00e9","link":"https:\/\/www.labozero.org\/index.php\/category\/non-classe\/"},"img":{"alt_text":"","src":"https:\/\/i0.wp.com\/www.labozero.org\/wp-content\/uploads\/2019\/04\/dsc_1320_lr-150x150.jpg?resize=350%2C200&ssl=1","width":350,"height":200,"srcset":"https:\/\/i0.wp.com\/www.labozero.org\/wp-content\/uploads\/2019\/04\/dsc_1320_lr-150x150.jpg?resize=350%2C200&ssl=1 1x, https:\/\/i0.wp.com\/www.labozero.org\/wp-content\/uploads\/2019\/04\/dsc_1320_lr-150x150.jpg?resize=525%2C300&ssl=1 1.5x"},"classes":[]}],"jetpack_shortlink":"https:\/\/wp.me\/pbPs9A-4F","jetpack_sharing_enabled":true,"_links":{"self":[{"href":"https:\/\/www.labozero.org\/index.php\/wp-json\/wp\/v2\/posts\/289","targetHints":{"allow":["GET"]}}],"collection":[{"href":"https:\/\/www.labozero.org\/index.php\/wp-json\/wp\/v2\/posts"}],"about":[{"href":"https:\/\/www.labozero.org\/index.php\/wp-json\/wp\/v2\/types\/post"}],"author":[{"embeddable":true,"href":"https:\/\/www.labozero.org\/index.php\/wp-json\/wp\/v2\/users\/2"}],"replies":[{"embeddable":true,"href":"https:\/\/www.labozero.org\/index.php\/wp-json\/wp\/v2\/comments?post=289"}],"version-history":[{"count":0,"href":"https:\/\/www.labozero.org\/index.php\/wp-json\/wp\/v2\/posts\/289\/revisions"}],"wp:attachment":[{"href":"https:\/\/www.labozero.org\/index.php\/wp-json\/wp\/v2\/media?parent=289"}],"wp:term":[{"taxonomy":"category","embeddable":true,"href":"https:\/\/www.labozero.org\/index.php\/wp-json\/wp\/v2\/categories?post=289"},{"taxonomy":"post_tag","embeddable":true,"href":"https:\/\/www.labozero.org\/index.php\/wp-json\/wp\/v2\/tags?post=289"}],"curies":[{"name":"wp","href":"https:\/\/api.w.org\/{rel}","templated":true}]}}