{"id":2225,"date":"2021-07-08T20:13:17","date_gmt":"2021-07-08T18:13:17","guid":{"rendered":"https:\/\/www.labozero.org\/?p=2225"},"modified":"2021-07-08T20:13:17","modified_gmt":"2021-07-08T18:13:17","slug":"a-vos-agendas-et-vos-outils","status":"publish","type":"post","link":"https:\/\/www.labozero.org\/index.php\/2021\/07\/08\/a-vos-agendas-et-vos-outils\/","title":{"rendered":"A vos agendas et vos outils !"},"content":{"rendered":"\n<p class=\"wp-block-paragraph\">Les semaines sont charg\u00e9es en ce moment, peu d&rsquo;activit\u00e9s sont visibles mais le LE\u00d8 est plus que jamais une ruche pleine de vie : des accueils de mamans, des distributions alimentaires, des colis de v\u00eatements\/jouets\/produits d\u2019hygi\u00e8ne, des r\u00e9cups g\u00e9antes, des r\u00e9parations, de la couture, des accueils de r\u00e9unions, des pr\u00e9pas de maraudes, des nouveaux partenariats, du compost \u00e0 n&rsquo;en plus finir et des projets, plein de projets&#8230; <\/p>\n\n\n\n<p class=\"wp-block-paragraph\">Pour les mettre en \u0153uvre et parler aussi de vos envies, nous vous donnons :<\/p>\n\n\n\n<p class=\"has-text-align-center wp-block-paragraph\">RDV le Dimanche 25 Juillet entre 14 et 21h pour pr\u00e9parer l\u2019avenir du LE\u00d8. <\/p>\n\n\n\n<p class=\"wp-block-paragraph\">L&rsquo;id\u00e9e est de construire ensemble ces (presque) 2 ans qu&rsquo;il nous reste \u00e0 Pantin en proposant une grande apr\u00e8s midi de travail collectif pour red\u00e9finir la charte d&rsquo;occupation, l&rsquo;espace, les ateliers, les orientations&#8230;<\/p>\n\n\n\n<div class=\"wp-block-jetpack-tiled-gallery aligncenter is-style-rectangular\"><div class=\"tiled-gallery__gallery\"><div class=\"tiled-gallery__row\"><div class=\"tiled-gallery__col\" style=\"flex-basis:33.33588%\"><figure class=\"tiled-gallery__item\"><img decoding=\"async\" alt=\"\" data-height=\"2560\" data-id=\"2229\" data-link=\"https:\/\/www.labozero.org\/?attachment_id=2229\" data-url=\"https:\/\/www.labozero.org\/wp-content\/uploads\/2021\/07\/20210708_100318-scaled.jpg\" data-width=\"1920\" src=\"https:\/\/i1.wp.com\/www.labozero.org\/wp-content\/uploads\/2021\/07\/20210708_100318-scaled.jpg?ssl=1\" data-amp-layout=\"responsive\"\/><\/figure><\/div><div class=\"tiled-gallery__col\" style=\"flex-basis:33.34551%\"><figure class=\"tiled-gallery__item\"><img decoding=\"async\" alt=\"\" data-height=\"2302\" data-id=\"2230\" data-link=\"https:\/\/www.labozero.org\/?attachment_id=2230\" data-url=\"https:\/\/www.labozero.org\/wp-content\/uploads\/2021\/07\/20210708_100528.jpg\" data-width=\"1727\" src=\"https:\/\/i1.wp.com\/www.labozero.org\/wp-content\/uploads\/2021\/07\/20210708_100528.jpg?ssl=1\" data-amp-layout=\"responsive\"\/><\/figure><\/div><div class=\"tiled-gallery__col\" style=\"flex-basis:33.31861%\"><figure class=\"tiled-gallery__item\"><img decoding=\"async\" alt=\"\" data-height=\"1925\" data-id=\"2231\" data-link=\"https:\/\/www.labozero.org\/?attachment_id=2231\" data-url=\"https:\/\/www.labozero.org\/wp-content\/uploads\/2021\/07\/20210708_101807.jpg\" data-width=\"1443\" src=\"https:\/\/i2.wp.com\/www.labozero.org\/wp-content\/uploads\/2021\/07\/20210708_101807.jpg?ssl=1\" data-amp-layout=\"responsive\"\/><\/figure><\/div><\/div><\/div><\/div>\n\n\n\n<p class=\"wp-block-paragraph\">Toutes les id\u00e9es sont bienvenues \u00e0 condition  qu&rsquo;elles entrent dans le cadre du LE\u00d8; c&rsquo;est \u00e0 dire des activit\u00e9s non marchandes, \u00e9cologiques, solidaires et d&rsquo;\u00e9ducation populaire.<\/p>\n\n\n\n<p class=\"wp-block-paragraph\">Nous vous demandons de pr\u00e9parer votre venue en r\u00e9fl\u00e9chissant aux deux questions qui seront pos\u00e9es lors du rapide tour de table qui d\u00e9butera la journ\u00e9e :<\/p>\n\n\n\n<p class=\"wp-block-paragraph\">&#8211; De quoi r\u00eavez vous pour ces deux prochaines ann\u00e9es au LE\u00d8 ?<\/p>\n\n\n\n<p class=\"wp-block-paragraph\">-Comment voulez-vous ou pouvez-vous vous engager dans la vie du LE\u00d8 ? <\/p>\n\n\n\n<p class=\"wp-block-paragraph\">Puis nous encha\u00eenerons sur une semaine de colo\/bricolo. Une semaine de chantiers participatifs avec possibilit\u00e9 d&rsquo;h\u00e9bergement (les minis humains et animaux canins doivent rester dans leurs maisons). Au programme : rangement, nettoyage, d\u00e9m\u00e9nagements, d\u00e9co, plomberie&#8230; et aussi ce que vous aurez envie de faire !<\/p>\n\n\n\n<p class=\"wp-block-paragraph\">Pour pouvoir anticiper tout \u00e7a, nous vous demandons de vous inscrire <a data-id=\"https:\/\/framadate.org\/LRjp7xrV42m32e78\" data-type=\"URL\" href=\"https:\/\/framadate.org\/LRjp7xrV42m32e78\">ICI<\/a><\/p>\n\n\n\n<p class=\"wp-block-paragraph\">Pour le reste, la vie continue :<\/p>\n\n\n\n<p class=\"wp-block-paragraph\">Jeudi :<\/p>\n\n\n\n<p class=\"wp-block-paragraph\">11\/16h : distribution de R\u00e9sistance Solidaire, ils\/elles ont besoin de bras pour trier et distribuer de la nourriture (si vous \u00eates dispo, pr\u00e9venez-nous par mail : leo@lamachine.org)<\/p>\n\n\n\n<p class=\"wp-block-paragraph\">18h : AMAP des 4 chemins. Aujourd&rsquo;hui c&rsquo;\u00e9tait la distrib&rsquo; de la commande de vin et riz bio en direct du producteur ! Pour plus d\u2019infos : contactez stefiedog@gmail.com<\/p>\n\n\n\n<div class=\"wp-block-jetpack-tiled-gallery aligncenter is-style-circle\"><div class=\"tiled-gallery__gallery\"><div class=\"tiled-gallery__row columns-1\"><div class=\"tiled-gallery__col\"><figure class=\"tiled-gallery__item\"><img decoding=\"async\" alt=\"\" data-height=\"1920\" data-id=\"2233\" data-link=\"https:\/\/www.labozero.org\/?attachment_id=2233\" data-url=\"https:\/\/www.labozero.org\/wp-content\/uploads\/2021\/07\/IMG-6134-1-scaled.jpg\" data-width=\"2560\" src=\"https:\/\/i1.wp.com\/www.labozero.org\/wp-content\/uploads\/2021\/07\/IMG-6134-1-scaled.jpg?ssl=1&amp;resize=1920%2C1920\" data-amp-layout=\"responsive\"\/><\/figure><\/div><\/div><\/div><\/div>\n\n\n\n<p class=\"wp-block-paragraph\">Samedi :<\/p>\n\n\n\n<p class=\"wp-block-paragraph\">RDV \u00e0 la friche Ulysse au 1 rue Bouquet \u00e0 Noisy-le-Sec pour la <strong>Gratuiterie Ambulante<\/strong> (nous ne prenons toujours pas les dons) et le <strong>Cin\u00e9ma \u00e0 P\u00e9dales<\/strong> entre 15h et 17h.<\/p>\n\n\n\n<p class=\"wp-block-paragraph\">UNIQUEMENT LORSQUE LE TEMPS EST BEAU<\/p>\n\n\n\n<p class=\"wp-block-paragraph\"><\/p>\n\n\n\n<p class=\"wp-block-paragraph\">Puis dimanche \u00e0 Pantin 3 RDV :<\/p>\n\n\n\n<p class=\"wp-block-paragraph\"><strong>L\u2019atelier couture \u00d8d\u00e9chet<\/strong> avec St\u00e9phanie (pr\u00e9venez de votre venue \u00e0 stefiedog@gmail.com). 15h\/17h.<\/p>\n\n\n\n<p class=\"wp-block-paragraph\"><strong>L\u2019atelier d\u2019auto-r\u00e9paration et de construction<\/strong> avec Michel entre 15h et 17h, pr\u00e9venez-le \u00e0 michel@lamachine.org<\/p>\n\n\n\n<p class=\"wp-block-paragraph\"><strong>La collecte solidaire du dimanche<\/strong> 15h\/17h avec les besoins suivants :<\/p>\n\n\n\n<p class=\"wp-block-paragraph\">*Petit mat\u00e9riel informatique m\u00eame en panne : ordis portables, t\u00e9l\u00e9phones, tablettes.<\/p>\n\n\n\n<p class=\"wp-block-paragraph\">*Portes BB, \u00e9charpes, poussettes, lits parapluie\u2026 <strong>Urgence poussette double naissance !<\/strong><\/p>\n\n\n\n<p class=\"wp-block-paragraph\">*Doudous en tr\u00e8s bon \u00e9tat<\/p>\n\n\n\n<p class=\"wp-block-paragraph\">*Produits d\u2019hygi\u00e8ne : liniment, cotons\/carr\u00e9s, serum phy\u2026<\/p>\n\n\n\n<p class=\"wp-block-paragraph\">*Lait maternis\u00e9 et petits pots (sans viande de pr\u00e9f\u00e9rence)<\/p>\n\n\n\n<p class=\"wp-block-paragraph\">*Biberons et t\u00e9tines en tr\u00e8s bon \u00e9tat<\/p>\n\n\n\n<p class=\"wp-block-paragraph\">*<strong>Turbulettes ++++++ <\/strong>et petites couvertures<\/p>\n\n\n\n<p class=\"wp-block-paragraph\">*V\u00eatements enfants 2\/3\/4 ans uniquement<\/p>\n\n\n\n<p class=\"wp-block-paragraph\">*V\u00eatements femme T 44 et plus.<\/p>\n\n\n\n<p class=\"wp-block-paragraph\">*Vaisselle, casseroles&#8230;<\/p>\n\n\n\n<p class=\"wp-block-paragraph\">*Linge de maison : draps, serviettes de toilette, nappes&#8230;<\/p>\n\n\n\n<p class=\"wp-block-paragraph\">*Grands tissus<\/p>\n\n\n\n<p class=\"wp-block-paragraph\">N\u2019oubliez pas notre boite \u00e0 livres \u00e0 Pantin qui est ouverte 24\/24 et remplie r\u00e9guli\u00e8rement par nos soins.<\/p>\n\n\n\n<p class=\"wp-block-paragraph\"><\/p>\n","protected":false},"excerpt":{"rendered":"<p>Les semaines sont charg\u00e9es en ce moment, peu d&rsquo;activit\u00e9s sont visibles mais le LE\u00d8 est plus que jamais une ruche pleine de vie : des accueils de mamans, des distributions alimentaires, des colis de v\u00eatements\/jouets\/produits d\u2019hygi\u00e8ne, des r\u00e9cups g\u00e9antes, des r\u00e9parations, de la couture, des accueils de r\u00e9unions, des pr\u00e9pas de maraudes, des nouveaux partenariats, du compost \u00e0 n&rsquo;en plus finir et des projets, plein de projets&#8230; Pour les mettre en \u0153uvre et parler aussi de vos envies, nous vous donnons : RDV le Dimanche 25 Juillet entre 14 et 21h pour pr\u00e9parer l\u2019avenir du LE\u00d8. L&rsquo;id\u00e9e est de construire ensemble ces (presque) 2 ans qu&rsquo;il nous reste \u00e0 Pantin en proposant une grande apr\u00e8s midi de travail collectif pour red\u00e9finir la charte d&rsquo;occupation, l&rsquo;espace, les ateliers, les orientations&#8230; Toutes les id\u00e9es sont bienvenues \u00e0 condition qu&rsquo;elles entrent dans le cadre du LE\u00d8; c&rsquo;est \u00e0 dire des activit\u00e9s non marchandes, \u00e9cologiques, solidaires et d&rsquo;\u00e9ducation populaire. Nous vous demandons de pr\u00e9parer votre venue en r\u00e9fl\u00e9chissant aux deux questions qui seront pos\u00e9es lors du rapide tour de table qui d\u00e9butera la journ\u00e9e : &#8211; De quoi r\u00eavez vous pour ces deux prochaines ann\u00e9es au LE\u00d8 ? -Comment voulez-vous ou pouvez-vous vous engager dans la vie du LE\u00d8 ? Puis nous encha\u00eenerons sur une semaine de colo\/bricolo. Une semaine de chantiers participatifs avec possibilit\u00e9 d&rsquo;h\u00e9bergement (les minis humains et animaux canins doivent rester dans leurs maisons). Au programme : rangement, nettoyage, d\u00e9m\u00e9nagements, d\u00e9co, plomberie&#8230; et aussi ce que vous aurez envie de faire ! Pour pouvoir anticiper tout \u00e7a, nous vous demandons de vous inscrire ICI Pour le reste, la vie continue : Jeudi : 11\/16h : distribution de R\u00e9sistance Solidaire, ils\/elles ont besoin de bras pour trier et distribuer de la nourriture (si vous \u00eates dispo, pr\u00e9venez-nous par mail : leo@lamachine.org) 18h : AMAP des 4 chemins. Aujourd&rsquo;hui c&rsquo;\u00e9tait la distrib&rsquo; de la commande de vin et riz bio en direct du producteur ! Pour plus d\u2019infos : contactez stefiedog@gmail.com Samedi : RDV \u00e0 la friche Ulysse au 1 rue Bouquet \u00e0 Noisy-le-Sec pour la Gratuiterie Ambulante (nous ne prenons toujours pas les dons) et le Cin\u00e9ma \u00e0 P\u00e9dales entre 15h et 17h. UNIQUEMENT LORSQUE LE TEMPS EST BEAU Puis dimanche \u00e0 Pantin 3 RDV : L\u2019atelier couture \u00d8d\u00e9chet avec St\u00e9phanie (pr\u00e9venez de votre venue \u00e0 stefiedog@gmail.com). 15h\/17h. L\u2019atelier d\u2019auto-r\u00e9paration et de construction avec Michel entre 15h et 17h, pr\u00e9venez-le \u00e0 michel@lamachine.org La collecte solidaire du dimanche 15h\/17h avec les besoins suivants : *Petit mat\u00e9riel informatique m\u00eame en panne : ordis portables, t\u00e9l\u00e9phones, tablettes. *Portes BB, \u00e9charpes, poussettes, lits parapluie\u2026 Urgence poussette double naissance ! *Doudous en tr\u00e8s bon \u00e9tat *Produits d\u2019hygi\u00e8ne : liniment, cotons\/carr\u00e9s, serum phy\u2026 *Lait maternis\u00e9 et petits pots (sans viande de pr\u00e9f\u00e9rence) *Biberons et t\u00e9tines en tr\u00e8s bon \u00e9tat *Turbulettes ++++++ et petites couvertures *V\u00eatements enfants 2\/3\/4 ans uniquement *V\u00eatements femme T 44 et plus. *Vaisselle, casseroles&#8230; *Linge de maison : draps, serviettes de toilette, nappes&#8230; *Grands tissus N\u2019oubliez pas notre boite \u00e0 livres \u00e0 Pantin qui est ouverte 24\/24 et remplie r\u00e9guli\u00e8rement par nos soins.<\/p>\n","protected":false},"author":2,"featured_media":2228,"comment_status":"open","ping_status":"open","sticky":false,"template":"","format":"standard","meta":{"rop_custom_images_group":[],"rop_custom_messages_group":[],"rop_publish_now":"initial","rop_publish_now_accounts":[],"rop_publish_now_history":[],"rop_publish_now_status":"pending","_themeisle_gutenberg_block_has_review":false,"footnotes":""},"categories":[1],"tags":[],"class_list":["post-2225","post","type-post","status-publish","format-standard","has-post-thumbnail","hentry","category-non-classe"],"jetpack_featured_media_url":"https:\/\/www.labozero.org\/wp-content\/uploads\/2021\/07\/20210708_100243-scaled.jpg","_links":{"self":[{"href":"https:\/\/www.labozero.org\/index.php\/wp-json\/wp\/v2\/posts\/2225","targetHints":{"allow":["GET"]}}],"collection":[{"href":"https:\/\/www.labozero.org\/index.php\/wp-json\/wp\/v2\/posts"}],"about":[{"href":"https:\/\/www.labozero.org\/index.php\/wp-json\/wp\/v2\/types\/post"}],"author":[{"embeddable":true,"href":"https:\/\/www.labozero.org\/index.php\/wp-json\/wp\/v2\/users\/2"}],"replies":[{"embeddable":true,"href":"https:\/\/www.labozero.org\/index.php\/wp-json\/wp\/v2\/comments?post=2225"}],"version-history":[{"count":4,"href":"https:\/\/www.labozero.org\/index.php\/wp-json\/wp\/v2\/posts\/2225\/revisions"}],"predecessor-version":[{"id":2236,"href":"https:\/\/www.labozero.org\/index.php\/wp-json\/wp\/v2\/posts\/2225\/revisions\/2236"}],"wp:featuredmedia":[{"embeddable":true,"href":"https:\/\/www.labozero.org\/index.php\/wp-json\/wp\/v2\/media\/2228"}],"wp:attachment":[{"href":"https:\/\/www.labozero.org\/index.php\/wp-json\/wp\/v2\/media?parent=2225"}],"wp:term":[{"taxonomy":"category","embeddable":true,"href":"https:\/\/www.labozero.org\/index.php\/wp-json\/wp\/v2\/categories?post=2225"},{"taxonomy":"post_tag","embeddable":true,"href":"https:\/\/www.labozero.org\/index.php\/wp-json\/wp\/v2\/tags?post=2225"}],"curies":[{"name":"wp","href":"https:\/\/api.w.org\/{rel}","templated":true}]}}