{"id":2104,"date":"2021-04-24T12:40:29","date_gmt":"2021-04-24T10:40:29","guid":{"rendered":"https:\/\/www.labozero.org\/?p=2104"},"modified":"2021-04-24T12:53:53","modified_gmt":"2021-04-24T10:53:53","slug":"le-leo-en-danger-rdv-le-20-mai","status":"publish","type":"post","link":"https:\/\/www.labozero.org\/index.php\/2021\/04\/24\/le-leo-en-danger-rdv-le-20-mai\/","title":{"rendered":"Le LE\u00d8 en danger ! RDV le 20 Mai"},"content":{"rendered":"\n<figure class=\"wp-block-image size-large is-style-rounded\"><img loading=\"lazy\" decoding=\"async\" width=\"768\" height=\"1024\" src=\"https:\/\/www.labozero.org\/wp-content\/uploads\/2021\/04\/176738358_918928072256556_8286890253936935234_n-768x1024.jpg\" alt=\"\" class=\"wp-image-2111\" srcset=\"https:\/\/www.labozero.org\/wp-content\/uploads\/2021\/04\/176738358_918928072256556_8286890253936935234_n-768x1024.jpg 768w, https:\/\/www.labozero.org\/wp-content\/uploads\/2021\/04\/176738358_918928072256556_8286890253936935234_n-225x300.jpg 225w, https:\/\/www.labozero.org\/wp-content\/uploads\/2021\/04\/176738358_918928072256556_8286890253936935234_n-1152x1536.jpg 1152w, https:\/\/www.labozero.org\/wp-content\/uploads\/2021\/04\/176738358_918928072256556_8286890253936935234_n.jpg 1296w\" sizes=\"auto, (max-width: 768px) 100vw, 768px\" \/><\/figure>\n\n\n\n<p class=\"has-text-align-justify\">Nous, membres du LE\u00d8, Laboratoire Ecologique Z\u00e9ro d\u00e9chet, occupons depuis plus de deux ans un b\u00e2timent industriel laiss\u00e9 \u00e0 l\u2019abandon au 20 avenue Edouard Vaillant \u00e0 Pantin. L\u2019EPFIDF (Etablissement public Foncier d\u2019\u00cele de France), propri\u00e9taire des lieux, nous a intent\u00e9 un proc\u00e8s l\u2019ann\u00e9e derni\u00e8re. Un jugement in\u00e9dit en notre faveur en a d\u00e9coul\u00e9, nous donnant la jouissance du b\u00e2timent durant 3 ans et demi.L&rsquo;EPFIDF a choisi de faire appel de cette d\u00e9cision et nous devons retourner au tribunal le 20 mai pour d\u00e9fendre notre projet.<\/p>\n\n\n\n<p class=\"has-text-align-justify\"><br>Cela fait presque 5 ans que nous sollicitons \u00e9lu.es et collectivit\u00e9s afin d&rsquo;avoir un lieu pour exercer notre activit\u00e9. Faute de r\u00e9ponses concr\u00e8tes nous avons choisi de r\u00e9quisitionner des b\u00e2timents vides pour pouvoir mettre en \u0153uvre notre projet \u00e9cologique et solidaire.<\/p>\n\n\n\n<p class=\"has-text-align-justify\"><br>Nous avons choisi d\u00e9lib\u00e9r\u00e9ment de quitter le confort de notre ancienne vie tant l&rsquo;urgence d&rsquo;agir nous est apparu \u00e9vidente. Nous avons en pleine conscience pris des risques humains, judiciaires et financiers pour d\u00e9fendre le vivant dans son ensemble, notre engagement est total.<\/p>\n\n\n\n<p class=\"has-text-align-justify\"><br>Cependant nos activit\u00e9s sont telles, qu&rsquo;\u00e0 ce jour nous ne pouvons plus nous permettre de les poursuivre sans soutien actif de la part des collectivit\u00e9s, et surtout dans des lieux pr\u00e9caires. Nous stockons l&rsquo;\u00e9quivalent de dizaines milliers d&rsquo;euros de mat\u00e9riel de premi\u00e8re n\u00e9cessit\u00e9, nos activit\u00e9s quotidiennes nous demandent toute notre \u00e9nergie et ne nous permettent plus d&rsquo;affronter la brutalit\u00e9 et le stress li\u00e9s \u00e0 l&rsquo;ouverture et \u00e0 l&rsquo;installation d&rsquo;un nouveau squat.<br><\/p>\n\n\n\n<p class=\"has-text-align-center\">Pour r\u00e9sumer, sans solution, le LE\u00d8 fermera.<\/p>\n\n\n\n<p class=\"has-text-align-justify\"><br>Nos actions sont multiples, inclusives, r\u00e9fl\u00e9chies, document\u00e9es, elles s&rsquo;ancrent dans le territoire en grande difficult\u00e9 qu&rsquo;est la Seine-st-Denis, elles sont accessibles gratuitement ou \u00e0 prix libre pour toutes et tous.<\/p>\n\n\n\n<p class=\"has-text-align-justify\"><br>Aujourd&rsquo;hui, le LE\u00d8 propose :<\/p>\n\n\n\n<p class=\"has-text-align-justify\"><br>\u2022 un atelier d&rsquo;auto-r\u00e9paration et de construction ainsi qu&rsquo;une mat\u00e9riau-<br>th\u00e8que gratuite<br>\u2022 un atelier couture \u00d8d\u00e9chet<br>\u2022 une cantine v\u00e9g\u00e9tale \u00e0 prix libre<br>\u2022 des actions de compostages exp\u00e9rimentales<br>\u2022 des actions de renaturation dans deux friches<br>\u2022 une Gratuiterie = ressourcerie gratuite<br>\u2022 des dons de colis alimentaires et vestimentaires, des dons<br>d\u2019\u00e9lectrom\u00e9nager, meubles, vaisselle\u2026 pour des familles d\u00e9munies (env<br>70-100 colis\/mois)<br>\u2022 de l&rsquo;h\u00e9bergement d&rsquo;urgence et de l&rsquo;accompagnement individuel pour les<br>femmes et mineurs isol\u00e9s<br>\u2022 une plateforme logistique de dons de produits d\u2019hygi\u00e8ne qui nous sont<br>confi\u00e9s par Action contre la faim pour \u00eatre redistribu\u00e9s aux petites<br>associations du 93.<\/p>\n\n\n\n<p class=\"has-text-align-justify\">\u2022 une \u00e9tude ethno-photographique r\u00e9alis\u00e9e par un sociologue depuis 3 ans<br>avec la sortie d&rsquo;un livre en Juin 2020.<br>\u2022 un lieu de vie ouvert sur le quartier avec des projections, spectacles,<br>d\u00e9bats, conf\u00e9rences, stockages, ateliers, r\u00e9unions\u2026.<br><\/p>\n\n\n\n<p class=\"has-text-align-justify\">Mais aussi via des associations partenaires et des professionnel.les engag\u00e9.es \u00e0 nos c\u00f4t\u00e9s :<\/p>\n\n\n\n<p class=\"has-text-align-justify\"><br>\u2022 des cours de fran\u00e7ais pour les femmes<br>\u2022 des ateliers parentalit\u00e9<br>\u2022 ateliers et groupes de paroles pour les femmes\/m\u00e8res<br>\u2022 des ateliers boxe en non mixit\u00e9<br>\u2022 des ateliers d&rsquo;auto-d\u00e9fense f\u00e9ministes<br>\u2022 des distributions alimentaires<br>\u2022 des ateliers low-tech<br>\u2022 une Amap et sa coop\u00e9rative d&rsquo;achats de produits secs<br>\u2022 des ateliers crochet \u00d8d\u00e9chet<br>\u2022 des ateliers s\u00e9rigraphie<br>\u2022 des ateliers soudure<br><\/p>\n\n\n\n<p class=\"has-text-align-justify\">Tout cela entre pleinement dans ce que d\u00e9fendent et revendiquent les collectivit\u00e9s : des actions \u00e9cologiques accessibles \u00e0 toutes et tous, une r\u00e9duction cons\u00e9quente des d\u00e9chets et une sensibilisation du public, des ateliers et espaces de rencontre de quartier inclusifs avec une tr\u00e8s grande mixit\u00e9 sociale, une solidarit\u00e9 de terrain efficace et qui ne co\u00fbte rien aux institutions.<br><\/p>\n\n\n\n<p class=\"has-text-align-justify\">Aujourd&rsquo;hui notre association a cr\u00e9\u00e9 un solide r\u00e9seau de partenaires et agit avec eux pour la pr\u00e9servation de la biodiversit\u00e9, la renaturation et la d\u00e9sartificialisation des sols, le recyclage, la r\u00e9paration, le r\u00e9emploi, la r\u00e9duction des d\u00e9chets.                                                Un r\u00e9seau \u00e9galement d\u2019associations solidaires, de professionnel.les du m\u00e9dico- social, d&rsquo;ONG, de chercheur.euses qui travaillent au quotidien avec nous.<br>Des dizaines d&rsquo;acteurs institutionnels nous reconnaissent comme partenaires de confiance et bienveillants et nous sollicitent pour venir en aide aux personnes vuln\u00e9rables.<br><\/p>\n\n\n\n<p class=\"has-text-align-justify\">Nous pensons que notre association a toute sa place en Seine-Saint-Denis et encore plus en cette p\u00e9riode tr\u00e8s difficile. Notre connaissance du terrain, des associations, notre connexion aux besoins r\u00e9els de la population et notre r\u00e9seau sont une vraie valeur ajout\u00e9e pour le territoire qui nous accueillera.<br><\/p>\n\n\n\n<p class=\"has-text-align-justify\">Cependant, nous sommes inquiet\/es :<br><\/p>\n\n\n\n<p class=\"has-text-align-justify\">Le nouveau jugement risque d\u2019\u00eatre seulement motiv\u00e9 par la volont\u00e9 de r\u00e9primer les personnes qui occupent et valorisent des b\u00e2timents inoccup\u00e9s, alors que leurs propri\u00e9taires se contentent d\u2019enfermer du vide pour les besoins de la sp\u00e9culation immobili\u00e8re.<br><\/p>\n\n\n\n<p class=\"has-text-align-justify\">\u00c0 ce jour le LE\u00d8 n\u2019a aucune solution de repli. Nous ne pouvons pas d\u00e9m\u00e9nager dans un endroit pr\u00e9caire tout en maintenant nos activit\u00e9s.<br><\/p>\n\n\n\n<p class=\"has-text-align-center\">Mais nous allons nous battre ! <\/p>\n\n\n\n<p class=\"has-text-align-justify\">Pour nos ancien\u2022es et futur\u2022es b\u00e9n\u00e9ficiaires, pour nos b\u00e9n\u00e9voles, pour nos ami\u2022es, pour les b\u00e9b\u00e9es n\u00e9es au LE\u00d8 et leurs mamans, pour les perdu\/es, pour les r\u00eaveur\u2022ses, pour celles et ceux qui luttent et toutes les personnes aspirant \u00e0 la solidarit\u00e9.<br><\/p>\n\n\n\n<p class=\"has-text-align-justify\">Nous avons donc besoin d\u2019un \u00e9cho m\u00e9diatique pour que notre combat soit visible et entendu, et d\u2019un soutien politique pour que nos actions soient p\u00e9rennis\u00e9es. Nous avons besoin de contacts chez les am\u00e9nageurs\/bailleurs, des propri\u00e9taires de friches ou de b\u00e2timents publics ou priv\u00e9s qui pourraient \u00eatre conventionn\u00e9s, et pourquoi pas d\u2019un contact bienveillant \u00e0 l\u2019EPFIDF pour qu\u2019enfin ces derniers r\u00e9pondent \u00e0 nos demandes de n\u00e9gociations.<br><\/p>\n\n\n\n<p class=\"has-text-align-justify\">Nous avons aussi besoin de vous le jeudi 20 mai pour nous soutenir, nous vous en dirons plus tr\u00e8s vite. En attendant vous pouvez caler un RTT, pr\u00e9parer vos plus belles banderoles, r\u00e9p\u00e9ter ou inventer des chants, des jeux ou tout autre joyeuset\u00e9s flamboyantes, pacifistes et bienveillantes !<br><\/p>\n\n\n\n<p class=\"has-text-align-center\">\u00ab Tout ce qui n&rsquo;aura pas \u00e9t\u00e9 d\u00e9fendu sera d\u00e9truit \u00bb<br><\/p>\n\n\n\n<p class=\"has-text-align-center\">Le LE\u00d8<\/p>\n\n\n\n<figure class=\"wp-block-embed is-type-wp-embed is-provider-peertube wp-block-embed-peertube\"><div class=\"wp-block-embed__wrapper\">\n<iframe loading=\"lazy\" class=\"wp-embedded-content\" sandbox=\"allow-scripts\" security=\"restricted\" title=\"L\u00e9\u00d8 VICTORIEUX !!\" width=\"560\" height=\"315\" src=\"https:\/\/www.yiny.org\/videos\/embed\/aeWrx9dxe6ifWsmkTpZJGe#?secret=2yA8ltH9wO\" data-secret=\"2yA8ltH9wO\"><\/iframe>\n<\/div><figcaption>Vid\u00e9o de pr\u00e9sentation du LE0, r\u00e9alis\u00e9e par Totoro, un grand merci \u00e0 lui !<\/figcaption><\/figure>\n","protected":false},"excerpt":{"rendered":"<p>Nous, membres du LE\u00d8, Laboratoire Ecologique Z\u00e9ro d\u00e9chet, occupons depuis plus de deux ans un b\u00e2timent industriel laiss\u00e9 \u00e0 l\u2019abandon au 20 avenue Edouard Vaillant \u00e0 Pantin. L\u2019EPFIDF (Etablissement public Foncier d\u2019\u00cele de France), propri\u00e9taire des lieux, nous a intent\u00e9 un proc\u00e8s l\u2019ann\u00e9e derni\u00e8re. Un jugement in\u00e9dit en notre faveur en a d\u00e9coul\u00e9, nous donnant la jouissance du b\u00e2timent durant 3 ans et demi.L&rsquo;EPFIDF a choisi de faire appel de cette d\u00e9cision et nous devons retourner au tribunal le 20 mai pour d\u00e9fendre notre projet. Cela fait presque 5 ans que nous sollicitons \u00e9lu.es et collectivit\u00e9s afin d&rsquo;avoir un lieu pour exercer notre activit\u00e9. Faute de r\u00e9ponses concr\u00e8tes nous avons choisi de r\u00e9quisitionner des b\u00e2timents vides pour pouvoir mettre en \u0153uvre notre projet \u00e9cologique et solidaire. Nous avons choisi d\u00e9lib\u00e9r\u00e9ment de quitter le confort de notre ancienne vie tant l&rsquo;urgence d&rsquo;agir nous est apparu \u00e9vidente. Nous avons en pleine conscience pris des risques humains, judiciaires et financiers pour d\u00e9fendre le vivant dans son ensemble, notre engagement est total. Cependant nos activit\u00e9s sont telles, qu&rsquo;\u00e0 ce jour nous ne pouvons plus nous permettre de les poursuivre sans soutien actif de la part des collectivit\u00e9s, et surtout dans des lieux pr\u00e9caires. Nous stockons l&rsquo;\u00e9quivalent de dizaines milliers d&rsquo;euros de mat\u00e9riel de premi\u00e8re n\u00e9cessit\u00e9, nos activit\u00e9s quotidiennes nous demandent toute notre \u00e9nergie et ne nous permettent plus d&rsquo;affronter la brutalit\u00e9 et le stress li\u00e9s \u00e0 l&rsquo;ouverture et \u00e0 l&rsquo;installation d&rsquo;un nouveau squat. Pour r\u00e9sumer, sans solution, le LE\u00d8 fermera. Nos actions sont multiples, inclusives, r\u00e9fl\u00e9chies, document\u00e9es, elles s&rsquo;ancrent dans le territoire en grande difficult\u00e9 qu&rsquo;est la Seine-st-Denis, elles sont accessibles gratuitement ou \u00e0 prix libre pour toutes et tous. Aujourd&rsquo;hui, le LE\u00d8 propose : \u2022 un atelier d&rsquo;auto-r\u00e9paration et de construction ainsi qu&rsquo;une mat\u00e9riau-th\u00e8que gratuite\u2022 un atelier couture \u00d8d\u00e9chet\u2022 une cantine v\u00e9g\u00e9tale \u00e0 prix libre\u2022 des actions de compostages exp\u00e9rimentales\u2022 des actions de renaturation dans deux friches\u2022 une Gratuiterie = ressourcerie gratuite\u2022 des dons de colis alimentaires et vestimentaires, des donsd\u2019\u00e9lectrom\u00e9nager, meubles, vaisselle\u2026 pour des familles d\u00e9munies (env70-100 colis\/mois)\u2022 de l&rsquo;h\u00e9bergement d&rsquo;urgence et de l&rsquo;accompagnement individuel pour lesfemmes et mineurs isol\u00e9s\u2022 une plateforme logistique de dons de produits d\u2019hygi\u00e8ne qui nous sontconfi\u00e9s par Action contre la faim pour \u00eatre redistribu\u00e9s aux petitesassociations du 93. \u2022 une \u00e9tude ethno-photographique r\u00e9alis\u00e9e par un sociologue depuis 3 ansavec la sortie d&rsquo;un livre en Juin 2020.\u2022 un lieu de vie ouvert sur le quartier avec des projections, spectacles,d\u00e9bats, conf\u00e9rences, stockages, ateliers, r\u00e9unions\u2026. Mais aussi via des associations partenaires et des professionnel.les engag\u00e9.es \u00e0 nos c\u00f4t\u00e9s : \u2022 des cours de fran\u00e7ais pour les femmes\u2022 des ateliers parentalit\u00e9\u2022 ateliers et groupes de paroles pour les femmes\/m\u00e8res\u2022 des ateliers boxe en non mixit\u00e9\u2022 des ateliers d&rsquo;auto-d\u00e9fense f\u00e9ministes\u2022 des distributions alimentaires\u2022 des ateliers low-tech\u2022 une Amap et sa coop\u00e9rative d&rsquo;achats de produits secs\u2022 des ateliers crochet \u00d8d\u00e9chet\u2022 des ateliers s\u00e9rigraphie\u2022 des ateliers soudure Tout cela entre pleinement dans ce que d\u00e9fendent et revendiquent les collectivit\u00e9s : des actions \u00e9cologiques accessibles \u00e0 toutes et tous, une r\u00e9duction cons\u00e9quente des d\u00e9chets et une sensibilisation du public, des ateliers et espaces de rencontre de quartier inclusifs avec une tr\u00e8s grande mixit\u00e9 sociale, une solidarit\u00e9 de terrain efficace et qui ne co\u00fbte rien aux institutions. Aujourd&rsquo;hui notre association a cr\u00e9\u00e9 un solide r\u00e9seau de partenaires et agit avec eux pour la pr\u00e9servation de la biodiversit\u00e9, la renaturation et la d\u00e9sartificialisation des sols, le recyclage, la r\u00e9paration, le r\u00e9emploi, la r\u00e9duction des d\u00e9chets. Un r\u00e9seau \u00e9galement d\u2019associations solidaires, de professionnel.les du m\u00e9dico- social, d&rsquo;ONG, de chercheur.euses qui travaillent au quotidien avec nous.Des dizaines d&rsquo;acteurs institutionnels nous reconnaissent comme partenaires de confiance et bienveillants et nous sollicitent pour venir en aide aux personnes vuln\u00e9rables. Nous pensons que notre association a toute sa place en Seine-Saint-Denis et encore plus en cette p\u00e9riode tr\u00e8s difficile. Notre connaissance du terrain, des associations, notre connexion aux besoins r\u00e9els de la population et notre r\u00e9seau sont une vraie valeur ajout\u00e9e pour le territoire qui nous accueillera. Cependant, nous sommes inquiet\/es : Le nouveau jugement risque d\u2019\u00eatre seulement motiv\u00e9 par la volont\u00e9 de r\u00e9primer les personnes qui occupent et valorisent des b\u00e2timents inoccup\u00e9s, alors que leurs propri\u00e9taires se contentent d\u2019enfermer du vide pour les besoins de la sp\u00e9culation immobili\u00e8re. \u00c0 ce jour le LE\u00d8 n\u2019a aucune solution de repli. Nous ne pouvons pas d\u00e9m\u00e9nager dans un endroit pr\u00e9caire tout en maintenant nos activit\u00e9s. Mais nous allons nous battre ! Pour nos ancien\u2022es et futur\u2022es b\u00e9n\u00e9ficiaires, pour nos b\u00e9n\u00e9voles, pour nos ami\u2022es, pour les b\u00e9b\u00e9es n\u00e9es au LE\u00d8 et leurs mamans, pour les perdu\/es, pour les r\u00eaveur\u2022ses, pour celles et ceux qui luttent et toutes les personnes aspirant \u00e0 la solidarit\u00e9. Nous avons donc besoin d\u2019un \u00e9cho m\u00e9diatique pour que notre combat soit visible et entendu, et d\u2019un soutien politique pour que nos actions soient p\u00e9rennis\u00e9es. Nous avons besoin de contacts chez les am\u00e9nageurs\/bailleurs, des propri\u00e9taires de friches ou de b\u00e2timents publics ou priv\u00e9s qui pourraient \u00eatre conventionn\u00e9s, et pourquoi pas d\u2019un contact bienveillant \u00e0 l\u2019EPFIDF pour qu\u2019enfin ces derniers r\u00e9pondent \u00e0 nos demandes de n\u00e9gociations. Nous avons aussi besoin de vous le jeudi 20 mai pour nous soutenir, nous vous en dirons plus tr\u00e8s vite. En attendant vous pouvez caler un RTT, pr\u00e9parer vos plus belles banderoles, r\u00e9p\u00e9ter ou inventer des chants, des jeux ou tout autre joyeuset\u00e9s flamboyantes, pacifistes et bienveillantes ! \u00ab Tout ce qui n&rsquo;aura pas \u00e9t\u00e9 d\u00e9fendu sera d\u00e9truit \u00bb Le LE\u00d8<\/p>\n","protected":false},"author":2,"featured_media":2111,"comment_status":"open","ping_status":"open","sticky":false,"template":"","format":"standard","meta":{"rop_custom_images_group":[],"rop_custom_messages_group":[],"rop_publish_now":"initial","rop_publish_now_accounts":[],"rop_publish_now_history":[],"rop_publish_now_status":"pending","_themeisle_gutenberg_block_has_review":false,"_jetpack_memberships_contains_paid_content":false,"footnotes":""},"categories":[1],"tags":[],"class_list":["post-2104","post","type-post","status-publish","format-standard","has-post-thumbnail","hentry","category-non-classe"],"jetpack_featured_media_url":"https:\/\/www.labozero.org\/wp-content\/uploads\/2021\/04\/176738358_918928072256556_8286890253936935234_n.jpg","jetpack-related-posts":[{"id":2113,"url":"https:\/\/www.labozero.org\/index.php\/2021\/05\/11\/victoire\/","url_meta":{"origin":2104,"position":0},"title":"Victoire !","author":"labozero","date":"11 mai, 2021","format":false,"excerpt":"Depuis quelques temps, la pr\u00e9sence de L\u00e9o se fait de nouveau sentir. Il r\u00f4de et veille aupr\u00e8s de moi comme il l'a toujours fait, la fr\u00e9n\u00e9sie quotidienne m'avait presque fait oublier son absence. Cruelle absence. Pour ce qui ne le savent pas, L\u00e9o s'est vraiment incarn\u00e9, il \u00e9tait passionn\u00e9; attentif,\u2026","rel":"","context":"Dans &quot;Non class\u00e9&quot;","block_context":{"text":"Non class\u00e9","link":"https:\/\/www.labozero.org\/index.php\/category\/non-classe\/"},"img":{"alt_text":"","src":"https:\/\/i0.wp.com\/www.labozero.org\/wp-content\/uploads\/2021\/05\/P1010016.jpg?resize=350%2C200&ssl=1","width":350,"height":200,"srcset":"https:\/\/i0.wp.com\/www.labozero.org\/wp-content\/uploads\/2021\/05\/P1010016.jpg?resize=350%2C200&ssl=1 1x, https:\/\/i0.wp.com\/www.labozero.org\/wp-content\/uploads\/2021\/05\/P1010016.jpg?resize=525%2C300&ssl=1 1.5x, https:\/\/i0.wp.com\/www.labozero.org\/wp-content\/uploads\/2021\/05\/P1010016.jpg?resize=700%2C400&ssl=1 2x, https:\/\/i0.wp.com\/www.labozero.org\/wp-content\/uploads\/2021\/05\/P1010016.jpg?resize=1050%2C600&ssl=1 3x, https:\/\/i0.wp.com\/www.labozero.org\/wp-content\/uploads\/2021\/05\/P1010016.jpg?resize=1400%2C800&ssl=1 4x"},"classes":[]},{"id":6587,"url":"https:\/\/www.labozero.org\/index.php\/2026\/04\/30\/lagenda-de-mai\/","url_meta":{"origin":2104,"position":1},"title":"L&rsquo;agenda de mai","author":"labozero","date":"30 avril, 2026","format":false,"excerpt":"Dimanche 3 mai Balade v\u00e9lo d\u00e9butant.tes sur inscription \u00e0 michel@lamachine.org. RDV \u00e0 10h au LE\u00d8 . Mardi 5 mai Permanence d\u2019acc\u00e8s aux droits \u00e0 Solidarit\u00e9 Jean Merlin. Mercredi 6 mai Gratuiterie \u00e0 la Petite Ruche de 10h \u00e0 12h. Mercredi 6 mai Collecte et Gratuiterie au LE\u00d8 entre 18h et\u2026","rel":"","context":"Dans &quot;Non class\u00e9&quot;","block_context":{"text":"Non class\u00e9","link":"https:\/\/www.labozero.org\/index.php\/category\/non-classe\/"},"img":{"alt_text":"","src":"https:\/\/i0.wp.com\/www.labozero.org\/wp-content\/uploads\/2026\/04\/image-grat.jpeg?resize=350%2C200&ssl=1","width":350,"height":200,"srcset":"https:\/\/i0.wp.com\/www.labozero.org\/wp-content\/uploads\/2026\/04\/image-grat.jpeg?resize=350%2C200&ssl=1 1x, https:\/\/i0.wp.com\/www.labozero.org\/wp-content\/uploads\/2026\/04\/image-grat.jpeg?resize=525%2C300&ssl=1 1.5x, https:\/\/i0.wp.com\/www.labozero.org\/wp-content\/uploads\/2026\/04\/image-grat.jpeg?resize=700%2C400&ssl=1 2x, https:\/\/i0.wp.com\/www.labozero.org\/wp-content\/uploads\/2026\/04\/image-grat.jpeg?resize=1050%2C600&ssl=1 3x, https:\/\/i0.wp.com\/www.labozero.org\/wp-content\/uploads\/2026\/04\/image-grat.jpeg?resize=1400%2C800&ssl=1 4x"},"classes":[]},{"id":5222,"url":"https:\/\/www.labozero.org\/index.php\/2023\/07\/20\/5222\/","url_meta":{"origin":2104,"position":2},"title":"Nous revoil\u00e0 !","author":"labozero","date":"20 juillet, 2023","format":false,"excerpt":"Cela fait un mois que nous avons \u00e9t\u00e9 expuls\u00e9.es de nos locaux de Pantin. Nous les avons laiss\u00e9s vides et propres. D\u00e9m\u00e9nager 4000m2 de materiel n'a pas \u00e9t\u00e9 simple mais nous y sommes arriv\u00e9.\u00e9es ! C'est le coeur lourd que nous avons laiss\u00e9 ce grand b\u00e2timent qui a \u00e9t\u00e9 notre\u2026","rel":"","context":"Dans &quot;Non class\u00e9&quot;","block_context":{"text":"Non class\u00e9","link":"https:\/\/www.labozero.org\/index.php\/category\/non-classe\/"},"img":{"alt_text":"","src":"https:\/\/i0.wp.com\/www.labozero.org\/wp-content\/uploads\/2023\/07\/WhatsApp-Image-2023-07-21-at-10.32.32.jpeg?resize=350%2C200&ssl=1","width":350,"height":200,"srcset":"https:\/\/i0.wp.com\/www.labozero.org\/wp-content\/uploads\/2023\/07\/WhatsApp-Image-2023-07-21-at-10.32.32.jpeg?resize=350%2C200&ssl=1 1x, https:\/\/i0.wp.com\/www.labozero.org\/wp-content\/uploads\/2023\/07\/WhatsApp-Image-2023-07-21-at-10.32.32.jpeg?resize=525%2C300&ssl=1 1.5x, https:\/\/i0.wp.com\/www.labozero.org\/wp-content\/uploads\/2023\/07\/WhatsApp-Image-2023-07-21-at-10.32.32.jpeg?resize=700%2C400&ssl=1 2x, https:\/\/i0.wp.com\/www.labozero.org\/wp-content\/uploads\/2023\/07\/WhatsApp-Image-2023-07-21-at-10.32.32.jpeg?resize=1050%2C600&ssl=1 3x, https:\/\/i0.wp.com\/www.labozero.org\/wp-content\/uploads\/2023\/07\/WhatsApp-Image-2023-07-21-at-10.32.32.jpeg?resize=1400%2C800&ssl=1 4x"},"classes":[]},{"id":399,"url":"https:\/\/www.labozero.org\/index.php\/2018\/12\/11\/une-tribune-sur-mediapart-la-classe\/","url_meta":{"origin":2104,"position":3},"title":"Une tribune sur M\u00e9diapart&#8230; la classe !","author":"labozero","date":"11 d\u00e9cembre, 2018","format":false,"excerpt":"Un grand merci \u00e0 Igor pour ton soutien mais aussi pour ta pr\u00e9sence bienveillante sans laquelle nous n'aurions sans doute pas tenus la distance. Merci pour toutes les discutions qui nous ont permis de penser notre action, de prendre de la distance et d'\u00e9voluer. Merci de d\u00e9fendre nos id\u00e9es, nos\u2026","rel":"","context":"Dans &quot;Non class\u00e9&quot;","block_context":{"text":"Non class\u00e9","link":"https:\/\/www.labozero.org\/index.php\/category\/non-classe\/"},"img":{"alt_text":"","src":"","width":0,"height":0},"classes":[]},{"id":1442,"url":"https:\/\/www.labozero.org\/index.php\/2020\/04\/11\/un-an-du-leo-avenue-edouard-vaillant-bilan-de-lag-et-de-la-colo-des-bricolos-ecolos\/","url_meta":{"origin":2104,"position":4},"title":"Un an du LE\u00d8 avenue Edouard Vaillant, bilan de l&rsquo;AG et de la colo des bricolos \u00e9colos.","author":"labozero","date":"11 avril, 2020","format":false,"excerpt":"Assembl\u00e9e g\u00e9n\u00e9rale de Mars 2020 Pr\u00e9sents\u00a0: Amelie, Michel, Stephanie, Y\u00e9dr\u00e9, Luciole, Stephane ,H\u00e9l\u00e8ne, Thomas, Kalev, Igor. \u00c9lection de la nouvelle pr\u00e9sident.e de l'association\u00a0au consensus: St\u00e9phanie Doguet Bilan financier\u00a0: de l'argent avanc\u00e9 mais pas de dette avec le reste de la subvention 2019 d'est ensemble qui arrive Bilan des actions du\u2026","rel":"","context":"Dans &quot;Non class\u00e9&quot;","block_context":{"text":"Non class\u00e9","link":"https:\/\/www.labozero.org\/index.php\/category\/non-classe\/"},"img":{"alt_text":"","src":"https:\/\/i0.wp.com\/www.labozero.org\/wp-content\/uploads\/2019\/09\/verriecc80re-nuit.jpg?resize=350%2C200&ssl=1","width":350,"height":200,"srcset":"https:\/\/i0.wp.com\/www.labozero.org\/wp-content\/uploads\/2019\/09\/verriecc80re-nuit.jpg?resize=350%2C200&ssl=1 1x, https:\/\/i0.wp.com\/www.labozero.org\/wp-content\/uploads\/2019\/09\/verriecc80re-nuit.jpg?resize=525%2C300&ssl=1 1.5x, https:\/\/i0.wp.com\/www.labozero.org\/wp-content\/uploads\/2019\/09\/verriecc80re-nuit.jpg?resize=700%2C400&ssl=1 2x"},"classes":[]},{"id":900,"url":"https:\/\/www.labozero.org\/index.php\/2019\/08\/09\/nous-allons-avoir-besoin-de-vous\/","url_meta":{"origin":2104,"position":5},"title":"Nous allons avoir besoin de vous !","author":"labozero","date":"9 ao\u00fbt, 2019","format":false,"excerpt":"Bonjour \u00e0 tous ! Ce lundi, nous avons re\u00e7u notre assignation \u00e0 comparaitre pour notre local de Pantin. Pour rappel, cela fait un an et demi que Michel et moi cherchons un lieu conventionn\u00e9 pour mener nos activit\u00e9s, nous avons ainsi d\u00e9march\u00e9 un bon nombre de municipalit\u00e9s, am\u00e9nageurs, ect. Nous\u2026","rel":"","context":"Dans &quot;Non class\u00e9&quot;","block_context":{"text":"Non class\u00e9","link":"https:\/\/www.labozero.org\/index.php\/category\/non-classe\/"},"img":{"alt_text":"","src":"","width":0,"height":0},"classes":[]}],"jetpack_shortlink":"https:\/\/wp.me\/pbPs9A-xW","jetpack_sharing_enabled":true,"_links":{"self":[{"href":"https:\/\/www.labozero.org\/index.php\/wp-json\/wp\/v2\/posts\/2104","targetHints":{"allow":["GET"]}}],"collection":[{"href":"https:\/\/www.labozero.org\/index.php\/wp-json\/wp\/v2\/posts"}],"about":[{"href":"https:\/\/www.labozero.org\/index.php\/wp-json\/wp\/v2\/types\/post"}],"author":[{"embeddable":true,"href":"https:\/\/www.labozero.org\/index.php\/wp-json\/wp\/v2\/users\/2"}],"replies":[{"embeddable":true,"href":"https:\/\/www.labozero.org\/index.php\/wp-json\/wp\/v2\/comments?post=2104"}],"version-history":[{"count":4,"href":"https:\/\/www.labozero.org\/index.php\/wp-json\/wp\/v2\/posts\/2104\/revisions"}],"predecessor-version":[{"id":2112,"href":"https:\/\/www.labozero.org\/index.php\/wp-json\/wp\/v2\/posts\/2104\/revisions\/2112"}],"wp:featuredmedia":[{"embeddable":true,"href":"https:\/\/www.labozero.org\/index.php\/wp-json\/wp\/v2\/media\/2111"}],"wp:attachment":[{"href":"https:\/\/www.labozero.org\/index.php\/wp-json\/wp\/v2\/media?parent=2104"}],"wp:term":[{"taxonomy":"category","embeddable":true,"href":"https:\/\/www.labozero.org\/index.php\/wp-json\/wp\/v2\/categories?post=2104"},{"taxonomy":"post_tag","embeddable":true,"href":"https:\/\/www.labozero.org\/index.php\/wp-json\/wp\/v2\/tags?post=2104"}],"curies":[{"name":"wp","href":"https:\/\/api.w.org\/{rel}","templated":true}]}}