{"id":1581,"date":"2020-06-21T10:35:22","date_gmt":"2020-06-21T08:35:22","guid":{"rendered":"https:\/\/www.labozero.org\/?p=1581"},"modified":"2020-06-22T22:49:10","modified_gmt":"2020-06-22T20:49:10","slug":"vivre-la-friche","status":"publish","type":"post","link":"https:\/\/www.labozero.org\/index.php\/2020\/06\/21\/vivre-la-friche\/","title":{"rendered":"Viv(r)e la friche !"},"content":{"rendered":"<p style=\"text-align: justify;\">Igor Babou, chercheur en sociologie, photographe, professeur \u00e0 l&rsquo;universit\u00e9 Paris Diderot et ami du LE\u00d8 nous a fait le tr\u00e8s beau cadeau de rassembler deux ans de photos et un condens\u00e9 de son travail de recherche dans ce livre qui sort mi juillet.<\/p>\n<p>On le remercie chaleureusement pour son travail mais aussi pour son soutien sans failles depuis deux ans.<\/p>\n<p><img loading=\"lazy\" decoding=\"async\" class=\"alignnone size-full wp-image-1582\" src=\"https:\/\/www.labozero.org\/wp-content\/uploads\/2020\/06\/vivrelafriche_couve_visionneuse_1-737x1024-1.jpg\" alt=\"vivrelafriche_couve_visionneuse_1-737x1024\" width=\"737\" height=\"1024\" srcset=\"https:\/\/www.labozero.org\/wp-content\/uploads\/2020\/06\/vivrelafriche_couve_visionneuse_1-737x1024-1.jpg 737w, https:\/\/www.labozero.org\/wp-content\/uploads\/2020\/06\/vivrelafriche_couve_visionneuse_1-737x1024-1-216x300.jpg 216w\" sizes=\"auto, (max-width: 737px) 100vw, 737px\" \/><\/p>\n<p>&nbsp;<\/p>\n<p><strong>Pr\u00e9sentation : <\/strong><\/p>\n<p style=\"text-align: justify;\">\u00ab\u00a0Ce livre raconte l&rsquo;aventure d&rsquo;activistes \u00e9cologistes install\u00e9s dans une friche industrielle en banlieue parisienne, dans un lieu d&rsquo;exp\u00e9rimentation \u00e9cologique et sociale le \u00ab\u00a0laboratoire \u00e9cologique \u00d8d\u00e9chet\u00a0\u00bb le LE\u00d8. Il repose sur un long travail d\u2019enqu\u00eate, d&rsquo;entretiens et de photographies men\u00e9s aupr\u00e8s des publics et des animateurs de ce lieu hors normes.<\/p>\n<p style=\"text-align: justify;\">Habiter dans les ruines du capitalisme industriel, y vivre et y d\u00e9velopper l&rsquo;\u00e9cologie par des formes d&rsquo;\u00e9ducation populaire centr\u00e9es sur les actions plus que sur le discours, aller d&rsquo;expulsion en expulsion dans un habitat temporaire tout en tissant des liens \u00e9troits avec les habitants de quartiers populaires : des collectifs s&rsquo;organisent au coeur des contradictions contemporaines en pratiquant une \u00e9cologie sociale et solidaire. Des friches urbaines squatt\u00e9es fournissent des lieux de vie et d&rsquo;action \u00e0 des activistes qui refusent l&rsquo;\u00e9tat du monde et l&rsquo;inaction politique.<\/p>\n<p style=\"text-align: justify;\">Le livre pr\u00e9sente de nombreux extraits d&rsquo;entretiens men\u00e9s avec les animateurs et les publics du squat, ainsi qu&rsquo;avec des activistes d&rsquo;Extinction Rebellion. Il propose aussi des analyses de l&rsquo;auteur et deux posts faces : l&rsquo;une de Joelle le Marec (professeur, Sorbonne universit\u00e9), l&rsquo;autre d&rsquo;Amelie Monnereau (fondatrice et animatrice du LE\u00d8)\u00a0\u00bb<\/p>\n<p>&nbsp;<\/p>\n<p style=\"text-align: justify;\">Publi\u00e9 en auto-\u00e9dition, aucune marge ne sera effectu\u00e9e, aussi nous proposons des pr\u00e9 ventes pour l&rsquo;aider \u00e0 financer l&rsquo;impression.<\/p>\n<p style=\"text-align: center;\">Deux formules possibles, la version papier \u00e0 22 euros et en PDF \u00e0 prix libre.<\/p>\n<p>Pour effectuer votre pr\u00e9-commande c&rsquo;est <a href=\"https:\/\/fr.ulule.com\/vivre-la-friche\/\">ICI<\/a><\/p>\n<p>Pour en savoir plus et feuilleter le livre : <a href=\"https:\/\/www.champ-visuel.org\/prevente-vivre-la-friche\">Champ-visuel, Vivre la friche.<\/a><\/p>\n<p>&nbsp;<\/p>\n<p style=\"text-align: justify;\">\n","protected":false},"excerpt":{"rendered":"<p>Igor Babou, chercheur en sociologie, photographe, professeur \u00e0 l&rsquo;universit\u00e9 Paris Diderot et ami du LE\u00d8 nous a fait le tr\u00e8s beau cadeau de rassembler deux ans de photos et un condens\u00e9 de son travail de recherche dans ce livre qui sort mi juillet. On le remercie chaleureusement pour son travail mais aussi pour son soutien sans failles depuis deux ans. &nbsp; Pr\u00e9sentation : \u00ab\u00a0Ce livre raconte l&rsquo;aventure d&rsquo;activistes \u00e9cologistes install\u00e9s dans une friche industrielle en banlieue parisienne, dans un lieu d&rsquo;exp\u00e9rimentation \u00e9cologique et sociale le \u00ab\u00a0laboratoire \u00e9cologique \u00d8d\u00e9chet\u00a0\u00bb le LE\u00d8. Il repose sur un long travail d\u2019enqu\u00eate, d&rsquo;entretiens et de photographies men\u00e9s aupr\u00e8s des publics et des animateurs de ce lieu hors normes. Habiter dans les ruines du capitalisme industriel, y vivre et y d\u00e9velopper l&rsquo;\u00e9cologie par des formes d&rsquo;\u00e9ducation populaire centr\u00e9es sur les actions plus que sur le discours, aller d&rsquo;expulsion en expulsion dans un habitat temporaire tout en tissant des liens \u00e9troits avec les habitants de quartiers populaires : des collectifs s&rsquo;organisent au coeur des contradictions contemporaines en pratiquant une \u00e9cologie sociale et solidaire. Des friches urbaines squatt\u00e9es fournissent des lieux de vie et d&rsquo;action \u00e0 des activistes qui refusent l&rsquo;\u00e9tat du monde et l&rsquo;inaction politique. Le livre pr\u00e9sente de nombreux extraits d&rsquo;entretiens men\u00e9s avec les animateurs et les publics du squat, ainsi qu&rsquo;avec des activistes d&rsquo;Extinction Rebellion. Il propose aussi des analyses de l&rsquo;auteur et deux posts faces : l&rsquo;une de Joelle le Marec (professeur, Sorbonne universit\u00e9), l&rsquo;autre d&rsquo;Amelie Monnereau (fondatrice et animatrice du LE\u00d8)\u00a0\u00bb &nbsp; Publi\u00e9 en auto-\u00e9dition, aucune marge ne sera effectu\u00e9e, aussi nous proposons des pr\u00e9 ventes pour l&rsquo;aider \u00e0 financer l&rsquo;impression. Deux formules possibles, la version papier \u00e0 22 euros et en PDF \u00e0 prix libre. Pour effectuer votre pr\u00e9-commande c&rsquo;est ICI Pour en savoir plus et feuilleter le livre : Champ-visuel, Vivre la friche. &nbsp;<\/p>\n","protected":false},"author":2,"featured_media":1582,"comment_status":"open","ping_status":"open","sticky":false,"template":"","format":"standard","meta":{"rop_custom_images_group":[],"rop_custom_messages_group":[],"rop_publish_now":"initial","rop_publish_now_accounts":[],"rop_publish_now_history":[],"rop_publish_now_status":"pending","_themeisle_gutenberg_block_has_review":false,"_jetpack_memberships_contains_paid_content":false,"footnotes":""},"categories":[1],"tags":[],"class_list":["post-1581","post","type-post","status-publish","format-standard","has-post-thumbnail","hentry","category-non-classe"],"jetpack_featured_media_url":"https:\/\/www.labozero.org\/wp-content\/uploads\/2020\/06\/vivrelafriche_couve_visionneuse_1-737x1024-1.jpg","jetpack-related-posts":[{"id":2104,"url":"https:\/\/www.labozero.org\/index.php\/2021\/04\/24\/le-leo-en-danger-rdv-le-20-mai\/","url_meta":{"origin":1581,"position":0},"title":"Le LE\u00d8 en danger ! RDV le 20 Mai","author":"labozero","date":"24 avril, 2021","format":false,"excerpt":"Nous, membres du LE\u00d8, Laboratoire Ecologique Z\u00e9ro d\u00e9chet, occupons depuis plus de deux ans un b\u00e2timent industriel laiss\u00e9 \u00e0 l\u2019abandon au 20 avenue Edouard Vaillant \u00e0 Pantin. L\u2019EPFIDF (Etablissement public Foncier d\u2019\u00cele de France), propri\u00e9taire des lieux, nous a intent\u00e9 un proc\u00e8s l\u2019ann\u00e9e derni\u00e8re. Un jugement in\u00e9dit en notre faveur\u2026","rel":"","context":"Dans &quot;Non class\u00e9&quot;","block_context":{"text":"Non class\u00e9","link":"https:\/\/www.labozero.org\/index.php\/category\/non-classe\/"},"img":{"alt_text":"","src":"https:\/\/i0.wp.com\/www.labozero.org\/wp-content\/uploads\/2021\/04\/176738358_918928072256556_8286890253936935234_n.jpg?resize=350%2C200&ssl=1","width":350,"height":200,"srcset":"https:\/\/i0.wp.com\/www.labozero.org\/wp-content\/uploads\/2021\/04\/176738358_918928072256556_8286890253936935234_n.jpg?resize=350%2C200&ssl=1 1x, https:\/\/i0.wp.com\/www.labozero.org\/wp-content\/uploads\/2021\/04\/176738358_918928072256556_8286890253936935234_n.jpg?resize=525%2C300&ssl=1 1.5x, https:\/\/i0.wp.com\/www.labozero.org\/wp-content\/uploads\/2021\/04\/176738358_918928072256556_8286890253936935234_n.jpg?resize=700%2C400&ssl=1 2x, https:\/\/i0.wp.com\/www.labozero.org\/wp-content\/uploads\/2021\/04\/176738358_918928072256556_8286890253936935234_n.jpg?resize=1050%2C600&ssl=1 3x"},"classes":[]},{"id":668,"url":"https:\/\/www.labozero.org\/index.php\/2019\/03\/01\/ya-de-la-vie-a-la-friche-de-noisy\/","url_meta":{"origin":1581,"position":1},"title":"Y&rsquo;a de la vie \u00e0 la friche de Noisy !","author":"labozero","date":"1 mars, 2019","format":false,"excerpt":"\u00a0 On range, papote, boit de la tisane, on tricote, on danse ? On se pr\u00e9pare, on observe, on est curieux, on rit, on r\u00eave un peu... On creuse, on tri, on prend le temps, on rencontre, on se retrouve et surtout on fait la belle ! Photos prises par\u2026","rel":"","context":"Dans &quot;Non class\u00e9&quot;","block_context":{"text":"Non class\u00e9","link":"https:\/\/www.labozero.org\/index.php\/category\/non-classe\/"},"img":{"alt_text":"","src":"https:\/\/i0.wp.com\/www.labozero.org\/wp-content\/uploads\/2019\/03\/dsc_1082c-150x150.jpg?resize=350%2C200&ssl=1","width":350,"height":200,"srcset":"https:\/\/i0.wp.com\/www.labozero.org\/wp-content\/uploads\/2019\/03\/dsc_1082c-150x150.jpg?resize=350%2C200&ssl=1 1x, https:\/\/i0.wp.com\/www.labozero.org\/wp-content\/uploads\/2019\/03\/dsc_1082c-150x150.jpg?resize=525%2C300&ssl=1 1.5x, https:\/\/i0.wp.com\/www.labozero.org\/wp-content\/uploads\/2019\/03\/dsc_1082c-150x150.jpg?resize=700%2C400&ssl=1 2x"},"classes":[]},{"id":2225,"url":"https:\/\/www.labozero.org\/index.php\/2021\/07\/08\/a-vos-agendas-et-vos-outils\/","url_meta":{"origin":1581,"position":2},"title":"A vos agendas et vos outils !","author":"labozero","date":"8 juillet, 2021","format":false,"excerpt":"Les semaines sont charg\u00e9es en ce moment, peu d'activit\u00e9s sont visibles mais le LE\u00d8 est plus que jamais une ruche pleine de vie : des accueils de mamans, des distributions alimentaires, des colis de v\u00eatements\/jouets\/produits d\u2019hygi\u00e8ne, des r\u00e9cups g\u00e9antes, des r\u00e9parations, de la couture, des accueils de r\u00e9unions, des pr\u00e9pas\u2026","rel":"","context":"Dans &quot;Non class\u00e9&quot;","block_context":{"text":"Non class\u00e9","link":"https:\/\/www.labozero.org\/index.php\/category\/non-classe\/"},"img":{"alt_text":"","src":"https:\/\/i0.wp.com\/www.labozero.org\/wp-content\/uploads\/2021\/07\/20210708_100243-scaled.jpg?resize=350%2C200&ssl=1","width":350,"height":200,"srcset":"https:\/\/i0.wp.com\/www.labozero.org\/wp-content\/uploads\/2021\/07\/20210708_100243-scaled.jpg?resize=350%2C200&ssl=1 1x, https:\/\/i0.wp.com\/www.labozero.org\/wp-content\/uploads\/2021\/07\/20210708_100243-scaled.jpg?resize=525%2C300&ssl=1 1.5x, https:\/\/i0.wp.com\/www.labozero.org\/wp-content\/uploads\/2021\/07\/20210708_100243-scaled.jpg?resize=700%2C400&ssl=1 2x, https:\/\/i0.wp.com\/www.labozero.org\/wp-content\/uploads\/2021\/07\/20210708_100243-scaled.jpg?resize=1050%2C600&ssl=1 3x, https:\/\/i0.wp.com\/www.labozero.org\/wp-content\/uploads\/2021\/07\/20210708_100243-scaled.jpg?resize=1400%2C800&ssl=1 4x"},"classes":[]},{"id":4452,"url":"https:\/\/www.labozero.org\/index.php\/2023\/04\/05\/a-suivre\/","url_meta":{"origin":1581,"position":3},"title":"A Suivre&#8230;","author":"labozero","date":"5 avril, 2023","format":false,"excerpt":"Le LE\u00d8 maintient son soutien \u00e0 tou.tes les millitant.es \u00e9cologistes ou solidaires qui mettent leurs vies en danger pour d\u00e9fendre nos droits et en particulier \u00e0 celles et ceux qui ont subit une r\u00e9pression polici\u00e8re d\u00e9m\u00e9sur\u00e9e \u00e0 Sainte Soline. On pense en particulier aux Soul\u00e8vements de la terre et D\u00e9fense\u2026","rel":"","context":"Dans &quot;Non class\u00e9&quot;","block_context":{"text":"Non class\u00e9","link":"https:\/\/www.labozero.org\/index.php\/category\/non-classe\/"},"img":{"alt_text":"","src":"https:\/\/i0.wp.com\/www.labozero.org\/wp-content\/uploads\/2023\/04\/339515196_957993595216232_4123591732688013178_n.jpg?resize=350%2C200&ssl=1","width":350,"height":200,"srcset":"https:\/\/i0.wp.com\/www.labozero.org\/wp-content\/uploads\/2023\/04\/339515196_957993595216232_4123591732688013178_n.jpg?resize=350%2C200&ssl=1 1x, https:\/\/i0.wp.com\/www.labozero.org\/wp-content\/uploads\/2023\/04\/339515196_957993595216232_4123591732688013178_n.jpg?resize=525%2C300&ssl=1 1.5x, https:\/\/i0.wp.com\/www.labozero.org\/wp-content\/uploads\/2023\/04\/339515196_957993595216232_4123591732688013178_n.jpg?resize=700%2C400&ssl=1 2x, https:\/\/i0.wp.com\/www.labozero.org\/wp-content\/uploads\/2023\/04\/339515196_957993595216232_4123591732688013178_n.jpg?resize=1050%2C600&ssl=1 3x, https:\/\/i0.wp.com\/www.labozero.org\/wp-content\/uploads\/2023\/04\/339515196_957993595216232_4123591732688013178_n.jpg?resize=1400%2C800&ssl=1 4x"},"classes":[]},{"id":1442,"url":"https:\/\/www.labozero.org\/index.php\/2020\/04\/11\/un-an-du-leo-avenue-edouard-vaillant-bilan-de-lag-et-de-la-colo-des-bricolos-ecolos\/","url_meta":{"origin":1581,"position":4},"title":"Un an du LE\u00d8 avenue Edouard Vaillant, bilan de l&rsquo;AG et de la colo des bricolos \u00e9colos.","author":"labozero","date":"11 avril, 2020","format":false,"excerpt":"Assembl\u00e9e g\u00e9n\u00e9rale de Mars 2020 Pr\u00e9sents\u00a0: Amelie, Michel, Stephanie, Y\u00e9dr\u00e9, Luciole, Stephane ,H\u00e9l\u00e8ne, Thomas, Kalev, Igor. \u00c9lection de la nouvelle pr\u00e9sident.e de l'association\u00a0au consensus: St\u00e9phanie Doguet Bilan financier\u00a0: de l'argent avanc\u00e9 mais pas de dette avec le reste de la subvention 2019 d'est ensemble qui arrive Bilan des actions du\u2026","rel":"","context":"Dans &quot;Non class\u00e9&quot;","block_context":{"text":"Non class\u00e9","link":"https:\/\/www.labozero.org\/index.php\/category\/non-classe\/"},"img":{"alt_text":"","src":"https:\/\/i0.wp.com\/www.labozero.org\/wp-content\/uploads\/2019\/09\/verriecc80re-nuit.jpg?resize=350%2C200&ssl=1","width":350,"height":200,"srcset":"https:\/\/i0.wp.com\/www.labozero.org\/wp-content\/uploads\/2019\/09\/verriecc80re-nuit.jpg?resize=350%2C200&ssl=1 1x, https:\/\/i0.wp.com\/www.labozero.org\/wp-content\/uploads\/2019\/09\/verriecc80re-nuit.jpg?resize=525%2C300&ssl=1 1.5x, https:\/\/i0.wp.com\/www.labozero.org\/wp-content\/uploads\/2019\/09\/verriecc80re-nuit.jpg?resize=700%2C400&ssl=1 2x"},"classes":[]},{"id":2303,"url":"https:\/\/www.labozero.org\/index.php\/2021\/09\/02\/rdv-dimanche-5-septembre\/","url_meta":{"origin":1581,"position":5},"title":"RDV Dimanche 5 septembre !","author":"labozero","date":"2 septembre, 2021","format":false,"excerpt":"RDV au 20 avenue Edouard Vaillant \u00e0 Pantin \u00e0 partir de 15h et jusqu'\u00e0 19h pour un apr\u00e8s-midi de Gratuiterie ! V\u00eatements femme\/homme, vaisselle, bibelots et chaussures en nombre ! Il y aura aussi l'atelier d'auto-r\u00e9paration, et des ateliers de valorisation des tissus\/lainages. Vous voulez donner ? Pensez \u00e0 notre\u2026","rel":"","context":"Dans &quot;Non class\u00e9&quot;","block_context":{"text":"Non class\u00e9","link":"https:\/\/www.labozero.org\/index.php\/category\/non-classe\/"},"img":{"alt_text":"","src":"https:\/\/i0.wp.com\/www.labozero.org\/wp-content\/uploads\/2021\/09\/IMG_5348.jpg?resize=350%2C200&ssl=1","width":350,"height":200,"srcset":"https:\/\/i0.wp.com\/www.labozero.org\/wp-content\/uploads\/2021\/09\/IMG_5348.jpg?resize=350%2C200&ssl=1 1x, https:\/\/i0.wp.com\/www.labozero.org\/wp-content\/uploads\/2021\/09\/IMG_5348.jpg?resize=525%2C300&ssl=1 1.5x, https:\/\/i0.wp.com\/www.labozero.org\/wp-content\/uploads\/2021\/09\/IMG_5348.jpg?resize=700%2C400&ssl=1 2x"},"classes":[]}],"jetpack_shortlink":"https:\/\/wp.me\/pbPs9A-pv","jetpack_sharing_enabled":true,"_links":{"self":[{"href":"https:\/\/www.labozero.org\/index.php\/wp-json\/wp\/v2\/posts\/1581","targetHints":{"allow":["GET"]}}],"collection":[{"href":"https:\/\/www.labozero.org\/index.php\/wp-json\/wp\/v2\/posts"}],"about":[{"href":"https:\/\/www.labozero.org\/index.php\/wp-json\/wp\/v2\/types\/post"}],"author":[{"embeddable":true,"href":"https:\/\/www.labozero.org\/index.php\/wp-json\/wp\/v2\/users\/2"}],"replies":[{"embeddable":true,"href":"https:\/\/www.labozero.org\/index.php\/wp-json\/wp\/v2\/comments?post=1581"}],"version-history":[{"count":3,"href":"https:\/\/www.labozero.org\/index.php\/wp-json\/wp\/v2\/posts\/1581\/revisions"}],"predecessor-version":[{"id":1585,"href":"https:\/\/www.labozero.org\/index.php\/wp-json\/wp\/v2\/posts\/1581\/revisions\/1585"}],"wp:featuredmedia":[{"embeddable":true,"href":"https:\/\/www.labozero.org\/index.php\/wp-json\/wp\/v2\/media\/1582"}],"wp:attachment":[{"href":"https:\/\/www.labozero.org\/index.php\/wp-json\/wp\/v2\/media?parent=1581"}],"wp:term":[{"taxonomy":"category","embeddable":true,"href":"https:\/\/www.labozero.org\/index.php\/wp-json\/wp\/v2\/categories?post=1581"},{"taxonomy":"post_tag","embeddable":true,"href":"https:\/\/www.labozero.org\/index.php\/wp-json\/wp\/v2\/tags?post=1581"}],"curies":[{"name":"wp","href":"https:\/\/api.w.org\/{rel}","templated":true}]}}