{"id":119,"date":"2018-10-24T09:58:04","date_gmt":"2018-10-24T08:58:04","guid":{"rendered":"https:\/\/labozero.wordpress.com\/?p=119"},"modified":"2018-10-24T09:58:04","modified_gmt":"2018-10-24T08:58:04","slug":"un-autre-labo-au-leo","status":"publish","type":"post","link":"https:\/\/www.labozero.org\/index.php\/2018\/10\/24\/un-autre-labo-au-leo\/","title":{"rendered":"Un autre labo au LE\u00d8 !"},"content":{"rendered":"<p style=\"text-align:justify;\">Pour faire suite \u00e0 la rencontre avec Isabelle du Laboratoire de la non violence active de Noisy le Sec, nous vous proposons de venir d\u00e9couvrir son action par le biais d&rsquo;un atelier de relaxation : \u00ab\u00a0<span style=\"color:#3366ff;\">Une pratique utilisable en toutes circonstances, qui se termine avec une pens\u00e9e positive<\/span>\u00ab\u00a0.<\/p>\n<p>D&rsquo;autres interventions viendront par la suite avec des th\u00e8mes plus sp\u00e9cifiques.<\/p>\n<p>Voil\u00e0 un r\u00e9sum\u00e9 des objectifs de ce laboratoire :<\/p>\n<div class=\"presentation_favoriser\" style=\"text-align:center;\"><span style=\"color:#3366ff;\">\u00ab\u00a0Favoriser la bienveillance, l&#8217;empathie et la joie<\/span><\/div>\n<div class=\"presentation_deconstruire\" style=\"text-align:center;\"><span style=\"color:#3366ff;\">D\u00e9passer la violence qui nous habite<\/span><\/div>\n<div class=\"presentation_deconstruire\" style=\"text-align:center;\"><span style=\"color:#3366ff;\">et cocr\u00e9er un monde non-violent.\u00a0\u00bb<\/span><\/div>\n<div><\/div>\n<div>Bien s\u00fbr, on adh\u00e8re !<\/div>\n<div><\/div>\n<p>&nbsp;<\/p>\n<p style=\"text-align:center;\"><strong><span style=\"color:#000080;\">\u00c7a se passe le dimanche 4 novembre de 16 \u00e0 17h.<\/span><\/strong><\/p>\n<p>C&rsquo;est gratuit et sans inscription.<\/p>\n<p>Pour plus d&rsquo;infos sur le Laboratoire de la non violence active :<\/p>\n<p style=\"text-align:center;\"><a href=\"https:\/\/www.labo-nva.org\/article\/presentation\" target=\"_blank\" rel=\"noopener noreferrer\">https:\/\/www.labo-nva.org\/article\/presentation<\/a><\/p>\n<p>&nbsp;<\/p>\n<p>Bien s\u00fbr le LE\u00d8 sera ouvert \u00e0 partir de 15h et jusqu&rsquo;\u00e0 21h avec tisanes et musique pour profiter de la Gratuiterie et de l&rsquo;atelier.<\/p>\n<p>A bient\u00f4t<\/p>\n<p>&nbsp;<\/p>\n<p>&nbsp;<\/p>\n<p>&nbsp;<\/p>\n","protected":false},"excerpt":{"rendered":"<p>Pour faire suite \u00e0 la rencontre avec Isabelle du Laboratoire de la non violence active de Noisy le Sec, nous vous proposons de venir d\u00e9couvrir son action par le biais d&rsquo;un atelier de relaxation : \u00ab\u00a0Une pratique utilisable en toutes circonstances, qui se termine avec une pens\u00e9e positive\u00ab\u00a0. D&rsquo;autres interventions viendront par la suite avec des th\u00e8mes plus sp\u00e9cifiques. Voil\u00e0 un r\u00e9sum\u00e9 des objectifs de ce laboratoire : \u00ab\u00a0Favoriser la bienveillance, l&#8217;empathie et la joie D\u00e9passer la violence qui nous habite et cocr\u00e9er un monde non-violent.\u00a0\u00bb Bien s\u00fbr, on adh\u00e8re ! &nbsp; \u00c7a se passe le dimanche 4 novembre de 16 \u00e0 17h. C&rsquo;est gratuit et sans inscription. Pour plus d&rsquo;infos sur le Laboratoire de la non violence active : https:\/\/www.labo-nva.org\/article\/presentation &nbsp; Bien s\u00fbr le LE\u00d8 sera ouvert \u00e0 partir de 15h et jusqu&rsquo;\u00e0 21h avec tisanes et musique pour profiter de la Gratuiterie et de l&rsquo;atelier. A bient\u00f4t &nbsp; &nbsp; &nbsp;<\/p>\n","protected":false},"author":2,"featured_media":0,"comment_status":"open","ping_status":"open","sticky":false,"template":"","format":"standard","meta":{"rop_custom_images_group":[],"rop_custom_messages_group":[],"rop_publish_now":"initial","rop_publish_now_accounts":[],"rop_publish_now_history":[],"rop_publish_now_status":"pending","_themeisle_gutenberg_block_has_review":false,"_jetpack_memberships_contains_paid_content":false,"footnotes":""},"categories":[1],"tags":[],"class_list":["post-119","post","type-post","status-publish","format-standard","hentry","category-non-classe"],"jetpack_featured_media_url":"","jetpack-related-posts":[{"id":6467,"url":"https:\/\/www.labozero.org\/index.php\/2026\/02\/18\/silence\/","url_meta":{"origin":119,"position":0},"title":"Silence !","author":"labozero","date":"18 f\u00e9vrier, 2026","format":false,"excerpt":"Ce 17 f\u00e9vrier une minute de silence a \u00e9t\u00e9 observ\u00e9e \u00e0 l'assembl\u00e9e nationale suite au d\u00e9c\u00e8s d'un militant d\u2019extr\u00eame droite, nazi, fasciste, raciste et violent (infos sur son parcours dans l'article de Streetpress ). Une vie est une vie, et personne ne devrait mourir pour ses id\u00e9es, dois-t-on pour autant\u2026","rel":"","context":"Dans &quot;Non class\u00e9&quot;","block_context":{"text":"Non class\u00e9","link":"https:\/\/www.labozero.org\/index.php\/category\/non-classe\/"},"img":{"alt_text":"","src":"https:\/\/i0.wp.com\/www.labozero.org\/wp-content\/uploads\/2026\/02\/WhatsApp-Image-2026-02-18-at-11.17.27-150x150.jpeg?resize=350%2C200&ssl=1","width":350,"height":200,"srcset":"https:\/\/i0.wp.com\/www.labozero.org\/wp-content\/uploads\/2026\/02\/WhatsApp-Image-2026-02-18-at-11.17.27-150x150.jpeg?resize=350%2C200&ssl=1 1x, https:\/\/i0.wp.com\/www.labozero.org\/wp-content\/uploads\/2026\/02\/WhatsApp-Image-2026-02-18-at-11.17.27-150x150.jpeg?resize=525%2C300&ssl=1 1.5x, https:\/\/i0.wp.com\/www.labozero.org\/wp-content\/uploads\/2026\/02\/WhatsApp-Image-2026-02-18-at-11.17.27-150x150.jpeg?resize=700%2C400&ssl=1 2x"},"classes":[]},{"id":4403,"url":"https:\/\/www.labozero.org\/index.php\/2023\/03\/22\/tribune\/","url_meta":{"origin":119,"position":1},"title":"Tribune !","author":"labozero","date":"22 mars, 2023","format":false,"excerpt":"Solidaires, nous sommes co-signataires de cette tribune parrue recemment sur M\u00e9diapart Nous sommes syndicalistes, activistes dans des collectifs de l\u2019\u00e9cologie radicale, sociale ou populaire, militant\u00b7es politiques, personnalit\u00e9s.\u00a0 Depuis 15 jours, les salari\u00e9\u00b7es du secteur des d\u00e9chets, \u00e9boueuses et \u00e9boueurs, balayeurs, chauffeurs, ripeurs, ouvri\u00e8res et ouvriers des centres de tri, salari\u00e9\u00b7es\u2026","rel":"","context":"Dans &quot;Non class\u00e9&quot;","block_context":{"text":"Non class\u00e9","link":"https:\/\/www.labozero.org\/index.php\/category\/non-classe\/"},"img":{"alt_text":"","src":"","width":0,"height":0},"classes":[]},{"id":3900,"url":"https:\/\/www.labozero.org\/index.php\/2022\/11\/20\/le-leo-de-nouveau-menace\/","url_meta":{"origin":119,"position":2},"title":"Le LE\u00d8 de nouveau menac\u00e9 !","author":"labozero","date":"20 novembre, 2022","format":false,"excerpt":"Dans un contexte de crise \u00e9conomique intense, de mont\u00e9e du racisme et de la violence syst\u00e9mique d'\u00e9tat, les lieux refuges sont de plus en plus menac\u00e9s alors qu'ils sont souvent le dernier rempart protecteur pour les personnes les plus pr\u00e9caris\u00e9es. Ils sont aussi des lieux d'exp\u00e9rimentation de modes de vie\u2026","rel":"","context":"Dans &quot;Non class\u00e9&quot;","block_context":{"text":"Non class\u00e9","link":"https:\/\/www.labozero.org\/index.php\/category\/non-classe\/"},"img":{"alt_text":"","src":"https:\/\/i0.wp.com\/www.labozero.org\/wp-content\/uploads\/2022\/11\/bilan_leo_10-202213-2.jpg?resize=350%2C200&ssl=1","width":350,"height":200,"srcset":"https:\/\/i0.wp.com\/www.labozero.org\/wp-content\/uploads\/2022\/11\/bilan_leo_10-202213-2.jpg?resize=350%2C200&ssl=1 1x, https:\/\/i0.wp.com\/www.labozero.org\/wp-content\/uploads\/2022\/11\/bilan_leo_10-202213-2.jpg?resize=525%2C300&ssl=1 1.5x, https:\/\/i0.wp.com\/www.labozero.org\/wp-content\/uploads\/2022\/11\/bilan_leo_10-202213-2.jpg?resize=700%2C400&ssl=1 2x, https:\/\/i0.wp.com\/www.labozero.org\/wp-content\/uploads\/2022\/11\/bilan_leo_10-202213-2.jpg?resize=1050%2C600&ssl=1 3x, https:\/\/i0.wp.com\/www.labozero.org\/wp-content\/uploads\/2022\/11\/bilan_leo_10-202213-2.jpg?resize=1400%2C800&ssl=1 4x"},"classes":[]},{"id":408,"url":"https:\/\/www.labozero.org\/index.php\/2018\/12\/15\/demenagement-termine\/","url_meta":{"origin":119,"position":3},"title":"D\u00e9m\u00e9nagement termin\u00e9 !","author":"labozero","date":"15 d\u00e9cembre, 2018","format":false,"excerpt":"Voil\u00e0 le LE\u00d8\u00a0 au 43 bis et ter rue L\u00e9o Lagrange s'est termin\u00e9 Jeudi. Cette aventure a \u00e9t\u00e9 difficile mais incroyable. Nous souhaitons remercier quelques personnes sans qui tout \u00e7a n'aurait sans doute pas eu la m\u00eame saveur : en premier lieu Fran\u00e7ois et D\u00e9borah, nos \"macrobio\" qui avant m\u00eame\u2026","rel":"","context":"Dans &quot;Non class\u00e9&quot;","block_context":{"text":"Non class\u00e9","link":"https:\/\/www.labozero.org\/index.php\/category\/non-classe\/"},"img":{"alt_text":"","src":"https:\/\/i0.wp.com\/www.labozero.org\/wp-content\/uploads\/2018\/12\/DSC_0434-150x150.jpg?resize=350%2C200&ssl=1","width":350,"height":200,"srcset":"https:\/\/i0.wp.com\/www.labozero.org\/wp-content\/uploads\/2018\/12\/DSC_0434-150x150.jpg?resize=350%2C200&ssl=1 1x, https:\/\/i0.wp.com\/www.labozero.org\/wp-content\/uploads\/2018\/12\/DSC_0434-150x150.jpg?resize=525%2C300&ssl=1 1.5x, https:\/\/i0.wp.com\/www.labozero.org\/wp-content\/uploads\/2018\/12\/DSC_0434-150x150.jpg?resize=700%2C400&ssl=1 2x"},"classes":[]},{"id":325,"url":"https:\/\/www.labozero.org\/index.php\/2018\/11\/23\/ce-dimanche-la-deuxieme-tonne\/","url_meta":{"origin":119,"position":4},"title":"Ce dimanche, la deuxi\u00e8me tonne !!!!","author":"labozero","date":"23 novembre, 2018","format":false,"excerpt":"Malgr\u00e9 la menace d'expulsion le LE\u00d8 vit ! Vous \u00eates toujours aussi nombreux \u00e0 venir \u00e0 chaque ouverture, \u00e0 apporter des dons pour la Gratuiterie et ce dimanche nous f\u00eaterons comme il se doit le passage de la deuxi\u00e8me tonne, controns ensemble ce non \u00e9v\u00e8nement capitaliste qu'est le Black Friday\u2026","rel":"","context":"Dans &quot;Non class\u00e9&quot;","block_context":{"text":"Non class\u00e9","link":"https:\/\/www.labozero.org\/index.php\/category\/non-classe\/"},"img":{"alt_text":"","src":"https:\/\/i0.wp.com\/www.labozero.org\/wp-content\/uploads\/2018\/11\/greenfriday-gaspillage_recyclage-150x150.jpg?resize=350%2C200&ssl=1","width":350,"height":200,"srcset":"https:\/\/i0.wp.com\/www.labozero.org\/wp-content\/uploads\/2018\/11\/greenfriday-gaspillage_recyclage-150x150.jpg?resize=350%2C200&ssl=1 1x, https:\/\/i0.wp.com\/www.labozero.org\/wp-content\/uploads\/2018\/11\/greenfriday-gaspillage_recyclage-150x150.jpg?resize=525%2C300&ssl=1 1.5x"},"classes":[]},{"id":1673,"url":"https:\/\/www.labozero.org\/index.php\/2020\/08\/10\/programmation-de-lete-la-suite\/","url_meta":{"origin":119,"position":5},"title":"Programmation de l&rsquo;\u00e9t\u00e9, la suite :","author":"labozero","date":"10 ao\u00fbt, 2020","format":false,"excerpt":"Vous avez \u00e9t\u00e9 tr\u00e8s nombreux hier (pr\u00e8s de 170), \u00e0 la Gratuiterie ambulante et g\u00e9ante de Pantin. On vous remercie d'avoir pr\u00eat\u00e9 attention aux consignes sanitaire malgr\u00e9 la chaleur pesante. Un grand merci aussi \u00e0 Gabriel et Stephanie pour leur aide pr\u00e9cieuse. Un tr\u00e8s beau moment de partage comme on\u2026","rel":"","context":"Dans &quot;Non class\u00e9&quot;","block_context":{"text":"Non class\u00e9","link":"https:\/\/www.labozero.org\/index.php\/category\/non-classe\/"},"img":{"alt_text":"","src":"https:\/\/i0.wp.com\/www.labozero.org\/wp-content\/uploads\/2020\/08\/IMG-5511.jpg?resize=350%2C200&ssl=1","width":350,"height":200,"srcset":"https:\/\/i0.wp.com\/www.labozero.org\/wp-content\/uploads\/2020\/08\/IMG-5511.jpg?resize=350%2C200&ssl=1 1x, https:\/\/i0.wp.com\/www.labozero.org\/wp-content\/uploads\/2020\/08\/IMG-5511.jpg?resize=525%2C300&ssl=1 1.5x, https:\/\/i0.wp.com\/www.labozero.org\/wp-content\/uploads\/2020\/08\/IMG-5511.jpg?resize=700%2C400&ssl=1 2x"},"classes":[]}],"jetpack_shortlink":"https:\/\/wp.me\/pbPs9A-1V","jetpack_sharing_enabled":true,"_links":{"self":[{"href":"https:\/\/www.labozero.org\/index.php\/wp-json\/wp\/v2\/posts\/119","targetHints":{"allow":["GET"]}}],"collection":[{"href":"https:\/\/www.labozero.org\/index.php\/wp-json\/wp\/v2\/posts"}],"about":[{"href":"https:\/\/www.labozero.org\/index.php\/wp-json\/wp\/v2\/types\/post"}],"author":[{"embeddable":true,"href":"https:\/\/www.labozero.org\/index.php\/wp-json\/wp\/v2\/users\/2"}],"replies":[{"embeddable":true,"href":"https:\/\/www.labozero.org\/index.php\/wp-json\/wp\/v2\/comments?post=119"}],"version-history":[{"count":0,"href":"https:\/\/www.labozero.org\/index.php\/wp-json\/wp\/v2\/posts\/119\/revisions"}],"wp:attachment":[{"href":"https:\/\/www.labozero.org\/index.php\/wp-json\/wp\/v2\/media?parent=119"}],"wp:term":[{"taxonomy":"category","embeddable":true,"href":"https:\/\/www.labozero.org\/index.php\/wp-json\/wp\/v2\/categories?post=119"},{"taxonomy":"post_tag","embeddable":true,"href":"https:\/\/www.labozero.org\/index.php\/wp-json\/wp\/v2\/tags?post=119"}],"curies":[{"name":"wp","href":"https:\/\/api.w.org\/{rel}","templated":true}]}}