{"id":1065,"date":"2019-11-04T18:15:32","date_gmt":"2019-11-04T17:15:32","guid":{"rendered":"https:\/\/labozero.wordpress.com\/?p=1065"},"modified":"2019-11-04T18:15:32","modified_gmt":"2019-11-04T17:15:32","slug":"soiree-cine-docu-jeudi-soir","status":"publish","type":"post","link":"https:\/\/www.labozero.org\/index.php\/2019\/11\/04\/soiree-cine-docu-jeudi-soir\/","title":{"rendered":"Soir\u00e9e cin\u00e9\/docu jeudi soir"},"content":{"rendered":"<p style=\"text-align:justify;\">Le jeudi l&rsquo;atelier g\u00e9ant est ouvert de 18 \u00e0 21h pour recevoir l&rsquo;Amp des 4 chemins, des r\u00e9parateurs de toutes sortes et des gourmands de passage.<\/p>\n<p style=\"text-align:justify;\">Cette semaine on propose \u00e0 partir de 20h la diffusion du film de Yannis Youlountas sortit en 2015 \u00ab\u00a0Je lutte donc je suis\u00a0\u00bb. C&rsquo;est un film tourn\u00e9 en Espagne et en Gr\u00e8ce, il parle de croissance verte, de multinationales destructrices, d&rsquo;expropriations, d&rsquo;injustices, de combats, de mort mais surtout de femmes et d&rsquo;hommes ordinaires qui un jour se l\u00e8vent ensemble pour lutter chacun a sa mani\u00e8re. C&rsquo;est un film qui parle d&rsquo;humanit\u00e9, de solidarit\u00e9, de la vie.<\/p>\n<p style=\"text-align:justify;\">Synopsis \u00ab\u00a0De Gr\u00e8ce et d\u2019Espagne, un vent du sud sur l\u2019Europe, contre la r\u00e9signation. Dans les villes et les campagnes, dans les \u00eeles et les montagnes, au c\u0153ur des luttes et des alternatives en actes, des femmes, des hommes, mais aussi des enfants refusent de baisser les bras. Une m\u00eame devise r\u00e9sume leur courage de r\u00e9sister, leur joie de cr\u00e9er et leur pers\u00e9v\u00e9rance \u00e0 toute \u00e9preuve : \u00ab\u00a0JE LUTTE DONC JE SUIS\u00a0\u00bb (prononcer \u00ab\u00a0AGONIZOMAI ARA IPARKO\u00a0\u00bb en grec et \u00ab\u00a0LUCHO LUEGO EXISTO\u00a0\u00bb en espagnol). Quelques mots pour vivre debout, parce que rester assis, c\u2019est se mettre \u00e0 genoux. Une brise marine, souriante et solidaire, de Barcelone \u00e0 Ath\u00e8nes et d\u2019Andalousie en Cr\u00e8te, qui repousse les nuages du pessimisme. Un voyage palpitant en musique, d\u2019un bout \u00e0 l\u2019autre de la M\u00e9diterran\u00e9e, en terres de luttes et d\u2019utopie. \u00ab\u00a0<\/p>\n<p>Venez avec un plaid (on en a quelques uns) nous ferons de la tisane et une grande soupe pour se tenir au chaud !<\/p>\n<p style=\"text-align:center;\">Acc\u00e8s libre et gratuit, cantoch&rsquo; bio \u00e0 prix libre.<\/p>\n<p>A jeudi.<\/p>\n<p><img loading=\"lazy\" decoding=\"async\" class=\"alignnone size-full wp-image-1068 aligncenter\" src=\"https:\/\/www.labozero.org\/wp-content\/uploads\/2019\/11\/affiche_du_film_je_lutte_donc_je_suis.jpg\" alt=\"Affiche_du_film_Je_lutte_donc_je_suis\" width=\"400\" height=\"600\" srcset=\"https:\/\/www.labozero.org\/wp-content\/uploads\/2019\/11\/affiche_du_film_je_lutte_donc_je_suis.jpg 400w, https:\/\/www.labozero.org\/wp-content\/uploads\/2019\/11\/affiche_du_film_je_lutte_donc_je_suis-200x300.jpg 200w\" sizes=\"auto, (max-width: 400px) 100vw, 400px\" \/><\/p>\n<p>&nbsp;<\/p>\n","protected":false},"excerpt":{"rendered":"<p>Le jeudi l&rsquo;atelier g\u00e9ant est ouvert de 18 \u00e0 21h pour recevoir l&rsquo;Amp des 4 chemins, des r\u00e9parateurs de toutes sortes et des gourmands de passage. Cette semaine on propose \u00e0 partir de 20h la diffusion du film de Yannis Youlountas sortit en 2015 \u00ab\u00a0Je lutte donc je suis\u00a0\u00bb. C&rsquo;est un film tourn\u00e9 en Espagne et en Gr\u00e8ce, il parle de croissance verte, de multinationales destructrices, d&rsquo;expropriations, d&rsquo;injustices, de combats, de mort mais surtout de femmes et d&rsquo;hommes ordinaires qui un jour se l\u00e8vent ensemble pour lutter chacun a sa mani\u00e8re. C&rsquo;est un film qui parle d&rsquo;humanit\u00e9, de solidarit\u00e9, de la vie. Synopsis \u00ab\u00a0De Gr\u00e8ce et d\u2019Espagne, un vent du sud sur l\u2019Europe, contre la r\u00e9signation. Dans les villes et les campagnes, dans les \u00eeles et les montagnes, au c\u0153ur des luttes et des alternatives en actes, des femmes, des hommes, mais aussi des enfants refusent de baisser les bras. Une m\u00eame devise r\u00e9sume leur courage de r\u00e9sister, leur joie de cr\u00e9er et leur pers\u00e9v\u00e9rance \u00e0 toute \u00e9preuve : \u00ab\u00a0JE LUTTE DONC JE SUIS\u00a0\u00bb (prononcer \u00ab\u00a0AGONIZOMAI ARA IPARKO\u00a0\u00bb en grec et \u00ab\u00a0LUCHO LUEGO EXISTO\u00a0\u00bb en espagnol). Quelques mots pour vivre debout, parce que rester assis, c\u2019est se mettre \u00e0 genoux. Une brise marine, souriante et solidaire, de Barcelone \u00e0 Ath\u00e8nes et d\u2019Andalousie en Cr\u00e8te, qui repousse les nuages du pessimisme. Un voyage palpitant en musique, d\u2019un bout \u00e0 l\u2019autre de la M\u00e9diterran\u00e9e, en terres de luttes et d\u2019utopie. \u00ab\u00a0 Venez avec un plaid (on en a quelques uns) nous ferons de la tisane et une grande soupe pour se tenir au chaud ! Acc\u00e8s libre et gratuit, cantoch&rsquo; bio \u00e0 prix libre. A jeudi. &nbsp;<\/p>\n","protected":false},"author":2,"featured_media":0,"comment_status":"open","ping_status":"open","sticky":false,"template":"","format":"standard","meta":{"rop_custom_images_group":[],"rop_custom_messages_group":[],"rop_publish_now":"initial","rop_publish_now_accounts":[],"rop_publish_now_history":[],"rop_publish_now_status":"pending","_themeisle_gutenberg_block_has_review":false,"_jetpack_memberships_contains_paid_content":false,"footnotes":""},"categories":[1],"tags":[],"class_list":["post-1065","post","type-post","status-publish","format-standard","hentry","category-non-classe"],"jetpack_featured_media_url":"","jetpack-related-posts":[{"id":905,"url":"https:\/\/www.labozero.org\/index.php\/2019\/08\/09\/pas-de-vacances-au-leo\/","url_meta":{"origin":1065,"position":0},"title":"Pas de vacances au LE\u00d8 !","author":"labozero","date":"9 ao\u00fbt, 2019","format":false,"excerpt":"Encore une belle semaine pour nous ! On a lanc\u00e9 une nouvelle collaboration avec les midis du mie une asso qui aide les mineurs isol\u00e9s. Ils trouveront chez nous l\u00e9gumes de r\u00e9cup', v\u00eatements , chaussures, sacs \u00e0 dos, produits d'hygi\u00e8ne.... Deux r\u00e9sidences sont en cours , \"la compagnie des ch\u00e2teaux\u2026","rel":"","context":"Dans &quot;Non class\u00e9&quot;","block_context":{"text":"Non class\u00e9","link":"https:\/\/www.labozero.org\/index.php\/category\/non-classe\/"},"img":{"alt_text":"","src":"https:\/\/i0.wp.com\/www.labozero.org\/wp-content\/uploads\/2019\/08\/img_0830-150x150.jpg?resize=350%2C200&ssl=1","width":350,"height":200,"srcset":"https:\/\/i0.wp.com\/www.labozero.org\/wp-content\/uploads\/2019\/08\/img_0830-150x150.jpg?resize=350%2C200&ssl=1 1x, https:\/\/i0.wp.com\/www.labozero.org\/wp-content\/uploads\/2019\/08\/img_0830-150x150.jpg?resize=525%2C300&ssl=1 1.5x"},"classes":[]},{"id":1291,"url":"https:\/\/www.labozero.org\/index.php\/2020\/02\/03\/1291\/","url_meta":{"origin":1065,"position":1},"title":"La prog&rsquo; de la semaine :","author":"labozero","date":"3 f\u00e9vrier, 2020","format":false,"excerpt":"Les premi\u00e8re photos des exp\u00e9rimentations de renaturation de dimanche dernier, hier le chantier s'est poursuivit sous la pluie. Retrouvez \"Herbo\" pour pour poursuivre l'aventure en ext\u00e9rieur et int\u00e9rieur ou comment v\u00e9g\u00e9taliser et remettre de la vie dans des espaces st\u00e9riles (sol b\u00e9tonn\u00e9, espaces int\u00e9rieurs) mais aussi apprendre les bases de\u2026","rel":"","context":"Dans &quot;Non class\u00e9&quot;","block_context":{"text":"Non class\u00e9","link":"https:\/\/www.labozero.org\/index.php\/category\/non-classe\/"},"img":{"alt_text":"","src":"https:\/\/i0.wp.com\/www.labozero.org\/wp-content\/uploads\/2020\/01\/p1010985-150x150.jpg?resize=350%2C200&ssl=1","width":350,"height":200,"srcset":"https:\/\/i0.wp.com\/www.labozero.org\/wp-content\/uploads\/2020\/01\/p1010985-150x150.jpg?resize=350%2C200&ssl=1 1x, https:\/\/i0.wp.com\/www.labozero.org\/wp-content\/uploads\/2020\/01\/p1010985-150x150.jpg?resize=525%2C300&ssl=1 1.5x, https:\/\/i0.wp.com\/www.labozero.org\/wp-content\/uploads\/2020\/01\/p1010985-150x150.jpg?resize=700%2C400&ssl=1 2x, https:\/\/i0.wp.com\/www.labozero.org\/wp-content\/uploads\/2020\/01\/p1010985-150x150.jpg?resize=1050%2C600&ssl=1 3x"},"classes":[]},{"id":1158,"url":"https:\/\/www.labozero.org\/index.php\/2019\/12\/11\/un-spectacle-pour-les-fetes\/","url_meta":{"origin":1065,"position":2},"title":"Un spectacle pour les f\u00eates !","author":"labozero","date":"11 d\u00e9cembre, 2019","format":false,"excerpt":"Exceptionnel au LE\u00d8 ! Les 19\/20\/21 d\u00e9cembre nous accueillons la compagnie des Ch\u00e2teaux en Espagne qui proposera leur spectacle TREVE : un comte visuel et immersif, tout public. RDV jeudi 19, vendredi 20 et samedi 21 d\u00e9cembre au 20 avenue Edouard Vaillant \u00e0 20h. Prix libre et cantoch' bio (et\u2026","rel":"","context":"Dans &quot;Non class\u00e9&quot;","block_context":{"text":"Non class\u00e9","link":"https:\/\/www.labozero.org\/index.php\/category\/non-classe\/"},"img":{"alt_text":"","src":"https:\/\/i0.wp.com\/www.labozero.org\/wp-content\/uploads\/2019\/12\/trecc82ve-dessin.jpg?resize=350%2C200&ssl=1","width":350,"height":200,"srcset":"https:\/\/i0.wp.com\/www.labozero.org\/wp-content\/uploads\/2019\/12\/trecc82ve-dessin.jpg?resize=350%2C200&ssl=1 1x, https:\/\/i0.wp.com\/www.labozero.org\/wp-content\/uploads\/2019\/12\/trecc82ve-dessin.jpg?resize=525%2C300&ssl=1 1.5x, https:\/\/i0.wp.com\/www.labozero.org\/wp-content\/uploads\/2019\/12\/trecc82ve-dessin.jpg?resize=700%2C400&ssl=1 2x, https:\/\/i0.wp.com\/www.labozero.org\/wp-content\/uploads\/2019\/12\/trecc82ve-dessin.jpg?resize=1050%2C600&ssl=1 3x, https:\/\/i0.wp.com\/www.labozero.org\/wp-content\/uploads\/2019\/12\/trecc82ve-dessin.jpg?resize=1400%2C800&ssl=1 4x"},"classes":[]},{"id":4230,"url":"https:\/\/www.labozero.org\/index.php\/2023\/02\/13\/activites-luttes-infos\/","url_meta":{"origin":1065,"position":3},"title":"Activit\u00e9s, luttes, infos&#8230;","author":"labozero","date":"13 f\u00e9vrier, 2023","format":false,"excerpt":"Dans le cadre de la lutte contre la loi Kasbarian-Berg\u00e9 (infos ICI) et pour soutenir les plus pr\u00e9caires qui sont impact\u00e9es de plein fouet par le gouvernement, nous organisons une nouvelle : Gratuiterie exceptionnelle \u00e0 destination des Femmes et des Enfants : le Lundi 20 F\u00e9vrier de 14 \u00e0 20H.\u2026","rel":"","context":"Dans &quot;Non class\u00e9&quot;","block_context":{"text":"Non class\u00e9","link":"https:\/\/www.labozero.org\/index.php\/category\/non-classe\/"},"img":{"alt_text":"","src":"https:\/\/i0.wp.com\/www.labozero.org\/wp-content\/uploads\/2023\/02\/WhatsApp-Image-2023-02-13-at-12.50.01-1.jpeg?resize=350%2C200&ssl=1","width":350,"height":200,"srcset":"https:\/\/i0.wp.com\/www.labozero.org\/wp-content\/uploads\/2023\/02\/WhatsApp-Image-2023-02-13-at-12.50.01-1.jpeg?resize=350%2C200&ssl=1 1x, https:\/\/i0.wp.com\/www.labozero.org\/wp-content\/uploads\/2023\/02\/WhatsApp-Image-2023-02-13-at-12.50.01-1.jpeg?resize=525%2C300&ssl=1 1.5x, https:\/\/i0.wp.com\/www.labozero.org\/wp-content\/uploads\/2023\/02\/WhatsApp-Image-2023-02-13-at-12.50.01-1.jpeg?resize=700%2C400&ssl=1 2x, https:\/\/i0.wp.com\/www.labozero.org\/wp-content\/uploads\/2023\/02\/WhatsApp-Image-2023-02-13-at-12.50.01-1.jpeg?resize=1050%2C600&ssl=1 3x, https:\/\/i0.wp.com\/www.labozero.org\/wp-content\/uploads\/2023\/02\/WhatsApp-Image-2023-02-13-at-12.50.01-1.jpeg?resize=1400%2C800&ssl=1 4x"},"classes":[]},{"id":1315,"url":"https:\/\/www.labozero.org\/index.php\/2020\/02\/10\/la-tempete-est-passee-on-se-retrouve\/","url_meta":{"origin":1065,"position":4},"title":"La temp\u00eate est pass\u00e9e, on se retrouve !","author":"labozero","date":"10 f\u00e9vrier, 2020","format":false,"excerpt":"Nous sommes encore d\u00e9sol\u00e9s de cette fermeture impr\u00e9vue dimanche dernier. M\u00eame si nous n'avons pas eu de d\u00e9g\u00e2ts nous avons pr\u00e9f\u00e9r\u00e9 jouer la s\u00e9curit\u00e9 ;) . Des \u00e9v\u00e8nements arrivent pour le mois de Mars : \"la colo \u00e9colo des bricolos, ou faim de chantiers\" une semaine en immersion au LE\u00d8\u2026","rel":"","context":"Dans &quot;Non class\u00e9&quot;","block_context":{"text":"Non class\u00e9","link":"https:\/\/www.labozero.org\/index.php\/category\/non-classe\/"},"img":{"alt_text":"","src":"https:\/\/i0.wp.com\/www.labozero.org\/wp-content\/uploads\/2020\/02\/7.jpg?resize=350%2C200&ssl=1","width":350,"height":200,"srcset":"https:\/\/i0.wp.com\/www.labozero.org\/wp-content\/uploads\/2020\/02\/7.jpg?resize=350%2C200&ssl=1 1x, https:\/\/i0.wp.com\/www.labozero.org\/wp-content\/uploads\/2020\/02\/7.jpg?resize=525%2C300&ssl=1 1.5x"},"classes":[]},{"id":829,"url":"https:\/\/www.labozero.org\/index.php\/2019\/06\/29\/convergence-des-luttes\/","url_meta":{"origin":1065,"position":5},"title":"Convergence des luttes !","author":"labozero","date":"29 juin, 2019","format":false,"excerpt":"Depuis une dizaine de jours les \"goudoues de l'espace\" ont boss\u00e9 comme des folles pour r\u00e9aliser le char de t\u00eate de la Gay Pride. Soudure, d\u00e9co, pancartes mais aussi formation d\u2019autod\u00e9fense et d'encadrement de manif. \u00a0 Enfin des femmes en t\u00eate de cort\u00e8ge, enfin un v\u00e9hicule non motoris\u00e9 aussi !\u2026","rel":"","context":"Dans &quot;Non class\u00e9&quot;","block_context":{"text":"Non class\u00e9","link":"https:\/\/www.labozero.org\/index.php\/category\/non-classe\/"},"img":{"alt_text":"","src":"https:\/\/i0.wp.com\/www.labozero.org\/wp-content\/uploads\/2019\/06\/img_0764-150x150.jpg?resize=350%2C200&ssl=1","width":350,"height":200,"srcset":"https:\/\/i0.wp.com\/www.labozero.org\/wp-content\/uploads\/2019\/06\/img_0764-150x150.jpg?resize=350%2C200&ssl=1 1x, https:\/\/i0.wp.com\/www.labozero.org\/wp-content\/uploads\/2019\/06\/img_0764-150x150.jpg?resize=525%2C300&ssl=1 1.5x"},"classes":[]}],"jetpack_shortlink":"https:\/\/wp.me\/pbPs9A-hb","jetpack_sharing_enabled":true,"_links":{"self":[{"href":"https:\/\/www.labozero.org\/index.php\/wp-json\/wp\/v2\/posts\/1065","targetHints":{"allow":["GET"]}}],"collection":[{"href":"https:\/\/www.labozero.org\/index.php\/wp-json\/wp\/v2\/posts"}],"about":[{"href":"https:\/\/www.labozero.org\/index.php\/wp-json\/wp\/v2\/types\/post"}],"author":[{"embeddable":true,"href":"https:\/\/www.labozero.org\/index.php\/wp-json\/wp\/v2\/users\/2"}],"replies":[{"embeddable":true,"href":"https:\/\/www.labozero.org\/index.php\/wp-json\/wp\/v2\/comments?post=1065"}],"version-history":[{"count":0,"href":"https:\/\/www.labozero.org\/index.php\/wp-json\/wp\/v2\/posts\/1065\/revisions"}],"wp:attachment":[{"href":"https:\/\/www.labozero.org\/index.php\/wp-json\/wp\/v2\/media?parent=1065"}],"wp:term":[{"taxonomy":"category","embeddable":true,"href":"https:\/\/www.labozero.org\/index.php\/wp-json\/wp\/v2\/categories?post=1065"},{"taxonomy":"post_tag","embeddable":true,"href":"https:\/\/www.labozero.org\/index.php\/wp-json\/wp\/v2\/tags?post=1065"}],"curies":[{"name":"wp","href":"https:\/\/api.w.org\/{rel}","templated":true}]}}