{"id":1056,"date":"2019-11-02T12:39:08","date_gmt":"2019-11-02T11:39:08","guid":{"rendered":"https:\/\/labozero.wordpress.com\/?p=1056"},"modified":"2019-11-02T12:39:08","modified_gmt":"2019-11-02T11:39:08","slug":"work-in-progress-et-un-atelier-mode-a-venir","status":"publish","type":"post","link":"https:\/\/www.labozero.org\/index.php\/2019\/11\/02\/work-in-progress-et-un-atelier-mode-a-venir\/","title":{"rendered":"Work in progress et un atelier Mode \u00e0 venir"},"content":{"rendered":"<p>On travaille dur pour remettre la <a href=\"https:\/\/labozero.wordpress.com\/la-gratuiterie-du-leo\/\">Gratuiterie<\/a> en service \u00e0 Pantin, avec une nouvelle formule dont on vous parlera tr\u00e8s vite.<\/p>\n<p>Une premi\u00e8re photo myst\u00e9rieuse du chantier en cours :<\/p>\n<p><img loading=\"lazy\" decoding=\"async\" class=\"alignnone size-full wp-image-1058\" src=\"https:\/\/www.labozero.org\/wp-content\/uploads\/2019\/11\/p1010865.jpeg\" alt=\"OLYMPUS DIGITAL CAMERA\" width=\"1000\" height=\"745\" srcset=\"https:\/\/www.labozero.org\/wp-content\/uploads\/2019\/11\/p1010865.jpeg 1000w, https:\/\/www.labozero.org\/wp-content\/uploads\/2019\/11\/p1010865-300x224.jpeg 300w, https:\/\/www.labozero.org\/wp-content\/uploads\/2019\/11\/p1010865-768x572.jpeg 768w\" sizes=\"auto, (max-width: 1000px) 100vw, 1000px\" \/><\/p>\n<p>Si on se motive c&rsquo;est pour accueillir l&rsquo;\u00e9v\u00e8nement de <a href=\"https:\/\/www.facebook.com\/groups\/PantinFamily\/\">Pantin Family<\/a> , RDV le samedi 16 novembre de 10 \u00e0 13h, chez nous \u00e0 Pantin :<\/p>\n<h3 class=\"title\" style=\"text-align:center;\"><span style=\"text-decoration:underline;\">Ateliers Mode \u2013 1\u00e8re session (colorim\u00e9trie, garde-robe capsule)<\/span><\/h3>\n<p><strong><span style=\"color:#008000;\">ATTENTION !!!<\/span><\/strong><br \/>\n<strong><span style=\"color:#008000;\">R\u00e9servation OBLIGATOIRE par email : pantinfamily93@gmail.com en pr\u00e9cisant nom, pr\u00e9nom, num\u00e9ro de portable, et adresse postale \u00e0 Pantin.<\/span><\/strong><br \/>\nPublic et tarifs :<br \/>\n40 personnes (femmes et hommes) ; GRATUITE et PRIORITE aux personnes des QUARTIERS PRIORITAIRES (Quatre-Chemins, Courtili\u00e8res, Ilot 27).<br \/>\n&#8211; Habitants des quartiers prioritaires : Prioritaires et atelier gratuit<br \/>\n&#8211; Adh\u00e9rents \u00e0 l\u2019association Pantin Family : 2 Euros<br \/>\n&#8211; Non Adh\u00e9rents et habitants des autres quartiers de Pantin : 5 Euros<br \/>\n&#8211; Presse\/Journalistes : atelier gratuit<\/p>\n<p>Merci de votre compr\u00e9hension.<\/p>\n<p>*** *** ***<br \/>\nPROGRAMME<br \/>\nIntervenante : Caroline de Surany<br \/>\nCaroline de Surany est styliste, coach et \u00e9crivain. Auteur de nombreux livres et guides de style et d\u00e9veloppement personnel, elle a pendant dix ans anim\u00e9 le tr\u00e8s influent blog <a href=\"http:\/\/carolinedaily.com\/?fbclid=IwAR1iImbvIsSp_rQH0TFIzS4X6M_sqzsZwsMXzunU12n4WKBhDhCcvPYoydY\">CarolineDaily.com<\/a> pour lequel elle a couru les fashion week du monde entier. Aujourd\u2019hui, form\u00e9e au coaching, elle explore la coh\u00e9rence entre la personnalit\u00e9 et l\u2019image ext\u00e9rieure. Elle conseille les jeunes entrepreneuses comme les dirigeantes sur le style qui porte le mieux leur message. En parall\u00e8le, elle aide les particuliers \u00e0 trouver leur style unique, et \u00e0 former des garde-robes capsules.<br \/>\n&#8212;<br \/>\nLieu : Laboratoire Ecologique \u00d8D\u00e9chet (au sein de la gratuiterie)<br \/>\nLe Laboratoire Ecologique \u00d8d\u00e9chet (LE\u00d8) est une association depuis janvier 2019, notre objectif est de proposer des actions et de r\u00e9fl\u00e9chir \u00e0 une \u00e9cologie participative, simple, joyeuse et surtout accessible \u00e0 tous.<br \/>\n&#8212;<br \/>\nConcept :<br \/>\nFormer des groupes, et \u00e9changer ensemble avec une intervenante autour des sujets suivants : consommer moins de v\u00eatements et mieux ; se sentir beau\/belle dans des silhouettes adapt\u00e9es \u00e0 chaque personnalit\u00e9 ; appr\u00e9hender l\u2019acte de consommation de v\u00eatements d\u2019une mani\u00e8re plus responsable et plus personnalis\u00e9e ; discuter autour du cycle de vie d\u2019un v\u00eatement ; mettre en avant les possibilit\u00e9s d\u2019acqu\u00e9rir ou d\u2019acheter des v\u00eatements diff\u00e9remment (gratuiterie, seconde main\u2026).<br \/>\n&#8212;<br \/>\nFormat en 3 parties :<br \/>\nA\/Qu\u2019est-ce qu\u2019une garde-robe caspsule ? Quels sont les avantages ?<br \/>\nB\/Quels sont les crit\u00e8res d\u00e9terminants pour minimiser sa garde-robe (couleurs, mati\u00e8res, coupes, r\u00e9alit\u00e9 du quotidien professionnel et personnel) ?<br \/>\nC\/Exercices en groupe pour trouver ces crit\u00e8res<br \/>\n&#8212;<br \/>\nPS : Selon le succ\u00e8s de cet atelier, nous pourrons mettre en place un prochain RDV sur des th\u00e9matiques similaires dans un autre quartier de Pantin.<\/p>\n<p>&nbsp;<\/p>\n","protected":false},"excerpt":{"rendered":"<p>On travaille dur pour remettre la Gratuiterie en service \u00e0 Pantin, avec une nouvelle formule dont on vous parlera tr\u00e8s vite. Une premi\u00e8re photo myst\u00e9rieuse du chantier en cours : Si on se motive c&rsquo;est pour accueillir l&rsquo;\u00e9v\u00e8nement de Pantin Family , RDV le samedi 16 novembre de 10 \u00e0 13h, chez nous \u00e0 Pantin : Ateliers Mode \u2013 1\u00e8re session (colorim\u00e9trie, garde-robe capsule) ATTENTION !!! R\u00e9servation OBLIGATOIRE par email : pantinfamily93@gmail.com en pr\u00e9cisant nom, pr\u00e9nom, num\u00e9ro de portable, et adresse postale \u00e0 Pantin. Public et tarifs : 40 personnes (femmes et hommes) ; GRATUITE et PRIORITE aux personnes des QUARTIERS PRIORITAIRES (Quatre-Chemins, Courtili\u00e8res, Ilot 27). &#8211; Habitants des quartiers prioritaires : Prioritaires et atelier gratuit &#8211; Adh\u00e9rents \u00e0 l\u2019association Pantin Family : 2 Euros &#8211; Non Adh\u00e9rents et habitants des autres quartiers de Pantin : 5 Euros &#8211; Presse\/Journalistes : atelier gratuit Merci de votre compr\u00e9hension. *** *** *** PROGRAMME Intervenante : Caroline de Surany Caroline de Surany est styliste, coach et \u00e9crivain. Auteur de nombreux livres et guides de style et d\u00e9veloppement personnel, elle a pendant dix ans anim\u00e9 le tr\u00e8s influent blog CarolineDaily.com pour lequel elle a couru les fashion week du monde entier. Aujourd\u2019hui, form\u00e9e au coaching, elle explore la coh\u00e9rence entre la personnalit\u00e9 et l\u2019image ext\u00e9rieure. Elle conseille les jeunes entrepreneuses comme les dirigeantes sur le style qui porte le mieux leur message. En parall\u00e8le, elle aide les particuliers \u00e0 trouver leur style unique, et \u00e0 former des garde-robes capsules. &#8212; Lieu : Laboratoire Ecologique \u00d8D\u00e9chet (au sein de la gratuiterie) Le Laboratoire Ecologique \u00d8d\u00e9chet (LE\u00d8) est une association depuis janvier 2019, notre objectif est de proposer des actions et de r\u00e9fl\u00e9chir \u00e0 une \u00e9cologie participative, simple, joyeuse et surtout accessible \u00e0 tous. &#8212; Concept : Former des groupes, et \u00e9changer ensemble avec une intervenante autour des sujets suivants : consommer moins de v\u00eatements et mieux ; se sentir beau\/belle dans des silhouettes adapt\u00e9es \u00e0 chaque personnalit\u00e9 ; appr\u00e9hender l\u2019acte de consommation de v\u00eatements d\u2019une mani\u00e8re plus responsable et plus personnalis\u00e9e ; discuter autour du cycle de vie d\u2019un v\u00eatement ; mettre en avant les possibilit\u00e9s d\u2019acqu\u00e9rir ou d\u2019acheter des v\u00eatements diff\u00e9remment (gratuiterie, seconde main\u2026). &#8212; Format en 3 parties : A\/Qu\u2019est-ce qu\u2019une garde-robe caspsule ? Quels sont les avantages ? B\/Quels sont les crit\u00e8res d\u00e9terminants pour minimiser sa garde-robe (couleurs, mati\u00e8res, coupes, r\u00e9alit\u00e9 du quotidien professionnel et personnel) ? C\/Exercices en groupe pour trouver ces crit\u00e8res &#8212; PS : Selon le succ\u00e8s de cet atelier, nous pourrons mettre en place un prochain RDV sur des th\u00e9matiques similaires dans un autre quartier de Pantin. &nbsp;<\/p>\n","protected":false},"author":2,"featured_media":0,"comment_status":"open","ping_status":"open","sticky":false,"template":"","format":"standard","meta":{"rop_custom_images_group":[],"rop_custom_messages_group":[],"rop_publish_now":"initial","rop_publish_now_accounts":[],"rop_publish_now_history":[],"rop_publish_now_status":"pending","_themeisle_gutenberg_block_has_review":false,"_jetpack_memberships_contains_paid_content":false,"footnotes":""},"categories":[1],"tags":[],"class_list":["post-1056","post","type-post","status-publish","format-standard","hentry","category-non-classe"],"jetpack_featured_media_url":"","jetpack-related-posts":[{"id":5506,"url":"https:\/\/www.labozero.org\/index.php\/2023\/11\/22\/gratuiterie-a-pantin-2\/","url_meta":{"origin":1056,"position":0},"title":"Gratuiterie \u00e0 Pantin","author":"labozero","date":"22 novembre, 2023","format":false,"excerpt":"On se retrouve Samedi 25 Novembre \u00e0 Pantin entre 15h et 17h Pour rappel la Gratuiterie du LE\u00d8 est: ANTICAPITALISTE : elle limite les rapports marchands et \u00e9vite l\u2019achat de produits neufs. SOLIDAIRE : elle permet aux personnes les plus pr\u00e9caris\u00e9es d\u2019avoir acc\u00e8s \u00e0 des biens de qualit\u00e9 gratuitement. ECOLOGIQUE\u2026","rel":"","context":"Dans &quot;Non class\u00e9&quot;","block_context":{"text":"Non class\u00e9","link":"https:\/\/www.labozero.org\/index.php\/category\/non-classe\/"},"img":{"alt_text":"","src":"https:\/\/i0.wp.com\/www.labozero.org\/wp-content\/uploads\/2023\/11\/WhatsApp-Image-2023-11-22-at-16.01.18-150x150.jpeg?resize=350%2C200&ssl=1","width":350,"height":200,"srcset":"https:\/\/i0.wp.com\/www.labozero.org\/wp-content\/uploads\/2023\/11\/WhatsApp-Image-2023-11-22-at-16.01.18-150x150.jpeg?resize=350%2C200&ssl=1 1x, https:\/\/i0.wp.com\/www.labozero.org\/wp-content\/uploads\/2023\/11\/WhatsApp-Image-2023-11-22-at-16.01.18-150x150.jpeg?resize=525%2C300&ssl=1 1.5x, https:\/\/i0.wp.com\/www.labozero.org\/wp-content\/uploads\/2023\/11\/WhatsApp-Image-2023-11-22-at-16.01.18-150x150.jpeg?resize=700%2C400&ssl=1 2x"},"classes":[]},{"id":1076,"url":"https:\/\/www.labozero.org\/index.php\/2019\/11\/12\/une-semaine-tres-tres-chargee\/","url_meta":{"origin":1056,"position":1},"title":"Une semaine tr\u00e8s tr\u00e8s charg\u00e9e !","author":"labozero","date":"12 novembre, 2019","format":false,"excerpt":"Bonjour \u00e0 tous ! Ca fuse dans tous les sens ces derniers jours, avec l'arriv\u00e9e du froid, des grosses livraisons et une folie de chantiers partout ! Les copains h\u00e9berg\u00e9s ici plusieurs mois ont trouv\u00e9 un nouveau nid du coup nous r\u00e9organisons l'\u00e9tage pour avoir une petite salle de r\u00e9union\/travail\u2026","rel":"","context":"Dans &quot;Non class\u00e9&quot;","block_context":{"text":"Non class\u00e9","link":"https:\/\/www.labozero.org\/index.php\/category\/non-classe\/"},"img":{"alt_text":"","src":"https:\/\/i0.wp.com\/www.labozero.org\/wp-content\/uploads\/2019\/11\/img_0961-150x150.jpg?resize=350%2C200&ssl=1","width":350,"height":200,"srcset":"https:\/\/i0.wp.com\/www.labozero.org\/wp-content\/uploads\/2019\/11\/img_0961-150x150.jpg?resize=350%2C200&ssl=1 1x, https:\/\/i0.wp.com\/www.labozero.org\/wp-content\/uploads\/2019\/11\/img_0961-150x150.jpg?resize=525%2C300&ssl=1 1.5x"},"classes":[]},{"id":806,"url":"https:\/\/www.labozero.org\/index.php\/2019\/06\/05\/week-end-des-8-et-9-juin\/","url_meta":{"origin":1056,"position":2},"title":"Week end des 8 et 9 juin","author":"labozero","date":"5 juin, 2019","format":false,"excerpt":"Plein de choses pour ce week end : \u00a0 Samedi \u00e0 Pantin : ouverture exceptionnelle de \"l'Atelier G\u00e9ant\", on accueille la cyclofficine de Pantin pour un atelier de rue dans le cadre de la f\u00eate de quartier des 4 chemins. Venez r\u00e9parer votre v\u00e9lo entre 14 et 17h au 20\u2026","rel":"","context":"Dans &quot;Non class\u00e9&quot;","block_context":{"text":"Non class\u00e9","link":"https:\/\/www.labozero.org\/index.php\/category\/non-classe\/"},"img":{"alt_text":"","src":"https:\/\/i0.wp.com\/www.labozero.org\/wp-content\/uploads\/2019\/06\/2019-04-05_093250lapartdes-autres.png?resize=350%2C200&ssl=1","width":350,"height":200,"srcset":"https:\/\/i0.wp.com\/www.labozero.org\/wp-content\/uploads\/2019\/06\/2019-04-05_093250lapartdes-autres.png?resize=350%2C200&ssl=1 1x, https:\/\/i0.wp.com\/www.labozero.org\/wp-content\/uploads\/2019\/06\/2019-04-05_093250lapartdes-autres.png?resize=525%2C300&ssl=1 1.5x"},"classes":[]},{"id":1315,"url":"https:\/\/www.labozero.org\/index.php\/2020\/02\/10\/la-tempete-est-passee-on-se-retrouve\/","url_meta":{"origin":1056,"position":3},"title":"La temp\u00eate est pass\u00e9e, on se retrouve !","author":"labozero","date":"10 f\u00e9vrier, 2020","format":false,"excerpt":"Nous sommes encore d\u00e9sol\u00e9s de cette fermeture impr\u00e9vue dimanche dernier. M\u00eame si nous n'avons pas eu de d\u00e9g\u00e2ts nous avons pr\u00e9f\u00e9r\u00e9 jouer la s\u00e9curit\u00e9 ;) . Des \u00e9v\u00e8nements arrivent pour le mois de Mars : \"la colo \u00e9colo des bricolos, ou faim de chantiers\" une semaine en immersion au LE\u00d8\u2026","rel":"","context":"Dans &quot;Non class\u00e9&quot;","block_context":{"text":"Non class\u00e9","link":"https:\/\/www.labozero.org\/index.php\/category\/non-classe\/"},"img":{"alt_text":"","src":"https:\/\/i0.wp.com\/www.labozero.org\/wp-content\/uploads\/2020\/02\/7.jpg?resize=350%2C200&ssl=1","width":350,"height":200,"srcset":"https:\/\/i0.wp.com\/www.labozero.org\/wp-content\/uploads\/2020\/02\/7.jpg?resize=350%2C200&ssl=1 1x, https:\/\/i0.wp.com\/www.labozero.org\/wp-content\/uploads\/2020\/02\/7.jpg?resize=525%2C300&ssl=1 1.5x"},"classes":[]},{"id":1104,"url":"https:\/\/www.labozero.org\/index.php\/2019\/11\/26\/1104\/","url_meta":{"origin":1056,"position":4},"title":"On se remet tranquillement de\u2026","author":"labozero","date":"26 novembre, 2019","format":false,"excerpt":"On se remet tranquillement de nos \u00e9motions, on a bien fait la f\u00eate, d\u00e9sormais c'est le temps de se projeter une peu plus sereinement ! On pr\u00e9pare le N\u00d8EL des mamans, avec un petit bagage d'amour pour le 23 d\u00e9cembre, au programme une f\u00eate solidaire avec cadeaux et bon d\u00eener\u2026","rel":"","context":"Dans &quot;Non class\u00e9&quot;","block_context":{"text":"Non class\u00e9","link":"https:\/\/www.labozero.org\/index.php\/category\/non-classe\/"},"img":{"alt_text":"","src":"https:\/\/i0.wp.com\/www.labozero.org\/wp-content\/uploads\/2019\/11\/p1010879-150x150.jpg?resize=350%2C200&ssl=1","width":350,"height":200,"srcset":"https:\/\/i0.wp.com\/www.labozero.org\/wp-content\/uploads\/2019\/11\/p1010879-150x150.jpg?resize=350%2C200&ssl=1 1x, https:\/\/i0.wp.com\/www.labozero.org\/wp-content\/uploads\/2019\/11\/p1010879-150x150.jpg?resize=525%2C300&ssl=1 1.5x, https:\/\/i0.wp.com\/www.labozero.org\/wp-content\/uploads\/2019\/11\/p1010879-150x150.jpg?resize=700%2C400&ssl=1 2x"},"classes":[]},{"id":1221,"url":"https:\/\/www.labozero.org\/index.php\/2020\/01\/17\/tricot-couture-danse-boxe-et-revolution\/","url_meta":{"origin":1056,"position":5},"title":"Tricot, couture, danse, boxe et R\u00e9volution !","author":"labozero","date":"17 janvier, 2020","format":false,"excerpt":"Une semaine tr\u00e8s riche arrive ! Voil\u00e0 la programmation d\u00e9taill\u00e9e : Samedi : RDV chez les copains de\u00a0 la DSXL de Romainville au 101 avenue Gaston Roussel, entre 15 et 19h pour : Profiter de la gratuiterie, Manger du th\u00e9 et des g\u00e2teaux faits avec amour et passion, R\u00e9parer ma\u2026","rel":"","context":"Dans &quot;Non class\u00e9&quot;","block_context":{"text":"Non class\u00e9","link":"https:\/\/www.labozero.org\/index.php\/category\/non-classe\/"},"img":{"alt_text":"","src":"https:\/\/i0.wp.com\/www.labozero.org\/wp-content\/uploads\/2020\/01\/external-content.duckduckgo.com_.jpg?resize=350%2C200&ssl=1","width":350,"height":200,"srcset":"https:\/\/i0.wp.com\/www.labozero.org\/wp-content\/uploads\/2020\/01\/external-content.duckduckgo.com_.jpg?resize=350%2C200&ssl=1 1x, https:\/\/i0.wp.com\/www.labozero.org\/wp-content\/uploads\/2020\/01\/external-content.duckduckgo.com_.jpg?resize=525%2C300&ssl=1 1.5x, https:\/\/i0.wp.com\/www.labozero.org\/wp-content\/uploads\/2020\/01\/external-content.duckduckgo.com_.jpg?resize=700%2C400&ssl=1 2x, https:\/\/i0.wp.com\/www.labozero.org\/wp-content\/uploads\/2020\/01\/external-content.duckduckgo.com_.jpg?resize=1050%2C600&ssl=1 3x"},"classes":[]}],"jetpack_shortlink":"https:\/\/wp.me\/pbPs9A-h2","jetpack_sharing_enabled":true,"_links":{"self":[{"href":"https:\/\/www.labozero.org\/index.php\/wp-json\/wp\/v2\/posts\/1056","targetHints":{"allow":["GET"]}}],"collection":[{"href":"https:\/\/www.labozero.org\/index.php\/wp-json\/wp\/v2\/posts"}],"about":[{"href":"https:\/\/www.labozero.org\/index.php\/wp-json\/wp\/v2\/types\/post"}],"author":[{"embeddable":true,"href":"https:\/\/www.labozero.org\/index.php\/wp-json\/wp\/v2\/users\/2"}],"replies":[{"embeddable":true,"href":"https:\/\/www.labozero.org\/index.php\/wp-json\/wp\/v2\/comments?post=1056"}],"version-history":[{"count":0,"href":"https:\/\/www.labozero.org\/index.php\/wp-json\/wp\/v2\/posts\/1056\/revisions"}],"wp:attachment":[{"href":"https:\/\/www.labozero.org\/index.php\/wp-json\/wp\/v2\/media?parent=1056"}],"wp:term":[{"taxonomy":"category","embeddable":true,"href":"https:\/\/www.labozero.org\/index.php\/wp-json\/wp\/v2\/categories?post=1056"},{"taxonomy":"post_tag","embeddable":true,"href":"https:\/\/www.labozero.org\/index.php\/wp-json\/wp\/v2\/tags?post=1056"}],"curies":[{"name":"wp","href":"https:\/\/api.w.org\/{rel}","templated":true}]}}