{"id":1040,"date":"2019-10-30T11:45:49","date_gmt":"2019-10-30T10:45:49","guid":{"rendered":"https:\/\/labozero.wordpress.com\/?p=1040"},"modified":"2019-10-30T11:45:49","modified_gmt":"2019-10-30T10:45:49","slug":"des-squats-fermes-dautres-encore-debout-et-la-prog-dici","status":"publish","type":"post","link":"https:\/\/www.labozero.org\/index.php\/2019\/10\/30\/des-squats-fermes-dautres-encore-debout-et-la-prog-dici\/","title":{"rendered":"Des squats ferm\u00e9s d&rsquo;autres encore debout et la prog d&rsquo;ici."},"content":{"rendered":"<p>Lundi je vous parlais des luttes en cours voil\u00e0 un bilan plut\u00f4t mauvais, deux jours plus tard :<\/p>\n<p style=\"text-align:justify;\">Les copains du <a href=\"https:\/\/www.facebook.com\/dsxlziva\/?ref=page_internal\">DSXL<\/a> se sont fait d\u00e9log\u00e9s par 8 cars de CRS&#8230; Ce magnifique b\u00e2timent public restera donc vide, \u00e9clair\u00e9, chauff\u00e9 et (certainement) d\u00e9sormais gardien\u00e9 par nos imp\u00f4ts.<\/p>\n<p style=\"text-align:justify;\">Les exil\u00e9s du foyer Bara de Montreuil, idem, d\u00e9log\u00e9s hier matin avant le lever du soleil. Un campement de fortune et de r\u00e9sistance s&rsquo;organise devant le b\u00e2timent, n&rsquo;h\u00e9sitez pas \u00e0 leur apporter votre soutien moral et mat\u00e9riel ! plus d&rsquo;info <a href=\"https:\/\/www.facebook.com\/GiletsNoirsEnLutte\/?__tn__=kC-R&amp;eid=ARD-O6boiHI1-2Cb-5F1MPfNAjShAyLIwIZ-QigQevEo5XVpJ1fZvFYNwU4HxaAA82SA-vN8RIsfu60t&amp;hc_ref=ARRyJ2PzL-LKQQ3LNF0-SObvYOOYyViq4jdMxbicBkUmLxmtydPi9CP9OXStbXjkh48&amp;fref=nf&amp;__xts__%5B0%5D=68.ARB9p-jEl8_dqX5htGXI3aEsf4QWEaAHy9feEVVez3_t2rtlnbb71VzqI6h6FQ1i90icjqj-xVQbPjigU9oQKMI2LKqjuCWTvfr4RQdxm_TnwxSXgTMTlENrL5n0U-ntVwgw6p2jBsPtijZfaRAi4yAruy5jwb2Mckxfgrr_TocyGXf65qjy1zPyvobW0j-Yfcfo-62xvod6HsKO7ksXt2SamPjfXNOonBNtwm50QKmHhrURzchA0FZncFyTBbbLbYkjuqF7SEKzUUQV8Pa_gFNJ4n1wp4riJUhTb3oTNeiXynKqsRgWw6kH1Oxpm4EWm3k-pa419KNEt62_R5vR7ss\">par l\u00e0<\/a>.<\/p>\n<p>Quand au Landy (de st denis), ils ont eu le soutien de la mairie et de plaine commune, cela devrait s&rsquo;arranger pour eux m\u00eame si la vigilance reste forte.<\/p>\n<p style=\"text-align:justify;\">Voil\u00e0 comment s&rsquo;organise le monde \u00e0 la veille de la tr\u00e8ve hivernale, des expulsions, des familles dehors, de fausses mises \u00e0 l\u2019abri (voir l&rsquo;article de solidarit\u00e9 migrants wilson de ce matin <a href=\"https:\/\/www.facebook.com\/Solidarit%C3%A9-migrants-Wilson-598228360377940\/?ref=search&amp;__tn__=%2Cd%2CP-R&amp;eid=ARBp-nOzO28QlTBB9lozNI9wis_M8KcpwjVtctOrG-W88PrXIdogjgGYfvdGcjfWGnqUQU992XO1HFI_\">ICI <\/a>). De la violence et de l&rsquo;indiff\u00e9rence envers les plus pr\u00e9caires. Nous ne voulons pas de ce monde l\u00e0 !<\/p>\n<p style=\"text-align:justify;\">Aujourd&rsquo;hui on re\u00e7oit un gros arrivage de poussettes neuves pour un Petit bagage d&rsquo;amour, un voisin nous apporte des r\u00e9cup&rsquo;s de pains (que nous allons transmettre au campement de Montreuil avec couvertures et soupe), on trie les dons apport\u00e9s cette semaine et on commence \u00e0 organiser la gratuiterie solidaire (on vous en parle plus tr\u00e8s bientot ). Bref on ne baisse pas les bras !<\/p>\n<p>Voil\u00e0 la prog des jours \u00e0 venir :<\/p>\n<p>Jeudi 18\/21h ouverture de l&rsquo;atelier d&rsquo;auto-r\u00e9paration, AMAP des 4 chemins et petite cantoch&rsquo; \u00e0 Pantin.<\/p>\n<p>Samedi, Gratuiterie Ambulante et jardinage \u00e0 la friche de Noisy, rdv entre 15 et 17h.<\/p>\n<p>Dimanche 15\/21H atelier d&rsquo;auto r\u00e9paration \u00e0 Pantin avec en bonus :<\/p>\n<ul>\n<li>atelier couture \u00d8d\u00e9chet d\u00e8s 15h avec le retour de St\u00e9phanie !!!<\/li>\n<li>atelier lactofermentation avec Maxime d\u00e8s 15h aussi, il faudra choisir \ud83d\ude09<\/li>\n<li>atelier boxe anglaise entre femme, \u00e0 17h<\/li>\n<li>gouter\/cantoch<\/li>\n<li>librairie gratuite, ludoth\u00e8que et canap\u00e9s confortables&#8230;<\/li>\n<li>Points de collectes : couvertures, duvets, produits d&rsquo;hygi\u00e8ne, baskets homme, toiles de tente, couches, serviettes hygi\u00e9niques&#8230;<\/li>\n<\/ul>\n<p>&nbsp;<\/p>\n<p>et voil\u00e0 en bonus les photos de l&rsquo;atelier lacto de dimanche dernier :<\/p>\n<div id='gallery-1' class='gallery galleryid-1040 gallery-columns-3 gallery-size-thumbnail'><figure class='gallery-item'>\n\t\t\t<div class='gallery-icon landscape'>\n\t\t\t\t<a href='https:\/\/www.labozero.org\/index.php\/2019\/10\/30\/des-squats-fermes-dautres-encore-debout-et-la-prog-dici\/dsc_1528\/'><img loading=\"lazy\" decoding=\"async\" width=\"150\" height=\"150\" src=\"https:\/\/www.labozero.org\/wp-content\/uploads\/2019\/10\/dsc_1528-150x150.jpg\" class=\"attachment-thumbnail size-thumbnail\" alt=\"\" \/><\/a>\n\t\t\t<\/div><\/figure><figure class='gallery-item'>\n\t\t\t<div class='gallery-icon landscape'>\n\t\t\t\t<a href='https:\/\/www.labozero.org\/index.php\/2019\/10\/30\/des-squats-fermes-dautres-encore-debout-et-la-prog-dici\/dsc_1524\/'><img loading=\"lazy\" decoding=\"async\" width=\"150\" height=\"150\" src=\"https:\/\/www.labozero.org\/wp-content\/uploads\/2019\/10\/dsc_1524-150x150.jpg\" class=\"attachment-thumbnail size-thumbnail\" alt=\"\" \/><\/a>\n\t\t\t<\/div><\/figure><figure class='gallery-item'>\n\t\t\t<div class='gallery-icon portrait'>\n\t\t\t\t<a href='https:\/\/www.labozero.org\/index.php\/2019\/10\/30\/des-squats-fermes-dautres-encore-debout-et-la-prog-dici\/dsc_1491\/'><img loading=\"lazy\" decoding=\"async\" width=\"150\" height=\"150\" src=\"https:\/\/www.labozero.org\/wp-content\/uploads\/2019\/10\/dsc_1491-150x150.jpg\" class=\"attachment-thumbnail size-thumbnail\" alt=\"\" \/><\/a>\n\t\t\t<\/div><\/figure><figure class='gallery-item'>\n\t\t\t<div class='gallery-icon portrait'>\n\t\t\t\t<a href='https:\/\/www.labozero.org\/index.php\/2019\/10\/30\/des-squats-fermes-dautres-encore-debout-et-la-prog-dici\/dsc_1489\/'><img loading=\"lazy\" decoding=\"async\" width=\"150\" height=\"150\" src=\"https:\/\/www.labozero.org\/wp-content\/uploads\/2019\/10\/dsc_1489-150x150.jpg\" class=\"attachment-thumbnail size-thumbnail\" alt=\"\" \/><\/a>\n\t\t\t<\/div><\/figure><figure class='gallery-item'>\n\t\t\t<div class='gallery-icon landscape'>\n\t\t\t\t<a href='https:\/\/www.labozero.org\/index.php\/2019\/10\/30\/des-squats-fermes-dautres-encore-debout-et-la-prog-dici\/dsc_1485\/'><img loading=\"lazy\" decoding=\"async\" width=\"150\" height=\"150\" src=\"https:\/\/www.labozero.org\/wp-content\/uploads\/2019\/10\/dsc_1485-150x150.jpg\" class=\"attachment-thumbnail size-thumbnail\" alt=\"\" \/><\/a>\n\t\t\t<\/div><\/figure>\n\t\t<\/div>\n\n<p>A tr\u00e8s bientot !<\/p>\n<p>&nbsp;<\/p>\n<p>&nbsp;<\/p>\n","protected":false},"excerpt":{"rendered":"<p>Lundi je vous parlais des luttes en cours voil\u00e0 un bilan plut\u00f4t mauvais, deux jours plus tard : Les copains du DSXL se sont fait d\u00e9log\u00e9s par 8 cars de CRS&#8230; Ce magnifique b\u00e2timent public restera donc vide, \u00e9clair\u00e9, chauff\u00e9 et (certainement) d\u00e9sormais gardien\u00e9 par nos imp\u00f4ts. Les exil\u00e9s du foyer Bara de Montreuil, idem, d\u00e9log\u00e9s hier matin avant le lever du soleil. Un campement de fortune et de r\u00e9sistance s&rsquo;organise devant le b\u00e2timent, n&rsquo;h\u00e9sitez pas \u00e0 leur apporter votre soutien moral et mat\u00e9riel ! plus d&rsquo;info par l\u00e0. Quand au Landy (de st denis), ils ont eu le soutien de la mairie et de plaine commune, cela devrait s&rsquo;arranger pour eux m\u00eame si la vigilance reste forte. Voil\u00e0 comment s&rsquo;organise le monde \u00e0 la veille de la tr\u00e8ve hivernale, des expulsions, des familles dehors, de fausses mises \u00e0 l\u2019abri (voir l&rsquo;article de solidarit\u00e9 migrants wilson de ce matin ICI ). De la violence et de l&rsquo;indiff\u00e9rence envers les plus pr\u00e9caires. Nous ne voulons pas de ce monde l\u00e0 ! Aujourd&rsquo;hui on re\u00e7oit un gros arrivage de poussettes neuves pour un Petit bagage d&rsquo;amour, un voisin nous apporte des r\u00e9cup&rsquo;s de pains (que nous allons transmettre au campement de Montreuil avec couvertures et soupe), on trie les dons apport\u00e9s cette semaine et on commence \u00e0 organiser la gratuiterie solidaire (on vous en parle plus tr\u00e8s bientot ). Bref on ne baisse pas les bras ! Voil\u00e0 la prog des jours \u00e0 venir : Jeudi 18\/21h ouverture de l&rsquo;atelier d&rsquo;auto-r\u00e9paration, AMAP des 4 chemins et petite cantoch&rsquo; \u00e0 Pantin. Samedi, Gratuiterie Ambulante et jardinage \u00e0 la friche de Noisy, rdv entre 15 et 17h. Dimanche 15\/21H atelier d&rsquo;auto r\u00e9paration \u00e0 Pantin avec en bonus : atelier couture \u00d8d\u00e9chet d\u00e8s 15h avec le retour de St\u00e9phanie !!! atelier lactofermentation avec Maxime d\u00e8s 15h aussi, il faudra choisir \ud83d\ude09 atelier boxe anglaise entre femme, \u00e0 17h gouter\/cantoch librairie gratuite, ludoth\u00e8que et canap\u00e9s confortables&#8230; Points de collectes : couvertures, duvets, produits d&rsquo;hygi\u00e8ne, baskets homme, toiles de tente, couches, serviettes hygi\u00e9niques&#8230; &nbsp; et voil\u00e0 en bonus les photos de l&rsquo;atelier lacto de dimanche dernier : A tr\u00e8s bientot ! &nbsp; &nbsp;<\/p>\n","protected":false},"author":2,"featured_media":0,"comment_status":"open","ping_status":"open","sticky":false,"template":"","format":"standard","meta":{"rop_custom_images_group":[],"rop_custom_messages_group":[],"rop_publish_now":"initial","rop_publish_now_accounts":[],"rop_publish_now_history":[],"rop_publish_now_status":"pending","_themeisle_gutenberg_block_has_review":false,"_jetpack_memberships_contains_paid_content":false,"footnotes":""},"categories":[1],"tags":[],"class_list":["post-1040","post","type-post","status-publish","format-standard","hentry","category-non-classe"],"jetpack_featured_media_url":"","jetpack-related-posts":[{"id":691,"url":"https:\/\/www.labozero.org\/index.php\/2019\/03\/20\/tchao-pantin\/","url_meta":{"origin":1040,"position":0},"title":"\u00ab\u00a0tchao Pantin\u00a0\u00bb","author":"labozero","date":"20 mars, 2019","format":false,"excerpt":"\u00a0 Voil\u00e0, une fois encore la sp\u00e9culation immobili\u00e8re et le b\u00e9tonnage intensif gagnent une bataille ! Le proc\u00e8s contre le collectif LaMifa qui nous accueillait se finalise sur\u00a0 une nouvelle mesure d\u2019expulsion qui est prononc\u00e9e pour le 8 Avril. Ce b\u00e2timent est vide depuis une dizaine d'ann\u00e9es et il semblerait\u2026","rel":"","context":"Dans &quot;Non class\u00e9&quot;","block_context":{"text":"Non class\u00e9","link":"https:\/\/www.labozero.org\/index.php\/category\/non-classe\/"},"img":{"alt_text":"","src":"https:\/\/i0.wp.com\/www.labozero.org\/wp-content\/uploads\/2019\/03\/vestaire-des-migrants-150x150.jpg?resize=350%2C200&ssl=1","width":350,"height":200,"srcset":"https:\/\/i0.wp.com\/www.labozero.org\/wp-content\/uploads\/2019\/03\/vestaire-des-migrants-150x150.jpg?resize=350%2C200&ssl=1 1x, https:\/\/i0.wp.com\/www.labozero.org\/wp-content\/uploads\/2019\/03\/vestaire-des-migrants-150x150.jpg?resize=525%2C300&ssl=1 1.5x, https:\/\/i0.wp.com\/www.labozero.org\/wp-content\/uploads\/2019\/03\/vestaire-des-migrants-150x150.jpg?resize=700%2C400&ssl=1 2x, https:\/\/i0.wp.com\/www.labozero.org\/wp-content\/uploads\/2019\/03\/vestaire-des-migrants-150x150.jpg?resize=1050%2C600&ssl=1 3x"},"classes":[]},{"id":900,"url":"https:\/\/www.labozero.org\/index.php\/2019\/08\/09\/nous-allons-avoir-besoin-de-vous\/","url_meta":{"origin":1040,"position":1},"title":"Nous allons avoir besoin de vous !","author":"labozero","date":"9 ao\u00fbt, 2019","format":false,"excerpt":"Bonjour \u00e0 tous ! Ce lundi, nous avons re\u00e7u notre assignation \u00e0 comparaitre pour notre local de Pantin. Pour rappel, cela fait un an et demi que Michel et moi cherchons un lieu conventionn\u00e9 pour mener nos activit\u00e9s, nous avons ainsi d\u00e9march\u00e9 un bon nombre de municipalit\u00e9s, am\u00e9nageurs, ect. Nous\u2026","rel":"","context":"Dans &quot;Non class\u00e9&quot;","block_context":{"text":"Non class\u00e9","link":"https:\/\/www.labozero.org\/index.php\/category\/non-classe\/"},"img":{"alt_text":"","src":"","width":0,"height":0},"classes":[]},{"id":5222,"url":"https:\/\/www.labozero.org\/index.php\/2023\/07\/20\/5222\/","url_meta":{"origin":1040,"position":2},"title":"Nous revoil\u00e0 !","author":"labozero","date":"20 juillet, 2023","format":false,"excerpt":"Cela fait un mois que nous avons \u00e9t\u00e9 expuls\u00e9.es de nos locaux de Pantin. Nous les avons laiss\u00e9s vides et propres. D\u00e9m\u00e9nager 4000m2 de materiel n'a pas \u00e9t\u00e9 simple mais nous y sommes arriv\u00e9.\u00e9es ! C'est le coeur lourd que nous avons laiss\u00e9 ce grand b\u00e2timent qui a \u00e9t\u00e9 notre\u2026","rel":"","context":"Dans &quot;Non class\u00e9&quot;","block_context":{"text":"Non class\u00e9","link":"https:\/\/www.labozero.org\/index.php\/category\/non-classe\/"},"img":{"alt_text":"","src":"https:\/\/i0.wp.com\/www.labozero.org\/wp-content\/uploads\/2023\/07\/WhatsApp-Image-2023-07-21-at-10.32.32.jpeg?resize=350%2C200&ssl=1","width":350,"height":200,"srcset":"https:\/\/i0.wp.com\/www.labozero.org\/wp-content\/uploads\/2023\/07\/WhatsApp-Image-2023-07-21-at-10.32.32.jpeg?resize=350%2C200&ssl=1 1x, https:\/\/i0.wp.com\/www.labozero.org\/wp-content\/uploads\/2023\/07\/WhatsApp-Image-2023-07-21-at-10.32.32.jpeg?resize=525%2C300&ssl=1 1.5x, https:\/\/i0.wp.com\/www.labozero.org\/wp-content\/uploads\/2023\/07\/WhatsApp-Image-2023-07-21-at-10.32.32.jpeg?resize=700%2C400&ssl=1 2x, https:\/\/i0.wp.com\/www.labozero.org\/wp-content\/uploads\/2023\/07\/WhatsApp-Image-2023-07-21-at-10.32.32.jpeg?resize=1050%2C600&ssl=1 3x, https:\/\/i0.wp.com\/www.labozero.org\/wp-content\/uploads\/2023\/07\/WhatsApp-Image-2023-07-21-at-10.32.32.jpeg?resize=1400%2C800&ssl=1 4x"},"classes":[]},{"id":2104,"url":"https:\/\/www.labozero.org\/index.php\/2021\/04\/24\/le-leo-en-danger-rdv-le-20-mai\/","url_meta":{"origin":1040,"position":3},"title":"Le LE\u00d8 en danger ! RDV le 20 Mai","author":"labozero","date":"24 avril, 2021","format":false,"excerpt":"Nous, membres du LE\u00d8, Laboratoire Ecologique Z\u00e9ro d\u00e9chet, occupons depuis plus de deux ans un b\u00e2timent industriel laiss\u00e9 \u00e0 l\u2019abandon au 20 avenue Edouard Vaillant \u00e0 Pantin. L\u2019EPFIDF (Etablissement public Foncier d\u2019\u00cele de France), propri\u00e9taire des lieux, nous a intent\u00e9 un proc\u00e8s l\u2019ann\u00e9e derni\u00e8re. Un jugement in\u00e9dit en notre faveur\u2026","rel":"","context":"Dans &quot;Non class\u00e9&quot;","block_context":{"text":"Non class\u00e9","link":"https:\/\/www.labozero.org\/index.php\/category\/non-classe\/"},"img":{"alt_text":"","src":"https:\/\/i0.wp.com\/www.labozero.org\/wp-content\/uploads\/2021\/04\/176738358_918928072256556_8286890253936935234_n.jpg?resize=350%2C200&ssl=1","width":350,"height":200,"srcset":"https:\/\/i0.wp.com\/www.labozero.org\/wp-content\/uploads\/2021\/04\/176738358_918928072256556_8286890253936935234_n.jpg?resize=350%2C200&ssl=1 1x, https:\/\/i0.wp.com\/www.labozero.org\/wp-content\/uploads\/2021\/04\/176738358_918928072256556_8286890253936935234_n.jpg?resize=525%2C300&ssl=1 1.5x, https:\/\/i0.wp.com\/www.labozero.org\/wp-content\/uploads\/2021\/04\/176738358_918928072256556_8286890253936935234_n.jpg?resize=700%2C400&ssl=1 2x, https:\/\/i0.wp.com\/www.labozero.org\/wp-content\/uploads\/2021\/04\/176738358_918928072256556_8286890253936935234_n.jpg?resize=1050%2C600&ssl=1 3x"},"classes":[]},{"id":5797,"url":"https:\/\/www.labozero.org\/index.php\/2024\/09\/25\/soutien-au-bathyscaphe\/","url_meta":{"origin":1040,"position":4},"title":"Soutien au Bathyscaphe","author":"labozero","date":"25 septembre, 2024","format":false,"excerpt":"Bondyblog le 25\/09\/24 : \"Depuis 2023, le squat du Bathyscaphe \u00e0 Aubervilliers est devenu un lieu de vie et un espace solidaire. Menac\u00e9 d'expulsion, le b\u00e2timent de 5 000 m\u00b2 accueille les Midis du Mie, une association venant en aide aux mineurs \u00e9trangers isol\u00e9s. Une mobilisation devant la mairie d\u2019Aubervilliers\u2026","rel":"","context":"Dans &quot;Non class\u00e9&quot;","block_context":{"text":"Non class\u00e9","link":"https:\/\/www.labozero.org\/index.php\/category\/non-classe\/"},"img":{"alt_text":"","src":"https:\/\/i0.wp.com\/www.labozero.org\/wp-content\/uploads\/2024\/09\/WhatsApp-Image-2024-09-25-at-14.49.231.jpeg?resize=350%2C200&ssl=1","width":350,"height":200,"srcset":"https:\/\/i0.wp.com\/www.labozero.org\/wp-content\/uploads\/2024\/09\/WhatsApp-Image-2024-09-25-at-14.49.231.jpeg?resize=350%2C200&ssl=1 1x, https:\/\/i0.wp.com\/www.labozero.org\/wp-content\/uploads\/2024\/09\/WhatsApp-Image-2024-09-25-at-14.49.231.jpeg?resize=525%2C300&ssl=1 1.5x, https:\/\/i0.wp.com\/www.labozero.org\/wp-content\/uploads\/2024\/09\/WhatsApp-Image-2024-09-25-at-14.49.231.jpeg?resize=700%2C400&ssl=1 2x, https:\/\/i0.wp.com\/www.labozero.org\/wp-content\/uploads\/2024\/09\/WhatsApp-Image-2024-09-25-at-14.49.231.jpeg?resize=1050%2C600&ssl=1 3x, https:\/\/i0.wp.com\/www.labozero.org\/wp-content\/uploads\/2024\/09\/WhatsApp-Image-2024-09-25-at-14.49.231.jpeg?resize=1400%2C800&ssl=1 4x"},"classes":[]},{"id":5817,"url":"https:\/\/www.labozero.org\/index.php\/2024\/10\/27\/appel-a-soutien\/","url_meta":{"origin":1040,"position":5},"title":"Appel \u00e0 Soutien !","author":"labozero","date":"27 octobre, 2024","format":false,"excerpt":"Nous relayons l'appel lanc\u00e9 par le collectif \" Bathyscaphe\" pour lequel la convention d'occupation s'ach\u00e8ve demain. Le LE0 est bien s\u00fbr solidaire et actif sur place pour tenter de trouver des solutions d'h\u00e9bergement, des lieux de stockage pour les affaires, et pour le suivi administratif. Nous cherchons des places d'h\u00e9bergement\u2026","rel":"","context":"Dans &quot;Non class\u00e9&quot;","block_context":{"text":"Non class\u00e9","link":"https:\/\/www.labozero.org\/index.php\/category\/non-classe\/"},"img":{"alt_text":"","src":"https:\/\/i0.wp.com\/www.labozero.org\/wp-content\/uploads\/2024\/10\/WhatsApp-Image-2024-10-25-at-15.08.36.jpeg?resize=350%2C200&ssl=1","width":350,"height":200,"srcset":"https:\/\/i0.wp.com\/www.labozero.org\/wp-content\/uploads\/2024\/10\/WhatsApp-Image-2024-10-25-at-15.08.36.jpeg?resize=350%2C200&ssl=1 1x, https:\/\/i0.wp.com\/www.labozero.org\/wp-content\/uploads\/2024\/10\/WhatsApp-Image-2024-10-25-at-15.08.36.jpeg?resize=525%2C300&ssl=1 1.5x, https:\/\/i0.wp.com\/www.labozero.org\/wp-content\/uploads\/2024\/10\/WhatsApp-Image-2024-10-25-at-15.08.36.jpeg?resize=700%2C400&ssl=1 2x, https:\/\/i0.wp.com\/www.labozero.org\/wp-content\/uploads\/2024\/10\/WhatsApp-Image-2024-10-25-at-15.08.36.jpeg?resize=1050%2C600&ssl=1 3x"},"classes":[]}],"jetpack_shortlink":"https:\/\/wp.me\/pbPs9A-gM","jetpack_sharing_enabled":true,"_links":{"self":[{"href":"https:\/\/www.labozero.org\/index.php\/wp-json\/wp\/v2\/posts\/1040","targetHints":{"allow":["GET"]}}],"collection":[{"href":"https:\/\/www.labozero.org\/index.php\/wp-json\/wp\/v2\/posts"}],"about":[{"href":"https:\/\/www.labozero.org\/index.php\/wp-json\/wp\/v2\/types\/post"}],"author":[{"embeddable":true,"href":"https:\/\/www.labozero.org\/index.php\/wp-json\/wp\/v2\/users\/2"}],"replies":[{"embeddable":true,"href":"https:\/\/www.labozero.org\/index.php\/wp-json\/wp\/v2\/comments?post=1040"}],"version-history":[{"count":0,"href":"https:\/\/www.labozero.org\/index.php\/wp-json\/wp\/v2\/posts\/1040\/revisions"}],"wp:attachment":[{"href":"https:\/\/www.labozero.org\/index.php\/wp-json\/wp\/v2\/media?parent=1040"}],"wp:term":[{"taxonomy":"category","embeddable":true,"href":"https:\/\/www.labozero.org\/index.php\/wp-json\/wp\/v2\/categories?post=1040"},{"taxonomy":"post_tag","embeddable":true,"href":"https:\/\/www.labozero.org\/index.php\/wp-json\/wp\/v2\/tags?post=1040"}],"curies":[{"name":"wp","href":"https:\/\/api.w.org\/{rel}","templated":true}]}}