{"id":1031,"date":"2019-10-28T12:05:45","date_gmt":"2019-10-28T11:05:45","guid":{"rendered":"https:\/\/labozero.wordpress.com\/?p=1031"},"modified":"2019-10-28T12:05:45","modified_gmt":"2019-10-28T11:05:45","slug":"lheure-dhiver-lheure-des-luttes","status":"publish","type":"post","link":"https:\/\/www.labozero.org\/index.php\/2019\/10\/28\/lheure-dhiver-lheure-des-luttes\/","title":{"rendered":"L&rsquo;heure d&rsquo;hiver, l&rsquo;heure des luttes"},"content":{"rendered":"<p>Alors que les premiers frissons se font ressentir, \u00e0 la veille de la tr\u00e8ve hivernale, des luttes s&rsquo;\u00e9l\u00e8vent de toutes parts.<\/p>\n<p style=\"text-align:justify;\">Une lutte pour soutenir le Landy sauvage (\u00e0 saint denis) et une invitation \u00e0 aller camper chez eux pour \u00e9viter l&rsquo;\u00e9vacuation par la force. L&rsquo;epfif (ca vous dit quelque chose ? oui, c&rsquo;est aussi notre propri\u00e9taire) a choisi de les expulser \u00e0 quelques jours du d\u00e9but la tr\u00eave hivernale. Le Landy c&rsquo;est un lieu de cultures, de soutien aux plus d\u00e9munis, d&rsquo;habitation, de cr\u00e9ation mais aussi lieu de vie de quartier essentiel. Plus d&rsquo;infos sur leur combat par <a href=\"https:\/\/www.facebook.com\/clossauvage\/?__tn__=kC-R&amp;eid=ARBNYWo3vHZ38SQvbFEPNxcZ1AxzYopKhcJJSLtslLY4zdYUDGlC6atmE7oMM6EGQSXh9jSg00fYeycv&amp;hc_ref=ARSF2oYIY42j7sNG-EegyNa8j2ZEVDFpAzeTGMKNfKume49lKnxQX522NJSLg44i50E&amp;fref=nf&amp;__xts__%5B0%5D=68.ARBgSrHVz0Sk3lVOfBLxNwcqQlsOwC1tzeTn3efJFkvY6vT-jEx69FoP6baz5qt8fuOd-OBzSE5Z8bDW7Q1JvsSLIUa3XDnoqVJ3EOZivms-ZUfPnKk0dXS-bLg-uzh3R-8_L_ay8z7Bq6D-KnRzviwWiJMaVDk3YoE-YYCFmnrX4OJakeRLUjtGtoP3WYkvOYOSiCT4ZWzkr8uU_8UKISZcZ3G9_ypewE3XjEdIo2ENhuiONPUUjqReqxs6cu-FTDqbFDnyCdy0NJS9ueG-6KEnHwIWYOq7A77-WGJ6TP5s9dJ9ZRAmR7MZGFApx3nkD1Bf9ZSRDgYJ97RCfk8VkPlq\">ICI<\/a><\/p>\n<p>&nbsp;<\/p>\n<p style=\"text-align:justify;\"><img loading=\"lazy\" decoding=\"async\" class=\"alignnone size-full wp-image-1038\" src=\"https:\/\/www.labozero.org\/wp-content\/uploads\/2019\/10\/75610804_618096132347416_6899550457748783104_n.jpg\" alt=\"75610804_618096132347416_6899550457748783104_n\" width=\"960\" height=\"720\" srcset=\"https:\/\/www.labozero.org\/wp-content\/uploads\/2019\/10\/75610804_618096132347416_6899550457748783104_n.jpg 960w, https:\/\/www.labozero.org\/wp-content\/uploads\/2019\/10\/75610804_618096132347416_6899550457748783104_n-300x225.jpg 300w, https:\/\/www.labozero.org\/wp-content\/uploads\/2019\/10\/75610804_618096132347416_6899550457748783104_n-768x576.jpg 768w\" sizes=\"auto, (max-width: 960px) 100vw, 960px\" \/>Une lutte contre la sp\u00e9culation immobili\u00e8re dans Paris et pour l&rsquo;utilisation des immeubles d\u00e9laiss\u00e9s. Les copains du DSXL occupent, avec d&rsquo;autres collectifs un immeuble laiss\u00e9 \u00e0 l&rsquo;abandon par l&rsquo;Etat, vide, chauff\u00e9 et \u00e9clair\u00e9 !!! La police bloque tous les acc\u00e8s depuis cette nuit . Plus d&rsquo;infos <a href=\"https:\/\/www.facebook.com\/hashtag\/urgent?fref=mentions&amp;__xts__%5B0%5D=68.ARDkGNR5FeyGRb4alFsIppOlXhcD62QptgBiVaNH0rfSmXb5BMsxyKEzgwDoMt-6FnaAL-Ne_OoVTaeO1KBzcY2y0-5-_eXlvT_CiP1nhS8v9QHrZzsHYsWo2JXRxXXA14rcX-bDKkf_38KhSmNgt8q3Awz3ZkYWQhkG3VgQL3cBPDbwVmAYOeSYu4SLVDCMC2gP0L2SUvEoMCUXbSw6QaqB2TdCrvKUFBlO4pYzoiI3rFjPfTT9SsPrEc21gqcze2vjCoiz5BiGoof-piWXk_ir0RqWEd8XhcV-GNnd2F62c4Z5sh9UGTLv-xR65fL3xamWobtnmLWu6qB5ppfEtNg&amp;__tn__=K-R\">ICI<\/a><\/p>\n<p>&nbsp;<\/p>\n<p>Et enfin n&rsquo;oublions pas le combat pour conserver la friche de Noisy, pour que celle-ci reste un lieu de vie. Une p\u00e9tition est en ligne<a href=\"https:\/\/www.change.org\/p\/les-habitants-de-noisy-le-sec-et-des-villes-alentour-derni%C3%A8re-chance-p%C3%B4ur-la-friche-ulysse\"> ICI<\/a><\/p>\n<p style=\"text-align:justify;\">Alors que la pr\u00e9carit\u00e9 est toujours plus violente, la r\u00e9pression polici\u00e8re sans limites et l&rsquo;Etat de plus en plus d\u00e9sengag\u00e9 des r\u00e9alit\u00e9s \u00e9cologiques et sociales, conserver ces lieux de vie et d&rsquo;humanit\u00e9 semble de plus en plus vital. Aujourd&rsquo;hui c&rsquo;est \u00e0 chacun d&rsquo;entre nous qu&rsquo;il incombe la responsabilit\u00e9 de s&rsquo;engager pour un monde plus juste. Lutter c&rsquo;est aussi se rencontrer, partager, r\u00e9fl\u00e9chir ensemble, r\u00eaver et construire. A vous de jouer !<\/p>\n<p>&nbsp;<\/p>\n","protected":false},"excerpt":{"rendered":"<p>Alors que les premiers frissons se font ressentir, \u00e0 la veille de la tr\u00e8ve hivernale, des luttes s&rsquo;\u00e9l\u00e8vent de toutes parts. Une lutte pour soutenir le Landy sauvage (\u00e0 saint denis) et une invitation \u00e0 aller camper chez eux pour \u00e9viter l&rsquo;\u00e9vacuation par la force. L&rsquo;epfif (ca vous dit quelque chose ? oui, c&rsquo;est aussi notre propri\u00e9taire) a choisi de les expulser \u00e0 quelques jours du d\u00e9but la tr\u00eave hivernale. Le Landy c&rsquo;est un lieu de cultures, de soutien aux plus d\u00e9munis, d&rsquo;habitation, de cr\u00e9ation mais aussi lieu de vie de quartier essentiel. Plus d&rsquo;infos sur leur combat par ICI &nbsp; Une lutte contre la sp\u00e9culation immobili\u00e8re dans Paris et pour l&rsquo;utilisation des immeubles d\u00e9laiss\u00e9s. Les copains du DSXL occupent, avec d&rsquo;autres collectifs un immeuble laiss\u00e9 \u00e0 l&rsquo;abandon par l&rsquo;Etat, vide, chauff\u00e9 et \u00e9clair\u00e9 !!! La police bloque tous les acc\u00e8s depuis cette nuit . Plus d&rsquo;infos ICI &nbsp; Et enfin n&rsquo;oublions pas le combat pour conserver la friche de Noisy, pour que celle-ci reste un lieu de vie. Une p\u00e9tition est en ligne ICI Alors que la pr\u00e9carit\u00e9 est toujours plus violente, la r\u00e9pression polici\u00e8re sans limites et l&rsquo;Etat de plus en plus d\u00e9sengag\u00e9 des r\u00e9alit\u00e9s \u00e9cologiques et sociales, conserver ces lieux de vie et d&rsquo;humanit\u00e9 semble de plus en plus vital. Aujourd&rsquo;hui c&rsquo;est \u00e0 chacun d&rsquo;entre nous qu&rsquo;il incombe la responsabilit\u00e9 de s&rsquo;engager pour un monde plus juste. Lutter c&rsquo;est aussi se rencontrer, partager, r\u00e9fl\u00e9chir ensemble, r\u00eaver et construire. A vous de jouer ! &nbsp;<\/p>\n","protected":false},"author":2,"featured_media":0,"comment_status":"open","ping_status":"open","sticky":false,"template":"","format":"standard","meta":{"rop_custom_images_group":[],"rop_custom_messages_group":[],"rop_publish_now":"initial","rop_publish_now_accounts":[],"rop_publish_now_history":[],"rop_publish_now_status":"pending","_themeisle_gutenberg_block_has_review":false,"_jetpack_memberships_contains_paid_content":false,"footnotes":""},"categories":[1],"tags":[],"class_list":["post-1031","post","type-post","status-publish","format-standard","hentry","category-non-classe"],"jetpack_featured_media_url":"","jetpack-related-posts":[{"id":1040,"url":"https:\/\/www.labozero.org\/index.php\/2019\/10\/30\/des-squats-fermes-dautres-encore-debout-et-la-prog-dici\/","url_meta":{"origin":1031,"position":0},"title":"Des squats ferm\u00e9s d&rsquo;autres encore debout et la prog d&rsquo;ici.","author":"labozero","date":"30 octobre, 2019","format":false,"excerpt":"Lundi je vous parlais des luttes en cours voil\u00e0 un bilan plut\u00f4t mauvais, deux jours plus tard : Les copains du DSXL se sont fait d\u00e9log\u00e9s par 8 cars de CRS... Ce magnifique b\u00e2timent public restera donc vide, \u00e9clair\u00e9, chauff\u00e9 et (certainement) d\u00e9sormais gardien\u00e9 par nos imp\u00f4ts. Les exil\u00e9s du\u2026","rel":"","context":"Dans &quot;Non class\u00e9&quot;","block_context":{"text":"Non class\u00e9","link":"https:\/\/www.labozero.org\/index.php\/category\/non-classe\/"},"img":{"alt_text":"","src":"https:\/\/i0.wp.com\/www.labozero.org\/wp-content\/uploads\/2019\/10\/dsc_1528-150x150.jpg?resize=350%2C200&ssl=1","width":350,"height":200,"srcset":"https:\/\/i0.wp.com\/www.labozero.org\/wp-content\/uploads\/2019\/10\/dsc_1528-150x150.jpg?resize=350%2C200&ssl=1 1x, https:\/\/i0.wp.com\/www.labozero.org\/wp-content\/uploads\/2019\/10\/dsc_1528-150x150.jpg?resize=525%2C300&ssl=1 1.5x, https:\/\/i0.wp.com\/www.labozero.org\/wp-content\/uploads\/2019\/10\/dsc_1528-150x150.jpg?resize=700%2C400&ssl=1 2x"},"classes":[]},{"id":266,"url":"https:\/\/www.labozero.org\/index.php\/2018\/11\/05\/lete-indien\/","url_meta":{"origin":1031,"position":1},"title":"L&rsquo;\u00e9t\u00e9 Indien","author":"labozero","date":"5 novembre, 2018","format":false,"excerpt":"\u00a0 Au L\u00e9\u00f8, on se laisse pas abattre : on coupe du bois, du bois de r\u00e9cup' bien s\u00fbr, on a pas commandit\u00e9 d'abattage d'arbre... Faute d'\u00eatre certain d'avoir encore un toit au dessus du camping-car tout l'hiver, au moins, gr\u00e2ce aux Rucher de Romainville qui bossent au max pour\u2026","rel":"","context":"Dans &quot;Non class\u00e9&quot;","block_context":{"text":"Non class\u00e9","link":"https:\/\/www.labozero.org\/index.php\/category\/non-classe\/"},"img":{"alt_text":"","src":"https:\/\/i0.wp.com\/www.labozero.org\/wp-content\/uploads\/2018\/11\/fullsizerender.jpg?resize=350%2C200&ssl=1","width":350,"height":200,"srcset":"https:\/\/i0.wp.com\/www.labozero.org\/wp-content\/uploads\/2018\/11\/fullsizerender.jpg?resize=350%2C200&ssl=1 1x, https:\/\/i0.wp.com\/www.labozero.org\/wp-content\/uploads\/2018\/11\/fullsizerender.jpg?resize=525%2C300&ssl=1 1.5x, https:\/\/i0.wp.com\/www.labozero.org\/wp-content\/uploads\/2018\/11\/fullsizerender.jpg?resize=700%2C400&ssl=1 2x, https:\/\/i0.wp.com\/www.labozero.org\/wp-content\/uploads\/2018\/11\/fullsizerender.jpg?resize=1050%2C600&ssl=1 3x"},"classes":[]},{"id":905,"url":"https:\/\/www.labozero.org\/index.php\/2019\/08\/09\/pas-de-vacances-au-leo\/","url_meta":{"origin":1031,"position":2},"title":"Pas de vacances au LE\u00d8 !","author":"labozero","date":"9 ao\u00fbt, 2019","format":false,"excerpt":"Encore une belle semaine pour nous ! On a lanc\u00e9 une nouvelle collaboration avec les midis du mie une asso qui aide les mineurs isol\u00e9s. Ils trouveront chez nous l\u00e9gumes de r\u00e9cup', v\u00eatements , chaussures, sacs \u00e0 dos, produits d'hygi\u00e8ne.... Deux r\u00e9sidences sont en cours , \"la compagnie des ch\u00e2teaux\u2026","rel":"","context":"Dans &quot;Non class\u00e9&quot;","block_context":{"text":"Non class\u00e9","link":"https:\/\/www.labozero.org\/index.php\/category\/non-classe\/"},"img":{"alt_text":"","src":"https:\/\/i0.wp.com\/www.labozero.org\/wp-content\/uploads\/2019\/08\/img_0830-150x150.jpg?resize=350%2C200&ssl=1","width":350,"height":200,"srcset":"https:\/\/i0.wp.com\/www.labozero.org\/wp-content\/uploads\/2019\/08\/img_0830-150x150.jpg?resize=350%2C200&ssl=1 1x, https:\/\/i0.wp.com\/www.labozero.org\/wp-content\/uploads\/2019\/08\/img_0830-150x150.jpg?resize=525%2C300&ssl=1 1.5x"},"classes":[]},{"id":691,"url":"https:\/\/www.labozero.org\/index.php\/2019\/03\/20\/tchao-pantin\/","url_meta":{"origin":1031,"position":3},"title":"\u00ab\u00a0tchao Pantin\u00a0\u00bb","author":"labozero","date":"20 mars, 2019","format":false,"excerpt":"\u00a0 Voil\u00e0, une fois encore la sp\u00e9culation immobili\u00e8re et le b\u00e9tonnage intensif gagnent une bataille ! Le proc\u00e8s contre le collectif LaMifa qui nous accueillait se finalise sur\u00a0 une nouvelle mesure d\u2019expulsion qui est prononc\u00e9e pour le 8 Avril. Ce b\u00e2timent est vide depuis une dizaine d'ann\u00e9es et il semblerait\u2026","rel":"","context":"Dans &quot;Non class\u00e9&quot;","block_context":{"text":"Non class\u00e9","link":"https:\/\/www.labozero.org\/index.php\/category\/non-classe\/"},"img":{"alt_text":"","src":"https:\/\/i0.wp.com\/www.labozero.org\/wp-content\/uploads\/2019\/03\/vestaire-des-migrants-150x150.jpg?resize=350%2C200&ssl=1","width":350,"height":200,"srcset":"https:\/\/i0.wp.com\/www.labozero.org\/wp-content\/uploads\/2019\/03\/vestaire-des-migrants-150x150.jpg?resize=350%2C200&ssl=1 1x, https:\/\/i0.wp.com\/www.labozero.org\/wp-content\/uploads\/2019\/03\/vestaire-des-migrants-150x150.jpg?resize=525%2C300&ssl=1 1.5x, https:\/\/i0.wp.com\/www.labozero.org\/wp-content\/uploads\/2019\/03\/vestaire-des-migrants-150x150.jpg?resize=700%2C400&ssl=1 2x, https:\/\/i0.wp.com\/www.labozero.org\/wp-content\/uploads\/2019\/03\/vestaire-des-migrants-150x150.jpg?resize=1050%2C600&ssl=1 3x"},"classes":[]},{"id":643,"url":"https:\/\/www.labozero.org\/index.php\/2019\/02\/01\/le-ptit-leo-au-pays-des-grands\/","url_meta":{"origin":1031,"position":4},"title":"Le p&rsquo;tit L\u00e9\u00f8 au pays des grands","author":"labozero","date":"1 f\u00e9vrier, 2019","format":false,"excerpt":"15 jours sans comm' ... pour vous donner de grandes nouvelles ! \u00a0 Nous avons cr\u00e9\u00e9 l'association \"Le Laboratoire Ecologique \u00d8d\u00e9chet\" officiellement le 25 Janvier ! Nous avons un bureau, une assurance, bient\u00f4t un compte en banque et des adh\u00e9rents ! Si vous voulez officiellement nous soutenir et faire partie\u2026","rel":"","context":"Dans &quot;Non class\u00e9&quot;","block_context":{"text":"Non class\u00e9","link":"https:\/\/www.labozero.org\/index.php\/category\/non-classe\/"},"img":{"alt_text":"","src":"https:\/\/i0.wp.com\/www.labozero.org\/wp-content\/uploads\/2019\/02\/dsc_1041-150x150.jpg?resize=350%2C200&ssl=1","width":350,"height":200,"srcset":"https:\/\/i0.wp.com\/www.labozero.org\/wp-content\/uploads\/2019\/02\/dsc_1041-150x150.jpg?resize=350%2C200&ssl=1 1x, https:\/\/i0.wp.com\/www.labozero.org\/wp-content\/uploads\/2019\/02\/dsc_1041-150x150.jpg?resize=525%2C300&ssl=1 1.5x, https:\/\/i0.wp.com\/www.labozero.org\/wp-content\/uploads\/2019\/02\/dsc_1041-150x150.jpg?resize=700%2C400&ssl=1 2x"},"classes":[]},{"id":829,"url":"https:\/\/www.labozero.org\/index.php\/2019\/06\/29\/convergence-des-luttes\/","url_meta":{"origin":1031,"position":5},"title":"Convergence des luttes !","author":"labozero","date":"29 juin, 2019","format":false,"excerpt":"Depuis une dizaine de jours les \"goudoues de l'espace\" ont boss\u00e9 comme des folles pour r\u00e9aliser le char de t\u00eate de la Gay Pride. Soudure, d\u00e9co, pancartes mais aussi formation d\u2019autod\u00e9fense et d'encadrement de manif. \u00a0 Enfin des femmes en t\u00eate de cort\u00e8ge, enfin un v\u00e9hicule non motoris\u00e9 aussi !\u2026","rel":"","context":"Dans &quot;Non class\u00e9&quot;","block_context":{"text":"Non class\u00e9","link":"https:\/\/www.labozero.org\/index.php\/category\/non-classe\/"},"img":{"alt_text":"","src":"https:\/\/i0.wp.com\/www.labozero.org\/wp-content\/uploads\/2019\/06\/img_0764-150x150.jpg?resize=350%2C200&ssl=1","width":350,"height":200,"srcset":"https:\/\/i0.wp.com\/www.labozero.org\/wp-content\/uploads\/2019\/06\/img_0764-150x150.jpg?resize=350%2C200&ssl=1 1x, https:\/\/i0.wp.com\/www.labozero.org\/wp-content\/uploads\/2019\/06\/img_0764-150x150.jpg?resize=525%2C300&ssl=1 1.5x"},"classes":[]}],"jetpack_shortlink":"https:\/\/wp.me\/pbPs9A-gD","jetpack_sharing_enabled":true,"_links":{"self":[{"href":"https:\/\/www.labozero.org\/index.php\/wp-json\/wp\/v2\/posts\/1031","targetHints":{"allow":["GET"]}}],"collection":[{"href":"https:\/\/www.labozero.org\/index.php\/wp-json\/wp\/v2\/posts"}],"about":[{"href":"https:\/\/www.labozero.org\/index.php\/wp-json\/wp\/v2\/types\/post"}],"author":[{"embeddable":true,"href":"https:\/\/www.labozero.org\/index.php\/wp-json\/wp\/v2\/users\/2"}],"replies":[{"embeddable":true,"href":"https:\/\/www.labozero.org\/index.php\/wp-json\/wp\/v2\/comments?post=1031"}],"version-history":[{"count":0,"href":"https:\/\/www.labozero.org\/index.php\/wp-json\/wp\/v2\/posts\/1031\/revisions"}],"wp:attachment":[{"href":"https:\/\/www.labozero.org\/index.php\/wp-json\/wp\/v2\/media?parent=1031"}],"wp:term":[{"taxonomy":"category","embeddable":true,"href":"https:\/\/www.labozero.org\/index.php\/wp-json\/wp\/v2\/categories?post=1031"},{"taxonomy":"post_tag","embeddable":true,"href":"https:\/\/www.labozero.org\/index.php\/wp-json\/wp\/v2\/tags?post=1031"}],"curies":[{"name":"wp","href":"https:\/\/api.w.org\/{rel}","templated":true}]}}